{"id":9735,"date":"2017-01-09T15:49:22","date_gmt":"2017-01-09T14:49:22","guid":{"rendered":"http:\/\/www.bgf.rs\/lt\/?p=9735"},"modified":"2017-01-09T15:49:57","modified_gmt":"2017-01-09T14:49:57","slug":"audicije-za-zamenu","status":"publish","type":"post","link":"https:\/\/www.bgf.rs\/lt\/audicije-za-zamenu\/","title":{"rendered":"Audicije za zamenu"},"content":{"rendered":"<p>Ukoliko ste zainteresovani da privremeno budete deo na\u0161eg orkestra, primamo na ugovor nove kolege &#8211; upra\u017enjene su pozicije za jednu prvu violinu i jednu violu tutti.<br \/>\n&nbsp;<br \/>\nRok za prijavl\u0458ivanje je 20. januar, a sve informacije o uslovima konkurisanja i dal\u0458oj proceduri mo\u017eete dobiti u pravnoj slu\u017ebi Beogradske filharmonije. Upit mo\u017eete poslati putem imejla <a href=\"mailto:dusan.j@bgf.co.rs\">dusan.j@bgf.co.rs<\/a> ili telefonom 3285-910, lok. 108.<\/p>\n","protected":false},"excerpt":{"rendered":"<p>Ukoliko ste zainteresovani da privremeno budete deo na\u0161eg orkestra, primamo na ugovor nove kolege &#8211; upra\u017enjene su pozicije za jednu prvu violinu i jednu violu tutti. &nbsp; Rok za prijavl\u0458ivanje je 20. januar, a sve informacije o uslovima konkurisanja i dal\u0458oj proceduri mo\u017eete dobiti u pravnoj slu\u017ebi Beogradske filharmonije. Upit mo\u017eete poslati putem imejla dusan.j@bgf.co.rs [&hellip;]<\/p>\n","protected":false},"author":1,"featured_media":9733,"comment_status":"open","ping_status":"open","sticky":false,"template":"","format":"standard","meta":{"_acf_changed":false,"footnotes":""},"categories":[113],"tags":[],"class_list":["post-9735","post","type-post","status-publish","format-standard","has-post-thumbnail","hentry","category-news-lt"],"acf":[],"yoast_head":"<!-- This site is optimized with the Yoast SEO plugin v23.4 - https:\/\/yoast.com\/wordpress\/plugins\/seo\/ -->\n<title>Audicije za zamenu | Beogradska filharmonija<\/title>\n<meta name=\"robots\" content=\"index, follow, max-snippet:-1, max-image-preview:large, max-video-preview:-1\" \/>\n<link rel=\"canonical\" href=\"https:\/\/www.bgf.rs\/audicije-za-zamenu\/\" \/>\n<meta property=\"og:locale\" content=\"sr_RS\" \/>\n<meta property=\"og:type\" content=\"article\" \/>\n<meta property=\"og:title\" content=\"Audicije za zamenu | Beogradska filharmonija\" \/>\n<meta property=\"og:description\" content=\"Ukoliko ste zainteresovani da privremeno budete deo na\u0161eg orkestra, primamo na ugovor nove kolege &#8211; upra\u017enjene su pozicije za jednu prvu violinu i jednu violu tutti. &nbsp; Rok za prijavl\u0458ivanje je 20. januar, a sve informacije o uslovima konkurisanja i dal\u0458oj proceduri mo\u017eete dobiti u pravnoj slu\u017ebi Beogradske filharmonije. Upit mo\u017eete poslati putem imejla dusan.j@bgf.co.rs [&hellip;]\" \/>\n<meta property=\"og:url\" content=\"https:\/\/www.bgf.rs\/lt\/audicije-za-zamenu\/\" \/>\n<meta property=\"og:site_name\" content=\"Beogradska filharmonija\" \/>\n<meta property=\"article:published_time\" content=\"2017-01-09T14:49:22+00:00\" \/>\n<meta property=\"article:modified_time\" content=\"2017-01-09T14:49:57+00:00\" \/>\n<meta property=\"og:image\" content=\"https:\/\/www.bgf.rs\/wp-content\/uploads\/2017\/01\/113.jpg\" \/>\n\t<meta property=\"og:image:width\" content=\"1170\" \/>\n\t<meta property=\"og:image:height\" content=\"450\" \/>\n\t<meta property=\"og:image:type\" content=\"image\/jpeg\" \/>\n<meta name=\"author\" content=\"bgf\" \/>\n<meta name=\"twitter:card\" content=\"summary_large_image\" \/>\n<meta name=\"twitter:creator\" content=\"@BGFilharmonija\" \/>\n<meta name=\"twitter:site\" content=\"@BGFilharmonija\" \/>\n<meta name=\"twitter:label1\" content=\"\u041d\u0430\u043f\u0438\u0441\u0430\u043d\u043e \u043e\u0434\" \/>\n\t<meta name=\"twitter:data1\" content=\"bgf\" \/>\n<script type=\"application\/ld+json\" class=\"yoast-schema-graph\">{\"@context\":\"https:\/\/schema.org\",\"@graph\":[{\"@type\":\"WebPage\",\"@id\":\"https:\/\/www.bgf.rs\/lt\/audicije-za-zamenu\/\",\"url\":\"https:\/\/www.bgf.rs\/lt\/audicije-za-zamenu\/\",\"name\":\"Audicije za zamenu | Beogradska filharmonija\",\"isPartOf\":{\"@id\":\"https:\/\/www.bgf.rs\/#website\"},\"primaryImageOfPage\":{\"@id\":\"https:\/\/www.bgf.rs\/lt\/audicije-za-zamenu\/#primaryimage\"},\"image\":{\"@id\":\"https:\/\/www.bgf.rs\/lt\/audicije-za-zamenu\/#primaryimage\"},\"thumbnailUrl\":\"https:\/\/www.bgf.rs\/wp-content\/uploads\/2017\/01\/113.jpg\",\"datePublished\":\"2017-01-09T14:49:22+00:00\",\"dateModified\":\"2017-01-09T14:49:57+00:00\",\"author\":{\"@id\":\"https:\/\/www.bgf.rs\/#\/schema\/person\/46fa53958df31282374baf403ec8bc64\"},\"breadcrumb\":{\"@id\":\"https:\/\/www.bgf.rs\/lt\/audicije-za-zamenu\/#breadcrumb\"},\"inLanguage\":\"sr-RS\",\"potentialAction\":[{\"@type\":\"ReadAction\",\"target\":[\"https:\/\/www.bgf.rs\/lt\/audicije-za-zamenu\/\"]}]},{\"@type\":\"ImageObject\",\"inLanguage\":\"sr-RS\",\"@id\":\"https:\/\/www.bgf.rs\/lt\/audicije-za-zamenu\/#primaryimage\",\"url\":\"https:\/\/www.bgf.rs\/wp-content\/uploads\/2017\/01\/113.jpg\",\"contentUrl\":\"https:\/\/www.bgf.rs\/wp-content\/uploads\/2017\/01\/113.jpg\",\"width\":1170,\"height\":450,\"caption\":\"26. april 2013. U susret jubileju Dirigent: Muhai Tang B. Smetana: Moja domovina (Tabor i Blanik) R. Straus: Alpska simfonija Novi Sad, 25.04.2013. foto Marko Djokovic\/BEOGRADSKA FILHARMONIJA\"},{\"@type\":\"BreadcrumbList\",\"@id\":\"https:\/\/www.bgf.rs\/lt\/audicije-za-zamenu\/#breadcrumb\",\"itemListElement\":[{\"@type\":\"ListItem\",\"position\":1,\"name\":\"Home\",\"item\":\"https:\/\/www.bgf.rs\/\"},{\"@type\":\"ListItem\",\"position\":2,\"name\":\"Audicije za zamenu\"}]},{\"@type\":\"WebSite\",\"@id\":\"https:\/\/www.bgf.rs\/#website\",\"url\":\"https:\/\/www.bgf.rs\/\",\"name\":\"Beogradska filharmonija\",\"description\":\"Samo muzika - jer do\u017eivljaj nema cenu!\",\"potentialAction\":[{\"@type\":\"SearchAction\",\"target\":{\"@type\":\"EntryPoint\",\"urlTemplate\":\"https:\/\/www.bgf.rs\/?s={search_term_string}\"},\"query-input\":{\"@type\":\"PropertyValueSpecification\",\"valueRequired\":true,\"valueName\":\"search_term_string\"}}],\"inLanguage\":\"sr-RS\"},{\"@type\":\"Person\",\"@id\":\"https:\/\/www.bgf.rs\/#\/schema\/person\/46fa53958df31282374baf403ec8bc64\",\"name\":\"bgf\",\"image\":{\"@type\":\"ImageObject\",\"inLanguage\":\"sr-RS\",\"@id\":\"https:\/\/www.bgf.rs\/#\/schema\/person\/image\/\",\"url\":\"https:\/\/secure.gravatar.com\/avatar\/d576158b2e0a82c6bb7c436f39acc82ca27f10e4a45f05f58b6288c4d1f83d11?s=96&d=mm&r=g\",\"contentUrl\":\"https:\/\/secure.gravatar.com\/avatar\/d576158b2e0a82c6bb7c436f39acc82ca27f10e4a45f05f58b6288c4d1f83d11?s=96&d=mm&r=g\",\"caption\":\"bgf\"},\"url\":\"https:\/\/www.bgf.rs\/author\/bgf\/\"}]}<\/script>\n<!-- \/ Yoast SEO plugin. -->","yoast_head_json":{"title":"Audicije za zamenu | Beogradska filharmonija","robots":{"index":"index","follow":"follow","max-snippet":"max-snippet:-1","max-image-preview":"max-image-preview:large","max-video-preview":"max-video-preview:-1"},"canonical":"https:\/\/www.bgf.rs\/audicije-za-zamenu\/","og_locale":"sr_RS","og_type":"article","og_title":"Audicije za zamenu | Beogradska filharmonija","og_description":"Ukoliko ste zainteresovani da privremeno budete deo na\u0161eg orkestra, primamo na ugovor nove kolege &#8211; upra\u017enjene su pozicije za jednu prvu violinu i jednu violu tutti. &nbsp; Rok za prijavl\u0458ivanje je 20. januar, a sve informacije o uslovima konkurisanja i dal\u0458oj proceduri mo\u017eete dobiti u pravnoj slu\u017ebi Beogradske filharmonije. Upit mo\u017eete poslati putem imejla dusan.j@bgf.co.rs [&hellip;]","og_url":"https:\/\/www.bgf.rs\/lt\/audicije-za-zamenu\/","og_site_name":"Beogradska filharmonija","article_published_time":"2017-01-09T14:49:22+00:00","article_modified_time":"2017-01-09T14:49:57+00:00","og_image":[{"width":1170,"height":450,"url":"https:\/\/www.bgf.rs\/wp-content\/uploads\/2017\/01\/113.jpg","type":"image\/jpeg"}],"author":"bgf","twitter_card":"summary_large_image","twitter_creator":"@BGFilharmonija","twitter_site":"@BGFilharmonija","twitter_misc":{"\u041d\u0430\u043f\u0438\u0441\u0430\u043d\u043e \u043e\u0434":"bgf"},"schema":{"@context":"https:\/\/schema.org","@graph":[{"@type":"WebPage","@id":"https:\/\/www.bgf.rs\/lt\/audicije-za-zamenu\/","url":"https:\/\/www.bgf.rs\/lt\/audicije-za-zamenu\/","name":"Audicije za zamenu | Beogradska filharmonija","isPartOf":{"@id":"https:\/\/www.bgf.rs\/#website"},"primaryImageOfPage":{"@id":"https:\/\/www.bgf.rs\/lt\/audicije-za-zamenu\/#primaryimage"},"image":{"@id":"https:\/\/www.bgf.rs\/lt\/audicije-za-zamenu\/#primaryimage"},"thumbnailUrl":"https:\/\/www.bgf.rs\/wp-content\/uploads\/2017\/01\/113.jpg","datePublished":"2017-01-09T14:49:22+00:00","dateModified":"2017-01-09T14:49:57+00:00","author":{"@id":"https:\/\/www.bgf.rs\/#\/schema\/person\/46fa53958df31282374baf403ec8bc64"},"breadcrumb":{"@id":"https:\/\/www.bgf.rs\/lt\/audicije-za-zamenu\/#breadcrumb"},"inLanguage":"sr-RS","potentialAction":[{"@type":"ReadAction","target":["https:\/\/www.bgf.rs\/lt\/audicije-za-zamenu\/"]}]},{"@type":"ImageObject","inLanguage":"sr-RS","@id":"https:\/\/www.bgf.rs\/lt\/audicije-za-zamenu\/#primaryimage","url":"https:\/\/www.bgf.rs\/wp-content\/uploads\/2017\/01\/113.jpg","contentUrl":"https:\/\/www.bgf.rs\/wp-content\/uploads\/2017\/01\/113.jpg","width":1170,"height":450,"caption":"26. april 2013. U susret jubileju Dirigent: Muhai Tang B. Smetana: Moja domovina (Tabor i Blanik) R. Straus: Alpska simfonija Novi Sad, 25.04.2013. foto Marko Djokovic\/BEOGRADSKA FILHARMONIJA"},{"@type":"BreadcrumbList","@id":"https:\/\/www.bgf.rs\/lt\/audicije-za-zamenu\/#breadcrumb","itemListElement":[{"@type":"ListItem","position":1,"name":"Home","item":"https:\/\/www.bgf.rs\/"},{"@type":"ListItem","position":2,"name":"Audicije za zamenu"}]},{"@type":"WebSite","@id":"https:\/\/www.bgf.rs\/#website","url":"https:\/\/www.bgf.rs\/","name":"Beogradska filharmonija","description":"Samo muzika - jer do\u017eivljaj nema cenu!","potentialAction":[{"@type":"SearchAction","target":{"@type":"EntryPoint","urlTemplate":"https:\/\/www.bgf.rs\/?s={search_term_string}"},"query-input":{"@type":"PropertyValueSpecification","valueRequired":true,"valueName":"search_term_string"}}],"inLanguage":"sr-RS"},{"@type":"Person","@id":"https:\/\/www.bgf.rs\/#\/schema\/person\/46fa53958df31282374baf403ec8bc64","name":"bgf","image":{"@type":"ImageObject","inLanguage":"sr-RS","@id":"https:\/\/www.bgf.rs\/#\/schema\/person\/image\/","url":"https:\/\/secure.gravatar.com\/avatar\/d576158b2e0a82c6bb7c436f39acc82ca27f10e4a45f05f58b6288c4d1f83d11?s=96&d=mm&r=g","contentUrl":"https:\/\/secure.gravatar.com\/avatar\/d576158b2e0a82c6bb7c436f39acc82ca27f10e4a45f05f58b6288c4d1f83d11?s=96&d=mm&r=g","caption":"bgf"},"url":"https:\/\/www.bgf.rs\/author\/bgf\/"}]}},"_links":{"self":[{"href":"https:\/\/www.bgf.rs\/lt\/wp-json\/wp\/v2\/posts\/9735\/"}],"collection":[{"href":"https:\/\/www.bgf.rs\/lt\/wp-json\/wp\/v2\/posts\/"}],"about":[{"href":"https:\/\/www.bgf.rs\/lt\/wp-json\/wp\/v2\/types\/post\/"}],"author":[{"embeddable":true,"href":"https:\/\/www.bgf.rs\/lt\/wp-json\/wp\/v2\/users\/1\/"}],"replies":[{"embeddable":true,"href":"https:\/\/www.bgf.rs\/lt\/wp-json\/wp\/v2\/comments\/?post=9735"}],"version-history":[{"count":0,"href":"https:\/\/www.bgf.rs\/lt\/wp-json\/wp\/v2\/posts\/9735\/revisions\/"}],"wp:featuredmedia":[{"embeddable":true,"href":"https:\/\/www.bgf.rs\/lt\/wp-json\/wp\/v2\/media\/9733\/"}],"wp:attachment":[{"href":"https:\/\/www.bgf.rs\/lt\/wp-json\/wp\/v2\/media\/?parent=9735"}],"wp:term":[{"taxonomy":"category","embeddable":true,"href":"https:\/\/www.bgf.rs\/lt\/wp-json\/wp\/v2\/categories\/?post=9735"},{"taxonomy":"post_tag","embeddable":true,"href":"https:\/\/www.bgf.rs\/lt\/wp-json\/wp\/v2\/tags\/?post=9735"}],"curies":[{"name":"wp","href":"https:\/\/api.w.org\/{rel}","templated":true}]}}