{"id":9373,"date":"2016-11-29T15:09:32","date_gmt":"2016-11-29T14:09:32","guid":{"rendered":"http:\/\/www.bgf.rs\/lt\/?p=9373"},"modified":"2016-12-16T15:40:54","modified_gmt":"2016-12-16T14:40:54","slug":"kandidati-za-direktora-beogradske-filharmonije","status":"publish","type":"post","link":"https:\/\/www.bgf.rs\/lt\/kandidati-za-direktora-beogradske-filharmonije\/","title":{"rendered":"Kandidati za direktora Beogradske filharmonije"},"content":{"rendered":"<p>Upravni odbor Beogradske filharmonije je na sednici odr\u017eanoj 29. novembra, 2016. godine, otvorio pristigle prijave na javni konkurs za izbor direktora Beogradske filharmonije, koji je raspisan 10. novembra, 2016. godine.<\/p>\n<p>\u010clanovi Upravnog odbora konstatovali su da su stigle dve prijave, od kandidata &#8211; akademskih muzi\u010dara &#8211; Ljubi\u0161e Jovanovi\u0107a i Ivana Tasovca. Uvidom u prilo\u017eenu dokumentaciju \u010dlanovi Upravnog odbora konstatovali su da su kandidati podneli sva potrebna dokumenta, i da samim tim ispunjavaju formalno pravne uslove konkursa. Kandidati imaju odgovaruju\u0107u \u0161kolsku spremu, godine sta\u017ea na poslovima iz oblasti kulture i podneli su predloge rada i razvoja Beogradske filharmonije za naredni period.<\/p>\n<p>Ovi predlozi \u0107e biti objavl\u0458eni na internet adresi Beogradske filharmonije <a href=\"http:\/\/www.bgf.rs\/\">www.bgf.rs\/<\/a> bez potpisa kako bi zaposleni i \u0161ira javnost imala uvid. Zaposleni \u0107e imati prilike da se izjasne o predlo\u017eenim programima rada i razvoja Ustanove.<\/p>\n<p>U skladu sa Zakonom o kulturi i Statutom Beogradske filharmonije, Upravni odbor \u0107e obaviti razgovore sa kandidatima i u roku od 30 dana od dana zavr\u0161etka javnog konkursa dostaviti resornom ministarstvu obrazlo\u017eeni predlog liste kandidata, s mi\u0161l\u0458enjem o stru\u010dnim i organizacionim sposobnostima svakog kandidata i zapisnikom o obavl\u0458enom razgovoru.<\/p>\n<p>Predlo\u017eene programe rada i razvoja Ustanove mo\u017eete da pogledate ovde:<\/p>\n<p>1. <a href=\"http:\/\/www.bgf.rs\/\/wp-content\/uploads\/2016\/11\/Program-br.-1.pdf\">PROGRAM BROJ 1<\/a><br \/>\n2. <a href=\"http:\/\/www.bgf.rs\/\/wp-content\/uploads\/2016\/11\/Program-br.-2.pdf\">PROGRAM BROJ 2<\/a><\/p>\n","protected":false},"excerpt":{"rendered":"<p>Upravni odbor Beogradske filharmonije je na sednici odr\u017eanoj 29. novembra, 2016. godine, otvorio pristigle prijave na javni konkurs za izbor direktora Beogradske filharmonije, koji je raspisan 10. novembra, 2016. godine. \u010clanovi Upravnog odbora konstatovali su da su stigle dve prijave, od kandidata &#8211; akademskih muzi\u010dara &#8211; Ljubi\u0161e Jovanovi\u0107a i Ivana Tasovca. Uvidom u prilo\u017eenu dokumentaciju [&hellip;]<\/p>\n","protected":false},"author":1,"featured_media":9377,"comment_status":"open","ping_status":"open","sticky":false,"template":"","format":"standard","meta":{"_acf_changed":false,"footnotes":""},"categories":[113],"tags":[],"class_list":["post-9373","post","type-post","status-publish","format-standard","has-post-thumbnail","hentry","category-news-lt"],"acf":[],"yoast_head":"<!-- This site is optimized with the Yoast SEO plugin v23.4 - https:\/\/yoast.com\/wordpress\/plugins\/seo\/ -->\n<title>Kandidati za direktora Beogradske filharmonije | Beogradska filharmonija<\/title>\n<meta name=\"robots\" content=\"index, follow, max-snippet:-1, max-image-preview:large, max-video-preview:-1\" \/>\n<link rel=\"canonical\" href=\"https:\/\/www.bgf.rs\/kandidati-za-direktora-beogradske-filharmonije\/\" \/>\n<meta property=\"og:locale\" content=\"sr_RS\" \/>\n<meta property=\"og:type\" content=\"article\" \/>\n<meta property=\"og:title\" content=\"Kandidati za direktora Beogradske filharmonije | Beogradska filharmonija\" \/>\n<meta property=\"og:description\" content=\"Upravni odbor Beogradske filharmonije je na sednici odr\u017eanoj 29. novembra, 2016. godine, otvorio pristigle prijave na javni konkurs za izbor direktora Beogradske filharmonije, koji je raspisan 10. novembra, 2016. godine. \u010clanovi Upravnog odbora konstatovali su da su stigle dve prijave, od kandidata &#8211; akademskih muzi\u010dara &#8211; Ljubi\u0161e Jovanovi\u0107a i Ivana Tasovca. Uvidom u prilo\u017eenu dokumentaciju [&hellip;]\" \/>\n<meta property=\"og:url\" content=\"https:\/\/www.bgf.rs\/lt\/kandidati-za-direktora-beogradske-filharmonije\/\" \/>\n<meta property=\"og:site_name\" content=\"Beogradska filharmonija\" \/>\n<meta property=\"article:published_time\" content=\"2016-11-29T14:09:32+00:00\" \/>\n<meta property=\"article:modified_time\" content=\"2016-12-16T14:40:54+00:00\" \/>\n<meta property=\"og:image\" content=\"https:\/\/www.bgf.rs\/wp-content\/uploads\/2015\/11\/fascikle.jpg\" \/>\n\t<meta property=\"og:image:width\" content=\"1170\" \/>\n\t<meta property=\"og:image:height\" content=\"450\" \/>\n\t<meta property=\"og:image:type\" content=\"image\/jpeg\" \/>\n<meta name=\"author\" content=\"bgf\" \/>\n<meta name=\"twitter:card\" content=\"summary_large_image\" \/>\n<meta name=\"twitter:creator\" content=\"@BGFilharmonija\" \/>\n<meta name=\"twitter:site\" content=\"@BGFilharmonija\" \/>\n<meta name=\"twitter:label1\" content=\"\u041d\u0430\u043f\u0438\u0441\u0430\u043d\u043e \u043e\u0434\" \/>\n\t<meta name=\"twitter:data1\" content=\"bgf\" \/>\n\t<meta name=\"twitter:label2\" content=\"\u041f\u0440\u043e\u0446\u0435\u045a\u0435\u043d\u043e \u0432\u0440\u0435\u043c\u0435 \u0447\u0438\u0442\u0430\u045a\u0430\" \/>\n\t<meta name=\"twitter:data2\" content=\"1 \u043c\u0438\u043d\u0443\u0442\" \/>\n<script type=\"application\/ld+json\" class=\"yoast-schema-graph\">{\"@context\":\"https:\/\/schema.org\",\"@graph\":[{\"@type\":\"WebPage\",\"@id\":\"https:\/\/www.bgf.rs\/lt\/kandidati-za-direktora-beogradske-filharmonije\/\",\"url\":\"https:\/\/www.bgf.rs\/lt\/kandidati-za-direktora-beogradske-filharmonije\/\",\"name\":\"Kandidati za direktora Beogradske filharmonije | Beogradska filharmonija\",\"isPartOf\":{\"@id\":\"https:\/\/www.bgf.rs\/#website\"},\"primaryImageOfPage\":{\"@id\":\"https:\/\/www.bgf.rs\/lt\/kandidati-za-direktora-beogradske-filharmonije\/#primaryimage\"},\"image\":{\"@id\":\"https:\/\/www.bgf.rs\/lt\/kandidati-za-direktora-beogradske-filharmonije\/#primaryimage\"},\"thumbnailUrl\":\"https:\/\/www.bgf.rs\/wp-content\/uploads\/2015\/11\/fascikle.jpg\",\"datePublished\":\"2016-11-29T14:09:32+00:00\",\"dateModified\":\"2016-12-16T14:40:54+00:00\",\"author\":{\"@id\":\"https:\/\/www.bgf.rs\/#\/schema\/person\/46fa53958df31282374baf403ec8bc64\"},\"breadcrumb\":{\"@id\":\"https:\/\/www.bgf.rs\/lt\/kandidati-za-direktora-beogradske-filharmonije\/#breadcrumb\"},\"inLanguage\":\"sr-RS\",\"potentialAction\":[{\"@type\":\"ReadAction\",\"target\":[\"https:\/\/www.bgf.rs\/lt\/kandidati-za-direktora-beogradske-filharmonije\/\"]}]},{\"@type\":\"ImageObject\",\"inLanguage\":\"sr-RS\",\"@id\":\"https:\/\/www.bgf.rs\/lt\/kandidati-za-direktora-beogradske-filharmonije\/#primaryimage\",\"url\":\"https:\/\/www.bgf.rs\/wp-content\/uploads\/2015\/11\/fascikle.jpg\",\"contentUrl\":\"https:\/\/www.bgf.rs\/wp-content\/uploads\/2015\/11\/fascikle.jpg\",\"width\":1170,\"height\":450,\"caption\":\"15.11.2013. Klasicni ciklus Kristijan Mandeal, dirigent Nikolaj Luganski, klavir A. Sokolovic: Uvertira (porudzbina BF) S. Prokofjev: Koncert za klavir i orkestar br. 3 A. Dvorzak: Simfonija br. 8 Beograd, 15.11.2013. foto Marko Djokovic\/BEOGRADSKA FILHARMONIJA\"},{\"@type\":\"BreadcrumbList\",\"@id\":\"https:\/\/www.bgf.rs\/lt\/kandidati-za-direktora-beogradske-filharmonije\/#breadcrumb\",\"itemListElement\":[{\"@type\":\"ListItem\",\"position\":1,\"name\":\"Home\",\"item\":\"https:\/\/www.bgf.rs\/\"},{\"@type\":\"ListItem\",\"position\":2,\"name\":\"Kandidati za direktora Beogradske filharmonije\"}]},{\"@type\":\"WebSite\",\"@id\":\"https:\/\/www.bgf.rs\/#website\",\"url\":\"https:\/\/www.bgf.rs\/\",\"name\":\"Beogradska filharmonija\",\"description\":\"Samo muzika - jer do\u017eivljaj nema cenu!\",\"potentialAction\":[{\"@type\":\"SearchAction\",\"target\":{\"@type\":\"EntryPoint\",\"urlTemplate\":\"https:\/\/www.bgf.rs\/?s={search_term_string}\"},\"query-input\":{\"@type\":\"PropertyValueSpecification\",\"valueRequired\":true,\"valueName\":\"search_term_string\"}}],\"inLanguage\":\"sr-RS\"},{\"@type\":\"Person\",\"@id\":\"https:\/\/www.bgf.rs\/#\/schema\/person\/46fa53958df31282374baf403ec8bc64\",\"name\":\"bgf\",\"image\":{\"@type\":\"ImageObject\",\"inLanguage\":\"sr-RS\",\"@id\":\"https:\/\/www.bgf.rs\/#\/schema\/person\/image\/\",\"url\":\"https:\/\/secure.gravatar.com\/avatar\/d576158b2e0a82c6bb7c436f39acc82ca27f10e4a45f05f58b6288c4d1f83d11?s=96&d=mm&r=g\",\"contentUrl\":\"https:\/\/secure.gravatar.com\/avatar\/d576158b2e0a82c6bb7c436f39acc82ca27f10e4a45f05f58b6288c4d1f83d11?s=96&d=mm&r=g\",\"caption\":\"bgf\"},\"url\":\"https:\/\/www.bgf.rs\/author\/bgf\/\"}]}<\/script>\n<!-- \/ Yoast SEO plugin. -->","yoast_head_json":{"title":"Kandidati za direktora Beogradske filharmonije | Beogradska filharmonija","robots":{"index":"index","follow":"follow","max-snippet":"max-snippet:-1","max-image-preview":"max-image-preview:large","max-video-preview":"max-video-preview:-1"},"canonical":"https:\/\/www.bgf.rs\/kandidati-za-direktora-beogradske-filharmonije\/","og_locale":"sr_RS","og_type":"article","og_title":"Kandidati za direktora Beogradske filharmonije | Beogradska filharmonija","og_description":"Upravni odbor Beogradske filharmonije je na sednici odr\u017eanoj 29. novembra, 2016. godine, otvorio pristigle prijave na javni konkurs za izbor direktora Beogradske filharmonije, koji je raspisan 10. novembra, 2016. godine. \u010clanovi Upravnog odbora konstatovali su da su stigle dve prijave, od kandidata &#8211; akademskih muzi\u010dara &#8211; Ljubi\u0161e Jovanovi\u0107a i Ivana Tasovca. Uvidom u prilo\u017eenu dokumentaciju [&hellip;]","og_url":"https:\/\/www.bgf.rs\/lt\/kandidati-za-direktora-beogradske-filharmonije\/","og_site_name":"Beogradska filharmonija","article_published_time":"2016-11-29T14:09:32+00:00","article_modified_time":"2016-12-16T14:40:54+00:00","og_image":[{"width":1170,"height":450,"url":"https:\/\/www.bgf.rs\/wp-content\/uploads\/2015\/11\/fascikle.jpg","type":"image\/jpeg"}],"author":"bgf","twitter_card":"summary_large_image","twitter_creator":"@BGFilharmonija","twitter_site":"@BGFilharmonija","twitter_misc":{"\u041d\u0430\u043f\u0438\u0441\u0430\u043d\u043e \u043e\u0434":"bgf","\u041f\u0440\u043e\u0446\u0435\u045a\u0435\u043d\u043e \u0432\u0440\u0435\u043c\u0435 \u0447\u0438\u0442\u0430\u045a\u0430":"1 \u043c\u0438\u043d\u0443\u0442"},"schema":{"@context":"https:\/\/schema.org","@graph":[{"@type":"WebPage","@id":"https:\/\/www.bgf.rs\/lt\/kandidati-za-direktora-beogradske-filharmonije\/","url":"https:\/\/www.bgf.rs\/lt\/kandidati-za-direktora-beogradske-filharmonije\/","name":"Kandidati za direktora Beogradske filharmonije | Beogradska filharmonija","isPartOf":{"@id":"https:\/\/www.bgf.rs\/#website"},"primaryImageOfPage":{"@id":"https:\/\/www.bgf.rs\/lt\/kandidati-za-direktora-beogradske-filharmonije\/#primaryimage"},"image":{"@id":"https:\/\/www.bgf.rs\/lt\/kandidati-za-direktora-beogradske-filharmonije\/#primaryimage"},"thumbnailUrl":"https:\/\/www.bgf.rs\/wp-content\/uploads\/2015\/11\/fascikle.jpg","datePublished":"2016-11-29T14:09:32+00:00","dateModified":"2016-12-16T14:40:54+00:00","author":{"@id":"https:\/\/www.bgf.rs\/#\/schema\/person\/46fa53958df31282374baf403ec8bc64"},"breadcrumb":{"@id":"https:\/\/www.bgf.rs\/lt\/kandidati-za-direktora-beogradske-filharmonije\/#breadcrumb"},"inLanguage":"sr-RS","potentialAction":[{"@type":"ReadAction","target":["https:\/\/www.bgf.rs\/lt\/kandidati-za-direktora-beogradske-filharmonije\/"]}]},{"@type":"ImageObject","inLanguage":"sr-RS","@id":"https:\/\/www.bgf.rs\/lt\/kandidati-za-direktora-beogradske-filharmonije\/#primaryimage","url":"https:\/\/www.bgf.rs\/wp-content\/uploads\/2015\/11\/fascikle.jpg","contentUrl":"https:\/\/www.bgf.rs\/wp-content\/uploads\/2015\/11\/fascikle.jpg","width":1170,"height":450,"caption":"15.11.2013. Klasicni ciklus Kristijan Mandeal, dirigent Nikolaj Luganski, klavir A. Sokolovic: Uvertira (porudzbina BF) S. Prokofjev: Koncert za klavir i orkestar br. 3 A. Dvorzak: Simfonija br. 8 Beograd, 15.11.2013. foto Marko Djokovic\/BEOGRADSKA FILHARMONIJA"},{"@type":"BreadcrumbList","@id":"https:\/\/www.bgf.rs\/lt\/kandidati-za-direktora-beogradske-filharmonije\/#breadcrumb","itemListElement":[{"@type":"ListItem","position":1,"name":"Home","item":"https:\/\/www.bgf.rs\/"},{"@type":"ListItem","position":2,"name":"Kandidati za direktora Beogradske filharmonije"}]},{"@type":"WebSite","@id":"https:\/\/www.bgf.rs\/#website","url":"https:\/\/www.bgf.rs\/","name":"Beogradska filharmonija","description":"Samo muzika - jer do\u017eivljaj nema cenu!","potentialAction":[{"@type":"SearchAction","target":{"@type":"EntryPoint","urlTemplate":"https:\/\/www.bgf.rs\/?s={search_term_string}"},"query-input":{"@type":"PropertyValueSpecification","valueRequired":true,"valueName":"search_term_string"}}],"inLanguage":"sr-RS"},{"@type":"Person","@id":"https:\/\/www.bgf.rs\/#\/schema\/person\/46fa53958df31282374baf403ec8bc64","name":"bgf","image":{"@type":"ImageObject","inLanguage":"sr-RS","@id":"https:\/\/www.bgf.rs\/#\/schema\/person\/image\/","url":"https:\/\/secure.gravatar.com\/avatar\/d576158b2e0a82c6bb7c436f39acc82ca27f10e4a45f05f58b6288c4d1f83d11?s=96&d=mm&r=g","contentUrl":"https:\/\/secure.gravatar.com\/avatar\/d576158b2e0a82c6bb7c436f39acc82ca27f10e4a45f05f58b6288c4d1f83d11?s=96&d=mm&r=g","caption":"bgf"},"url":"https:\/\/www.bgf.rs\/author\/bgf\/"}]}},"_links":{"self":[{"href":"https:\/\/www.bgf.rs\/lt\/wp-json\/wp\/v2\/posts\/9373\/"}],"collection":[{"href":"https:\/\/www.bgf.rs\/lt\/wp-json\/wp\/v2\/posts\/"}],"about":[{"href":"https:\/\/www.bgf.rs\/lt\/wp-json\/wp\/v2\/types\/post\/"}],"author":[{"embeddable":true,"href":"https:\/\/www.bgf.rs\/lt\/wp-json\/wp\/v2\/users\/1\/"}],"replies":[{"embeddable":true,"href":"https:\/\/www.bgf.rs\/lt\/wp-json\/wp\/v2\/comments\/?post=9373"}],"version-history":[{"count":0,"href":"https:\/\/www.bgf.rs\/lt\/wp-json\/wp\/v2\/posts\/9373\/revisions\/"}],"wp:featuredmedia":[{"embeddable":true,"href":"https:\/\/www.bgf.rs\/lt\/wp-json\/wp\/v2\/media\/9377\/"}],"wp:attachment":[{"href":"https:\/\/www.bgf.rs\/lt\/wp-json\/wp\/v2\/media\/?parent=9373"}],"wp:term":[{"taxonomy":"category","embeddable":true,"href":"https:\/\/www.bgf.rs\/lt\/wp-json\/wp\/v2\/categories\/?post=9373"},{"taxonomy":"post_tag","embeddable":true,"href":"https:\/\/www.bgf.rs\/lt\/wp-json\/wp\/v2\/tags\/?post=9373"}],"curies":[{"name":"wp","href":"https:\/\/api.w.org\/{rel}","templated":true}]}}