{"id":8718,"date":"2016-10-21T10:50:44","date_gmt":"2016-10-21T10:50:44","guid":{"rendered":"http:\/\/www.bgf.rs\/lt\/?p=8718"},"modified":"2016-10-26T17:55:04","modified_gmt":"2016-10-26T17:55:04","slug":"zdravo-mi-smo-orkestar","status":"publish","type":"post","link":"https:\/\/www.bgf.rs\/lt\/zdravo-mi-smo-orkestar\/","title":{"rendered":"Zdravo, mi smo orkestar!"},"content":{"rendered":"<p>Beogradska filharmonija do\u010dekuje mali\u0161ane pred\u0161kolskog uzrasta u periodu od 20 \u2013 28. oktobra tokom ciklusa koncerata za decu, svakog radnog dana od 10 i 12 \u010dasova u filharmonijskoj sali. Zajedno sa dirigentom Aleksandrom Koji\u0107em i glumicom u ulozi naratora &#8211; Vladislavom Vacom \u0110or\u0111evi\u0107, Filharmonija \u0107e izvoditi program \u201eZdravo, mi smo orkestar\u201c, po scenariju Mine \u0106iri\u0107.<br \/>\n&nbsp;<br \/>\nUz muzi\u010dke numere australijskog kompozitora \u0160ona O\u2019Bojla klinci iz beogradskih vrti\u0107a \u0107e pratiti pri\u010du koja im na duhovit i njima prilago\u0111en na\u010din, donosi zaniml\u0458ivosti o orkestarskim instrumentima i pribli\u017eava im klasi\u010dnu muziku. Stvaranje originalnog scenarija je novina kada je u pitanju planiranje filharmonijskih programa za decu, te je mlada dramatur\u0161kinja Mina \u0106iri\u0107 napisala pri\u010du \u201cZdravo, mi smo orkestar\u201d o Kompozitorki i njenim prijateljima iz orkestra &#8211; instrumentima koji su se posva\u0111ali i ona mora da na\u0111e na\u010din da ih pomiri da bi koncert mogao da se odr\u017ei.<br \/>\n&nbsp;<br \/>\n\u201eMoj zadatak je bio da osmislim tekst koji \u0107e dvadeset kratkih kompozicija \u0160ona O\u2019Bojla povezati i obuhvatiti u jednu pri\u010du. Svaka od njih predstavlja mali monolog instrumenta tako da sam na postoja\u0107e likove iz orkestra dodala lik Kompozitorke koja nam prevodi jezik svojih prijatelja koji govore muzikom. U <em>Zdravo, mi smo orkestar <\/em>muzika i tekst se pro\u017eimaju i vode dijalog\u201c, obja\u0161njava Mina koja je kroz ovaj tekst spojila dve stvari koje najvi\u0161e voli \u2013 muziku i pisanje za decu.<br \/>\n&nbsp;<br \/>\nKompozitorku koja poku\u0161ava da pomiri posva\u0111ane instrumente i da upozna publiku sa njihovim \u201eproblemima\u201c glumi\u0107e Vaca \u0110or\u0111evi\u0107. Ona \u0107e klincima predstaviti kapricioznu gospo\u0111icu Pikolo flautu koja se \u010desto pravi pametna, Udaraljke i njihove \u017ealopojke da su premalo zastupljene u kompozicijama, Fagota koji se trudi da bude shva\u0107en ozbiljno a svi ga do\u017eivljavaju kao klovna, mirnu i samostalnu Obou koja se uvek pravi \u201ekul\u201c.<br \/>\n&nbsp;<br \/>\nProgramom \u201cZdravo, mi smo orkestar\u201d, Beogradska filharmonija\u00a0nastavl\u0458a tradiciju ciklusa koncerata za decu koji je u oktobru posve\u0107en pred\u0161kolcima. Druga polovina marta rezervisana je za mla\u0111e \u0161kolarce.<\/p>\n","protected":false},"excerpt":{"rendered":"<p>Beogradska filharmonija do\u010dekuje mali\u0161ane pred\u0161kolskog uzrasta u periodu od 20 \u2013 28. oktobra tokom ciklusa koncerata za decu, svakog radnog dana od 10 i 12 \u010dasova u filharmonijskoj sali. Zajedno sa dirigentom Aleksandrom Koji\u0107em i glumicom u ulozi naratora &#8211; Vladislavom Vacom \u0110or\u0111evi\u0107, Filharmonija \u0107e izvoditi program \u201eZdravo, mi smo orkestar\u201c, po scenariju Mine \u0106iri\u0107. [&hellip;]<\/p>\n","protected":false},"author":1,"featured_media":8624,"comment_status":"open","ping_status":"open","sticky":false,"template":"","format":"standard","meta":{"_acf_changed":false,"footnotes":""},"categories":[113],"tags":[],"class_list":["post-8718","post","type-post","status-publish","format-standard","has-post-thumbnail","hentry","category-news-lt"],"acf":[],"yoast_head":"<!-- This site is optimized with the Yoast SEO plugin v23.4 - https:\/\/yoast.com\/wordpress\/plugins\/seo\/ -->\n<title>Zdravo, mi smo orkestar! | Beogradska filharmonija<\/title>\n<meta name=\"robots\" content=\"index, follow, max-snippet:-1, max-image-preview:large, max-video-preview:-1\" \/>\n<link rel=\"canonical\" href=\"https:\/\/www.bgf.rs\/zdravo-mi-smo-orkestar\/\" \/>\n<meta property=\"og:locale\" content=\"sr_RS\" \/>\n<meta property=\"og:type\" content=\"article\" \/>\n<meta property=\"og:title\" content=\"Zdravo, mi smo orkestar! | Beogradska filharmonija\" \/>\n<meta property=\"og:description\" content=\"Beogradska filharmonija do\u010dekuje mali\u0161ane pred\u0161kolskog uzrasta u periodu od 20 \u2013 28. oktobra tokom ciklusa koncerata za decu, svakog radnog dana od 10 i 12 \u010dasova u filharmonijskoj sali. Zajedno sa dirigentom Aleksandrom Koji\u0107em i glumicom u ulozi naratora &#8211; Vladislavom Vacom \u0110or\u0111evi\u0107, Filharmonija \u0107e izvoditi program \u201eZdravo, mi smo orkestar\u201c, po scenariju Mine \u0106iri\u0107. [&hellip;]\" \/>\n<meta property=\"og:url\" content=\"https:\/\/www.bgf.rs\/lt\/zdravo-mi-smo-orkestar\/\" \/>\n<meta property=\"og:site_name\" content=\"Beogradska filharmonija\" \/>\n<meta property=\"article:published_time\" content=\"2016-10-21T10:50:44+00:00\" \/>\n<meta property=\"article:modified_time\" content=\"2016-10-26T17:55:04+00:00\" \/>\n<meta property=\"og:image\" content=\"https:\/\/www.bgf.rs\/wp-content\/uploads\/2016\/09\/1170x450.jpg\" \/>\n\t<meta property=\"og:image:width\" content=\"1170\" \/>\n\t<meta property=\"og:image:height\" content=\"450\" \/>\n\t<meta property=\"og:image:type\" content=\"image\/jpeg\" \/>\n<meta name=\"author\" content=\"bgf\" \/>\n<meta name=\"twitter:card\" content=\"summary_large_image\" \/>\n<meta name=\"twitter:creator\" content=\"@BGFilharmonija\" \/>\n<meta name=\"twitter:site\" content=\"@BGFilharmonija\" \/>\n<meta name=\"twitter:label1\" content=\"\u041d\u0430\u043f\u0438\u0441\u0430\u043d\u043e \u043e\u0434\" \/>\n\t<meta name=\"twitter:data1\" content=\"bgf\" \/>\n\t<meta name=\"twitter:label2\" content=\"\u041f\u0440\u043e\u0446\u0435\u045a\u0435\u043d\u043e \u0432\u0440\u0435\u043c\u0435 \u0447\u0438\u0442\u0430\u045a\u0430\" \/>\n\t<meta name=\"twitter:data2\" content=\"2 \u043c\u0438\u043d\u0443\u0442\u0430\" \/>\n<script type=\"application\/ld+json\" class=\"yoast-schema-graph\">{\"@context\":\"https:\/\/schema.org\",\"@graph\":[{\"@type\":\"WebPage\",\"@id\":\"https:\/\/www.bgf.rs\/lt\/zdravo-mi-smo-orkestar\/\",\"url\":\"https:\/\/www.bgf.rs\/lt\/zdravo-mi-smo-orkestar\/\",\"name\":\"Zdravo, mi smo orkestar! | Beogradska filharmonija\",\"isPartOf\":{\"@id\":\"https:\/\/www.bgf.rs\/#website\"},\"primaryImageOfPage\":{\"@id\":\"https:\/\/www.bgf.rs\/lt\/zdravo-mi-smo-orkestar\/#primaryimage\"},\"image\":{\"@id\":\"https:\/\/www.bgf.rs\/lt\/zdravo-mi-smo-orkestar\/#primaryimage\"},\"thumbnailUrl\":\"https:\/\/www.bgf.rs\/wp-content\/uploads\/2016\/09\/1170x450.jpg\",\"datePublished\":\"2016-10-21T10:50:44+00:00\",\"dateModified\":\"2016-10-26T17:55:04+00:00\",\"author\":{\"@id\":\"https:\/\/www.bgf.rs\/#\/schema\/person\/46fa53958df31282374baf403ec8bc64\"},\"breadcrumb\":{\"@id\":\"https:\/\/www.bgf.rs\/lt\/zdravo-mi-smo-orkestar\/#breadcrumb\"},\"inLanguage\":\"sr-RS\",\"potentialAction\":[{\"@type\":\"ReadAction\",\"target\":[\"https:\/\/www.bgf.rs\/lt\/zdravo-mi-smo-orkestar\/\"]}]},{\"@type\":\"ImageObject\",\"inLanguage\":\"sr-RS\",\"@id\":\"https:\/\/www.bgf.rs\/lt\/zdravo-mi-smo-orkestar\/#primaryimage\",\"url\":\"https:\/\/www.bgf.rs\/wp-content\/uploads\/2016\/09\/1170x450.jpg\",\"contentUrl\":\"https:\/\/www.bgf.rs\/wp-content\/uploads\/2016\/09\/1170x450.jpg\",\"width\":1170,\"height\":450},{\"@type\":\"BreadcrumbList\",\"@id\":\"https:\/\/www.bgf.rs\/lt\/zdravo-mi-smo-orkestar\/#breadcrumb\",\"itemListElement\":[{\"@type\":\"ListItem\",\"position\":1,\"name\":\"Home\",\"item\":\"https:\/\/www.bgf.rs\/\"},{\"@type\":\"ListItem\",\"position\":2,\"name\":\"Zdravo, mi smo orkestar!\"}]},{\"@type\":\"WebSite\",\"@id\":\"https:\/\/www.bgf.rs\/#website\",\"url\":\"https:\/\/www.bgf.rs\/\",\"name\":\"Beogradska filharmonija\",\"description\":\"Samo muzika - jer do\u017eivljaj nema cenu!\",\"potentialAction\":[{\"@type\":\"SearchAction\",\"target\":{\"@type\":\"EntryPoint\",\"urlTemplate\":\"https:\/\/www.bgf.rs\/?s={search_term_string}\"},\"query-input\":{\"@type\":\"PropertyValueSpecification\",\"valueRequired\":true,\"valueName\":\"search_term_string\"}}],\"inLanguage\":\"sr-RS\"},{\"@type\":\"Person\",\"@id\":\"https:\/\/www.bgf.rs\/#\/schema\/person\/46fa53958df31282374baf403ec8bc64\",\"name\":\"bgf\",\"image\":{\"@type\":\"ImageObject\",\"inLanguage\":\"sr-RS\",\"@id\":\"https:\/\/www.bgf.rs\/#\/schema\/person\/image\/\",\"url\":\"https:\/\/secure.gravatar.com\/avatar\/d576158b2e0a82c6bb7c436f39acc82ca27f10e4a45f05f58b6288c4d1f83d11?s=96&d=mm&r=g\",\"contentUrl\":\"https:\/\/secure.gravatar.com\/avatar\/d576158b2e0a82c6bb7c436f39acc82ca27f10e4a45f05f58b6288c4d1f83d11?s=96&d=mm&r=g\",\"caption\":\"bgf\"},\"url\":\"https:\/\/www.bgf.rs\/author\/bgf\/\"}]}<\/script>\n<!-- \/ Yoast SEO plugin. -->","yoast_head_json":{"title":"Zdravo, mi smo orkestar! | Beogradska filharmonija","robots":{"index":"index","follow":"follow","max-snippet":"max-snippet:-1","max-image-preview":"max-image-preview:large","max-video-preview":"max-video-preview:-1"},"canonical":"https:\/\/www.bgf.rs\/zdravo-mi-smo-orkestar\/","og_locale":"sr_RS","og_type":"article","og_title":"Zdravo, mi smo orkestar! | Beogradska filharmonija","og_description":"Beogradska filharmonija do\u010dekuje mali\u0161ane pred\u0161kolskog uzrasta u periodu od 20 \u2013 28. oktobra tokom ciklusa koncerata za decu, svakog radnog dana od 10 i 12 \u010dasova u filharmonijskoj sali. Zajedno sa dirigentom Aleksandrom Koji\u0107em i glumicom u ulozi naratora &#8211; Vladislavom Vacom \u0110or\u0111evi\u0107, Filharmonija \u0107e izvoditi program \u201eZdravo, mi smo orkestar\u201c, po scenariju Mine \u0106iri\u0107. [&hellip;]","og_url":"https:\/\/www.bgf.rs\/lt\/zdravo-mi-smo-orkestar\/","og_site_name":"Beogradska filharmonija","article_published_time":"2016-10-21T10:50:44+00:00","article_modified_time":"2016-10-26T17:55:04+00:00","og_image":[{"width":1170,"height":450,"url":"https:\/\/www.bgf.rs\/wp-content\/uploads\/2016\/09\/1170x450.jpg","type":"image\/jpeg"}],"author":"bgf","twitter_card":"summary_large_image","twitter_creator":"@BGFilharmonija","twitter_site":"@BGFilharmonija","twitter_misc":{"\u041d\u0430\u043f\u0438\u0441\u0430\u043d\u043e \u043e\u0434":"bgf","\u041f\u0440\u043e\u0446\u0435\u045a\u0435\u043d\u043e \u0432\u0440\u0435\u043c\u0435 \u0447\u0438\u0442\u0430\u045a\u0430":"2 \u043c\u0438\u043d\u0443\u0442\u0430"},"schema":{"@context":"https:\/\/schema.org","@graph":[{"@type":"WebPage","@id":"https:\/\/www.bgf.rs\/lt\/zdravo-mi-smo-orkestar\/","url":"https:\/\/www.bgf.rs\/lt\/zdravo-mi-smo-orkestar\/","name":"Zdravo, mi smo orkestar! | Beogradska filharmonija","isPartOf":{"@id":"https:\/\/www.bgf.rs\/#website"},"primaryImageOfPage":{"@id":"https:\/\/www.bgf.rs\/lt\/zdravo-mi-smo-orkestar\/#primaryimage"},"image":{"@id":"https:\/\/www.bgf.rs\/lt\/zdravo-mi-smo-orkestar\/#primaryimage"},"thumbnailUrl":"https:\/\/www.bgf.rs\/wp-content\/uploads\/2016\/09\/1170x450.jpg","datePublished":"2016-10-21T10:50:44+00:00","dateModified":"2016-10-26T17:55:04+00:00","author":{"@id":"https:\/\/www.bgf.rs\/#\/schema\/person\/46fa53958df31282374baf403ec8bc64"},"breadcrumb":{"@id":"https:\/\/www.bgf.rs\/lt\/zdravo-mi-smo-orkestar\/#breadcrumb"},"inLanguage":"sr-RS","potentialAction":[{"@type":"ReadAction","target":["https:\/\/www.bgf.rs\/lt\/zdravo-mi-smo-orkestar\/"]}]},{"@type":"ImageObject","inLanguage":"sr-RS","@id":"https:\/\/www.bgf.rs\/lt\/zdravo-mi-smo-orkestar\/#primaryimage","url":"https:\/\/www.bgf.rs\/wp-content\/uploads\/2016\/09\/1170x450.jpg","contentUrl":"https:\/\/www.bgf.rs\/wp-content\/uploads\/2016\/09\/1170x450.jpg","width":1170,"height":450},{"@type":"BreadcrumbList","@id":"https:\/\/www.bgf.rs\/lt\/zdravo-mi-smo-orkestar\/#breadcrumb","itemListElement":[{"@type":"ListItem","position":1,"name":"Home","item":"https:\/\/www.bgf.rs\/"},{"@type":"ListItem","position":2,"name":"Zdravo, mi smo orkestar!"}]},{"@type":"WebSite","@id":"https:\/\/www.bgf.rs\/#website","url":"https:\/\/www.bgf.rs\/","name":"Beogradska filharmonija","description":"Samo muzika - jer do\u017eivljaj nema cenu!","potentialAction":[{"@type":"SearchAction","target":{"@type":"EntryPoint","urlTemplate":"https:\/\/www.bgf.rs\/?s={search_term_string}"},"query-input":{"@type":"PropertyValueSpecification","valueRequired":true,"valueName":"search_term_string"}}],"inLanguage":"sr-RS"},{"@type":"Person","@id":"https:\/\/www.bgf.rs\/#\/schema\/person\/46fa53958df31282374baf403ec8bc64","name":"bgf","image":{"@type":"ImageObject","inLanguage":"sr-RS","@id":"https:\/\/www.bgf.rs\/#\/schema\/person\/image\/","url":"https:\/\/secure.gravatar.com\/avatar\/d576158b2e0a82c6bb7c436f39acc82ca27f10e4a45f05f58b6288c4d1f83d11?s=96&d=mm&r=g","contentUrl":"https:\/\/secure.gravatar.com\/avatar\/d576158b2e0a82c6bb7c436f39acc82ca27f10e4a45f05f58b6288c4d1f83d11?s=96&d=mm&r=g","caption":"bgf"},"url":"https:\/\/www.bgf.rs\/author\/bgf\/"}]}},"_links":{"self":[{"href":"https:\/\/www.bgf.rs\/lt\/wp-json\/wp\/v2\/posts\/8718\/"}],"collection":[{"href":"https:\/\/www.bgf.rs\/lt\/wp-json\/wp\/v2\/posts\/"}],"about":[{"href":"https:\/\/www.bgf.rs\/lt\/wp-json\/wp\/v2\/types\/post\/"}],"author":[{"embeddable":true,"href":"https:\/\/www.bgf.rs\/lt\/wp-json\/wp\/v2\/users\/1\/"}],"replies":[{"embeddable":true,"href":"https:\/\/www.bgf.rs\/lt\/wp-json\/wp\/v2\/comments\/?post=8718"}],"version-history":[{"count":0,"href":"https:\/\/www.bgf.rs\/lt\/wp-json\/wp\/v2\/posts\/8718\/revisions\/"}],"wp:featuredmedia":[{"embeddable":true,"href":"https:\/\/www.bgf.rs\/lt\/wp-json\/wp\/v2\/media\/8624\/"}],"wp:attachment":[{"href":"https:\/\/www.bgf.rs\/lt\/wp-json\/wp\/v2\/media\/?parent=8718"}],"wp:term":[{"taxonomy":"category","embeddable":true,"href":"https:\/\/www.bgf.rs\/lt\/wp-json\/wp\/v2\/categories\/?post=8718"},{"taxonomy":"post_tag","embeddable":true,"href":"https:\/\/www.bgf.rs\/lt\/wp-json\/wp\/v2\/tags\/?post=8718"}],"curies":[{"name":"wp","href":"https:\/\/api.w.org\/{rel}","templated":true}]}}