{"id":81883,"date":"2022-04-11T12:23:20","date_gmt":"2022-04-11T11:23:20","guid":{"rendered":"https:\/\/www.bgf.rs\/?p=81883"},"modified":"2022-04-11T12:24:43","modified_gmt":"2022-04-11T11:24:43","slug":"senzacionalna-alis-sara-ot-sa-beogradskom-filharmonijom","status":"publish","type":"post","link":"https:\/\/www.bgf.rs\/lt\/senzacionalna-alis-sara-ot-sa-beogradskom-filharmonijom\/","title":{"rendered":"Senzacionalna Alis Sara Ot sa Beogradskom filharmonijom"},"content":{"rendered":"<p>Beogradska filharmonija predstavlja jednu od najsjajnijih zvezda svetske klasi\u010dne muzike mla\u0111e generacije \u2013 spektakularnu pijanistkinju Alis Saru Ot, u petak 15. aprila (Kolarac 20\u010d). Pod upravom dirigenta Antonija Mendeza, pijanistkinja \u0107e svirati samo &#8211; levom rukom, a na programu su dela Ravela i Prokofjeva.<\/p>\n<p>Svestrana Alis Sara Ot, jedinstvena je pojava na muzi\u010dkoj sceni i jedan od najkreativnijih umova klasi\u010dne muzike. Lista njenih saradnika uklju\u010duje najatraktivnija svetska imena poput Gustava Dudamela, Ser Antonija Papana, Pava Jarvija, Vladmira A\u0161kenazija i mnoge druge. Ekskluzivna umetnica Doj\u010de Gramofona, tako\u0111e je talentovani ilustrator i dizajner. Alis Sara Ot kreirala je prepoznatljivu liniju torbi za JOST, jedan od vrhunskih nema\u010dkih modnih brendova. Tako\u0111e je bila globalni brend ambasador za <em>Technics<\/em> i sara\u0111ivala je sa francuskom ku\u0107om luksuznog nakita <em>Chaumet<\/em>, koja je deo LVMH grupe.<\/p>\n<p>Pijanistkinja \u0107e izvesti jednu od najatraktivnijih kompozicija napisanih za klavir, Koncert za levu ruku, Morisa Ravela. Kompozitor je ovo delo komponovao za austrijskog pijanistu Paula Vitgen\u0161tajna, koji je izgubio desnu ruku u Prvom svetskom ratu.<\/p>\n<p>Ceo filharmonijski program ovog petka u znaku je egzoti\u010dnih kompozcija pod upravom mladog \u0161panskog dirigenta Antonija Mendeza koji predvodi Beogradsku filharmoniju prvi put. Koncert zapo\u010dinje evociranjem senzualnih \u0161panskih flamenko ritmova u Ravelovoj kompoziciji <em>Alborada del gracioso<\/em>. A filharmonijsku publiku o\u010dekuje kulminacija u drugom delu koncerta kada \u0107e se dirigent predstaviti u punom svetlu sa jednim od omiljenih dela \u010ditavog klasi\u010dnog koncertnog repertoara \u2013 odlomcima iz baleta \u201cRomeo i Julija\u201d Sergeja Prokofjeva.<\/p>\n","protected":false},"excerpt":{"rendered":"<p>Beogradska filharmonija predstavlja jednu od najsjajnijih zvezda svetske klasi\u010dne muzike mla\u0111e generacije \u2013 spektakularnu pijanistkinju Alis Saru Ot, u petak 15. aprila (Kolarac 20\u010d). Pod upravom dirigenta Antonija Mendeza, pijanistkinja \u0107e svirati samo &#8211; levom rukom, a na programu su dela Ravela i Prokofjeva. Svestrana Alis Sara Ot, jedinstvena je pojava na muzi\u010dkoj sceni i [&hellip;]<\/p>\n","protected":false},"author":1,"featured_media":81882,"comment_status":"open","ping_status":"open","sticky":false,"template":"","format":"standard","meta":{"_acf_changed":false,"footnotes":""},"categories":[113],"tags":[],"class_list":["post-81883","post","type-post","status-publish","format-standard","has-post-thumbnail","hentry","category-news-lt"],"acf":[],"yoast_head":"<!-- This site is optimized with the Yoast SEO plugin v23.4 - https:\/\/yoast.com\/wordpress\/plugins\/seo\/ -->\n<title>Senzacionalna Alis Sara Ot sa Beogradskom filharmonijom | Beogradska filharmonija<\/title>\n<meta name=\"robots\" content=\"index, follow, max-snippet:-1, max-image-preview:large, max-video-preview:-1\" \/>\n<link rel=\"canonical\" href=\"https:\/\/www.bgf.rs\/senzacionalna-alis-sara-ot-sa-beogradskom-filharmonijom\/\" \/>\n<meta property=\"og:locale\" content=\"sr_RS\" \/>\n<meta property=\"og:type\" content=\"article\" \/>\n<meta property=\"og:title\" content=\"Senzacionalna Alis Sara Ot sa Beogradskom filharmonijom | Beogradska filharmonija\" \/>\n<meta property=\"og:description\" content=\"Beogradska filharmonija predstavlja jednu od najsjajnijih zvezda svetske klasi\u010dne muzike mla\u0111e generacije \u2013 spektakularnu pijanistkinju Alis Saru Ot, u petak 15. aprila (Kolarac 20\u010d). Pod upravom dirigenta Antonija Mendeza, pijanistkinja \u0107e svirati samo &#8211; levom rukom, a na programu su dela Ravela i Prokofjeva. Svestrana Alis Sara Ot, jedinstvena je pojava na muzi\u010dkoj sceni i [&hellip;]\" \/>\n<meta property=\"og:url\" content=\"https:\/\/www.bgf.rs\/lt\/senzacionalna-alis-sara-ot-sa-beogradskom-filharmonijom\/\" \/>\n<meta property=\"og:site_name\" content=\"Beogradska filharmonija\" \/>\n<meta property=\"article:published_time\" content=\"2022-04-11T11:23:20+00:00\" \/>\n<meta property=\"article:modified_time\" content=\"2022-04-11T11:24:43+00:00\" \/>\n<meta property=\"og:image\" content=\"http:\/\/www.bgf.rs\/wp-content\/uploads\/2022\/04\/FB_15.APR_.2022.jpg\" \/>\n\t<meta property=\"og:image:width\" content=\"1920\" \/>\n\t<meta property=\"og:image:height\" content=\"1005\" \/>\n\t<meta property=\"og:image:type\" content=\"image\/jpeg\" \/>\n<meta name=\"author\" content=\"bgf\" \/>\n<meta name=\"twitter:card\" content=\"summary_large_image\" \/>\n<meta name=\"twitter:creator\" content=\"@BGFilharmonija\" \/>\n<meta name=\"twitter:site\" content=\"@BGFilharmonija\" \/>\n<meta name=\"twitter:label1\" content=\"\u041d\u0430\u043f\u0438\u0441\u0430\u043d\u043e \u043e\u0434\" \/>\n\t<meta name=\"twitter:data1\" content=\"bgf\" \/>\n\t<meta name=\"twitter:label2\" content=\"\u041f\u0440\u043e\u0446\u0435\u045a\u0435\u043d\u043e \u0432\u0440\u0435\u043c\u0435 \u0447\u0438\u0442\u0430\u045a\u0430\" \/>\n\t<meta name=\"twitter:data2\" content=\"1 \u043c\u0438\u043d\u0443\u0442\" \/>\n<script type=\"application\/ld+json\" class=\"yoast-schema-graph\">{\"@context\":\"https:\/\/schema.org\",\"@graph\":[{\"@type\":\"WebPage\",\"@id\":\"https:\/\/www.bgf.rs\/lt\/senzacionalna-alis-sara-ot-sa-beogradskom-filharmonijom\/\",\"url\":\"https:\/\/www.bgf.rs\/lt\/senzacionalna-alis-sara-ot-sa-beogradskom-filharmonijom\/\",\"name\":\"Senzacionalna Alis Sara Ot sa Beogradskom filharmonijom | Beogradska filharmonija\",\"isPartOf\":{\"@id\":\"https:\/\/www.bgf.rs\/#website\"},\"primaryImageOfPage\":{\"@id\":\"https:\/\/www.bgf.rs\/lt\/senzacionalna-alis-sara-ot-sa-beogradskom-filharmonijom\/#primaryimage\"},\"image\":{\"@id\":\"https:\/\/www.bgf.rs\/lt\/senzacionalna-alis-sara-ot-sa-beogradskom-filharmonijom\/#primaryimage\"},\"thumbnailUrl\":\"https:\/\/www.bgf.rs\/wp-content\/uploads\/2022\/04\/FB_15.APR_.2022.jpg\",\"datePublished\":\"2022-04-11T11:23:20+00:00\",\"dateModified\":\"2022-04-11T11:24:43+00:00\",\"author\":{\"@id\":\"https:\/\/www.bgf.rs\/#\/schema\/person\/46fa53958df31282374baf403ec8bc64\"},\"breadcrumb\":{\"@id\":\"https:\/\/www.bgf.rs\/lt\/senzacionalna-alis-sara-ot-sa-beogradskom-filharmonijom\/#breadcrumb\"},\"inLanguage\":\"sr-RS\",\"potentialAction\":[{\"@type\":\"ReadAction\",\"target\":[\"https:\/\/www.bgf.rs\/lt\/senzacionalna-alis-sara-ot-sa-beogradskom-filharmonijom\/\"]}]},{\"@type\":\"ImageObject\",\"inLanguage\":\"sr-RS\",\"@id\":\"https:\/\/www.bgf.rs\/lt\/senzacionalna-alis-sara-ot-sa-beogradskom-filharmonijom\/#primaryimage\",\"url\":\"https:\/\/www.bgf.rs\/wp-content\/uploads\/2022\/04\/FB_15.APR_.2022.jpg\",\"contentUrl\":\"https:\/\/www.bgf.rs\/wp-content\/uploads\/2022\/04\/FB_15.APR_.2022.jpg\",\"width\":1920,\"height\":1005},{\"@type\":\"BreadcrumbList\",\"@id\":\"https:\/\/www.bgf.rs\/lt\/senzacionalna-alis-sara-ot-sa-beogradskom-filharmonijom\/#breadcrumb\",\"itemListElement\":[{\"@type\":\"ListItem\",\"position\":1,\"name\":\"Home\",\"item\":\"https:\/\/www.bgf.rs\/\"},{\"@type\":\"ListItem\",\"position\":2,\"name\":\"Senzacionalna Alis Sara Ot sa Beogradskom filharmonijom\"}]},{\"@type\":\"WebSite\",\"@id\":\"https:\/\/www.bgf.rs\/#website\",\"url\":\"https:\/\/www.bgf.rs\/\",\"name\":\"Beogradska filharmonija\",\"description\":\"Samo muzika - jer do\u017eivljaj nema cenu!\",\"potentialAction\":[{\"@type\":\"SearchAction\",\"target\":{\"@type\":\"EntryPoint\",\"urlTemplate\":\"https:\/\/www.bgf.rs\/?s={search_term_string}\"},\"query-input\":{\"@type\":\"PropertyValueSpecification\",\"valueRequired\":true,\"valueName\":\"search_term_string\"}}],\"inLanguage\":\"sr-RS\"},{\"@type\":\"Person\",\"@id\":\"https:\/\/www.bgf.rs\/#\/schema\/person\/46fa53958df31282374baf403ec8bc64\",\"name\":\"bgf\",\"image\":{\"@type\":\"ImageObject\",\"inLanguage\":\"sr-RS\",\"@id\":\"https:\/\/www.bgf.rs\/#\/schema\/person\/image\/\",\"url\":\"https:\/\/secure.gravatar.com\/avatar\/d576158b2e0a82c6bb7c436f39acc82ca27f10e4a45f05f58b6288c4d1f83d11?s=96&d=mm&r=g\",\"contentUrl\":\"https:\/\/secure.gravatar.com\/avatar\/d576158b2e0a82c6bb7c436f39acc82ca27f10e4a45f05f58b6288c4d1f83d11?s=96&d=mm&r=g\",\"caption\":\"bgf\"},\"url\":\"https:\/\/www.bgf.rs\/author\/bgf\/\"}]}<\/script>\n<!-- \/ Yoast SEO plugin. -->","yoast_head_json":{"title":"Senzacionalna Alis Sara Ot sa Beogradskom filharmonijom | Beogradska filharmonija","robots":{"index":"index","follow":"follow","max-snippet":"max-snippet:-1","max-image-preview":"max-image-preview:large","max-video-preview":"max-video-preview:-1"},"canonical":"https:\/\/www.bgf.rs\/senzacionalna-alis-sara-ot-sa-beogradskom-filharmonijom\/","og_locale":"sr_RS","og_type":"article","og_title":"Senzacionalna Alis Sara Ot sa Beogradskom filharmonijom | Beogradska filharmonija","og_description":"Beogradska filharmonija predstavlja jednu od najsjajnijih zvezda svetske klasi\u010dne muzike mla\u0111e generacije \u2013 spektakularnu pijanistkinju Alis Saru Ot, u petak 15. aprila (Kolarac 20\u010d). Pod upravom dirigenta Antonija Mendeza, pijanistkinja \u0107e svirati samo &#8211; levom rukom, a na programu su dela Ravela i Prokofjeva. Svestrana Alis Sara Ot, jedinstvena je pojava na muzi\u010dkoj sceni i [&hellip;]","og_url":"https:\/\/www.bgf.rs\/lt\/senzacionalna-alis-sara-ot-sa-beogradskom-filharmonijom\/","og_site_name":"Beogradska filharmonija","article_published_time":"2022-04-11T11:23:20+00:00","article_modified_time":"2022-04-11T11:24:43+00:00","og_image":[{"width":1920,"height":1005,"url":"http:\/\/www.bgf.rs\/wp-content\/uploads\/2022\/04\/FB_15.APR_.2022.jpg","type":"image\/jpeg"}],"author":"bgf","twitter_card":"summary_large_image","twitter_creator":"@BGFilharmonija","twitter_site":"@BGFilharmonija","twitter_misc":{"\u041d\u0430\u043f\u0438\u0441\u0430\u043d\u043e \u043e\u0434":"bgf","\u041f\u0440\u043e\u0446\u0435\u045a\u0435\u043d\u043e \u0432\u0440\u0435\u043c\u0435 \u0447\u0438\u0442\u0430\u045a\u0430":"1 \u043c\u0438\u043d\u0443\u0442"},"schema":{"@context":"https:\/\/schema.org","@graph":[{"@type":"WebPage","@id":"https:\/\/www.bgf.rs\/lt\/senzacionalna-alis-sara-ot-sa-beogradskom-filharmonijom\/","url":"https:\/\/www.bgf.rs\/lt\/senzacionalna-alis-sara-ot-sa-beogradskom-filharmonijom\/","name":"Senzacionalna Alis Sara Ot sa Beogradskom filharmonijom | Beogradska filharmonija","isPartOf":{"@id":"https:\/\/www.bgf.rs\/#website"},"primaryImageOfPage":{"@id":"https:\/\/www.bgf.rs\/lt\/senzacionalna-alis-sara-ot-sa-beogradskom-filharmonijom\/#primaryimage"},"image":{"@id":"https:\/\/www.bgf.rs\/lt\/senzacionalna-alis-sara-ot-sa-beogradskom-filharmonijom\/#primaryimage"},"thumbnailUrl":"https:\/\/www.bgf.rs\/wp-content\/uploads\/2022\/04\/FB_15.APR_.2022.jpg","datePublished":"2022-04-11T11:23:20+00:00","dateModified":"2022-04-11T11:24:43+00:00","author":{"@id":"https:\/\/www.bgf.rs\/#\/schema\/person\/46fa53958df31282374baf403ec8bc64"},"breadcrumb":{"@id":"https:\/\/www.bgf.rs\/lt\/senzacionalna-alis-sara-ot-sa-beogradskom-filharmonijom\/#breadcrumb"},"inLanguage":"sr-RS","potentialAction":[{"@type":"ReadAction","target":["https:\/\/www.bgf.rs\/lt\/senzacionalna-alis-sara-ot-sa-beogradskom-filharmonijom\/"]}]},{"@type":"ImageObject","inLanguage":"sr-RS","@id":"https:\/\/www.bgf.rs\/lt\/senzacionalna-alis-sara-ot-sa-beogradskom-filharmonijom\/#primaryimage","url":"https:\/\/www.bgf.rs\/wp-content\/uploads\/2022\/04\/FB_15.APR_.2022.jpg","contentUrl":"https:\/\/www.bgf.rs\/wp-content\/uploads\/2022\/04\/FB_15.APR_.2022.jpg","width":1920,"height":1005},{"@type":"BreadcrumbList","@id":"https:\/\/www.bgf.rs\/lt\/senzacionalna-alis-sara-ot-sa-beogradskom-filharmonijom\/#breadcrumb","itemListElement":[{"@type":"ListItem","position":1,"name":"Home","item":"https:\/\/www.bgf.rs\/"},{"@type":"ListItem","position":2,"name":"Senzacionalna Alis Sara Ot sa Beogradskom filharmonijom"}]},{"@type":"WebSite","@id":"https:\/\/www.bgf.rs\/#website","url":"https:\/\/www.bgf.rs\/","name":"Beogradska filharmonija","description":"Samo muzika - jer do\u017eivljaj nema cenu!","potentialAction":[{"@type":"SearchAction","target":{"@type":"EntryPoint","urlTemplate":"https:\/\/www.bgf.rs\/?s={search_term_string}"},"query-input":{"@type":"PropertyValueSpecification","valueRequired":true,"valueName":"search_term_string"}}],"inLanguage":"sr-RS"},{"@type":"Person","@id":"https:\/\/www.bgf.rs\/#\/schema\/person\/46fa53958df31282374baf403ec8bc64","name":"bgf","image":{"@type":"ImageObject","inLanguage":"sr-RS","@id":"https:\/\/www.bgf.rs\/#\/schema\/person\/image\/","url":"https:\/\/secure.gravatar.com\/avatar\/d576158b2e0a82c6bb7c436f39acc82ca27f10e4a45f05f58b6288c4d1f83d11?s=96&d=mm&r=g","contentUrl":"https:\/\/secure.gravatar.com\/avatar\/d576158b2e0a82c6bb7c436f39acc82ca27f10e4a45f05f58b6288c4d1f83d11?s=96&d=mm&r=g","caption":"bgf"},"url":"https:\/\/www.bgf.rs\/author\/bgf\/"}]}},"_links":{"self":[{"href":"https:\/\/www.bgf.rs\/lt\/wp-json\/wp\/v2\/posts\/81883\/"}],"collection":[{"href":"https:\/\/www.bgf.rs\/lt\/wp-json\/wp\/v2\/posts\/"}],"about":[{"href":"https:\/\/www.bgf.rs\/lt\/wp-json\/wp\/v2\/types\/post\/"}],"author":[{"embeddable":true,"href":"https:\/\/www.bgf.rs\/lt\/wp-json\/wp\/v2\/users\/1\/"}],"replies":[{"embeddable":true,"href":"https:\/\/www.bgf.rs\/lt\/wp-json\/wp\/v2\/comments\/?post=81883"}],"version-history":[{"count":0,"href":"https:\/\/www.bgf.rs\/lt\/wp-json\/wp\/v2\/posts\/81883\/revisions\/"}],"wp:featuredmedia":[{"embeddable":true,"href":"https:\/\/www.bgf.rs\/lt\/wp-json\/wp\/v2\/media\/81882\/"}],"wp:attachment":[{"href":"https:\/\/www.bgf.rs\/lt\/wp-json\/wp\/v2\/media\/?parent=81883"}],"wp:term":[{"taxonomy":"category","embeddable":true,"href":"https:\/\/www.bgf.rs\/lt\/wp-json\/wp\/v2\/categories\/?post=81883"},{"taxonomy":"post_tag","embeddable":true,"href":"https:\/\/www.bgf.rs\/lt\/wp-json\/wp\/v2\/tags\/?post=81883"}],"curies":[{"name":"wp","href":"https:\/\/api.w.org\/{rel}","templated":true}]}}