{"id":8046,"date":"2016-08-30T10:18:04","date_gmt":"2016-08-30T10:18:04","guid":{"rendered":"http:\/\/www.bgf.rs\/lt\/?p=8046"},"modified":"2016-08-30T10:18:58","modified_gmt":"2016-08-30T10:18:58","slug":"predmoskovske-veceri","status":"publish","type":"post","link":"https:\/\/www.bgf.rs\/lt\/predmoskovske-veceri\/","title":{"rendered":"Predmoskovske ve\u010deri"},"content":{"rendered":"<p>Uo\u010di velikog gostovanja sa violinistom Nemanjom Radulovi\u0107em u Moskvi, pod dirigentskom palicom Danijela Rajskina, muzi\u010dari \u0107e nastupiti dva puta na Kolarcu, 2. i 3. septembra od 20h. Tako \u0107e beogradska publika prva imati priliku da \u010duje program koji \u0107e nekoliko dana kasnije biti izveden u impresivnoj Sali \u201e\u010cajkovski\u201c, na koncertu kojim se otvara koncertna sezona \u010duvene Moskovske filharmonije.<br \/>\n&nbsp;<br \/>\nZa gostovanje u muzi\u010dkoj prestonici sveta Beogradska filharmonija priprema slovenski repertoar koji zapo\u010dinje \u201eFantazijom na srpske teme\u201c, Nikolaja Rimskog-Korsakova, a kruni\u0161e Simfonija br. 9 \u201eIz novog sveta\u201c, Antonjina Dvor\u017eaka. Violinisti\u010dki superstar, Nemanja Radulovi\u0107, interpretira\u0107e jedno od najpopularnijih dela pisanih za ovaj instrument, Koncert za violinu i orkestar, Arama Ha\u010daturijana.<br \/>\n&nbsp;<br \/>\nNemanja Radulovi\u0107 nestrpl\u0458ivo o\u010dekuje predstoje\u0107e koncerte sa Filharmonijom u Beogradu, kao i svoj debi u Moskvi: \u201eIzuzetno me raduju ovi nastupi budu\u0107i da je na repertoaru Ha\u010daturijanov koncert koji je vrlo virtuozan i vatren, a sa druge strane krajnje liri\u010dan. Ta muzika me uvek inspiri\u0161e na poseban na\u010din\u201c, ka\u017ee Nemanja, \u010dijom je harizmom odu\u0161evl\u0458en dirigent Danijel Rajskin: \u201eSara\u0111ujem sa ovim neverovatnim umetnikom prvi put i posebno je uzbudl\u0458ivo \u0161to \u0107emo nastupiti pred dve razli\u010dite publike. Koncert Beogradske filharmonije u Moskvi ujedno je i otvaranje koncertne sezone Moskovske filharmonije \u0161to za nas predstavl\u0458a veliki izazov ali i te\u017eak zadatak\u201c, ka\u017ee Rajskin, ponosan \u0161to \u0107e u svojoj domovini predvoditi orkestar koji smatra najzna\u010dajnijim predstavnikom srpske kulture.<br \/>\n&nbsp;<br \/>\nMoskovski koncert koji je zakazan za 6. septembar, prvi je nastup na\u0161eg orkestra u ovom gradu posle vi\u0161e od dvadeset godina. U svojoj istoriji Beogradska filharmonija bele\u017ei turneje po SSSR-u 1963. i 1978. godine. Za \u201ePredmoskovske ve\u010deri\u201c na Kolarcu vladalo je ogromno interesovanje tako da su ulaznice za oba koncerta rasprodate pre tri meseca i to za samo dva dana.<\/p>\n","protected":false},"excerpt":{"rendered":"<p>Uo\u010di velikog gostovanja sa violinistom Nemanjom Radulovi\u0107em u Moskvi, pod dirigentskom palicom Danijela Rajskina, muzi\u010dari \u0107e nastupiti dva puta na Kolarcu, 2. i 3. septembra od 20h. Tako \u0107e beogradska publika prva imati priliku da \u010duje program koji \u0107e nekoliko dana kasnije biti izveden u impresivnoj Sali \u201e\u010cajkovski\u201c, na koncertu kojim se otvara koncertna sezona [&hellip;]<\/p>\n","protected":false},"author":1,"featured_media":8044,"comment_status":"open","ping_status":"open","sticky":false,"template":"","format":"standard","meta":{"_acf_changed":false,"footnotes":""},"categories":[113],"tags":[],"class_list":["post-8046","post","type-post","status-publish","format-standard","has-post-thumbnail","hentry","category-news-lt"],"acf":[],"yoast_head":"<!-- This site is optimized with the Yoast SEO plugin v23.4 - https:\/\/yoast.com\/wordpress\/plugins\/seo\/ -->\n<title>Predmoskovske ve\u010deri | Beogradska filharmonija<\/title>\n<meta name=\"robots\" content=\"index, follow, max-snippet:-1, max-image-preview:large, max-video-preview:-1\" \/>\n<link rel=\"canonical\" href=\"https:\/\/www.bgf.rs\/predmoskovske-veceri\/\" \/>\n<meta property=\"og:locale\" content=\"sr_RS\" \/>\n<meta property=\"og:type\" content=\"article\" \/>\n<meta property=\"og:title\" content=\"Predmoskovske ve\u010deri | Beogradska filharmonija\" \/>\n<meta property=\"og:description\" content=\"Uo\u010di velikog gostovanja sa violinistom Nemanjom Radulovi\u0107em u Moskvi, pod dirigentskom palicom Danijela Rajskina, muzi\u010dari \u0107e nastupiti dva puta na Kolarcu, 2. i 3. septembra od 20h. Tako \u0107e beogradska publika prva imati priliku da \u010duje program koji \u0107e nekoliko dana kasnije biti izveden u impresivnoj Sali \u201e\u010cajkovski\u201c, na koncertu kojim se otvara koncertna sezona [&hellip;]\" \/>\n<meta property=\"og:url\" content=\"https:\/\/www.bgf.rs\/lt\/predmoskovske-veceri\/\" \/>\n<meta property=\"og:site_name\" content=\"Beogradska filharmonija\" \/>\n<meta property=\"article:published_time\" content=\"2016-08-30T10:18:04+00:00\" \/>\n<meta property=\"article:modified_time\" content=\"2016-08-30T10:18:58+00:00\" \/>\n<meta property=\"og:image\" content=\"https:\/\/www.bgf.rs\/wp-content\/uploads\/2016\/08\/Nemanja.jpg\" \/>\n\t<meta property=\"og:image:width\" content=\"1170\" \/>\n\t<meta property=\"og:image:height\" content=\"450\" \/>\n\t<meta property=\"og:image:type\" content=\"image\/jpeg\" \/>\n<meta name=\"author\" content=\"bgf\" \/>\n<meta name=\"twitter:card\" content=\"summary_large_image\" \/>\n<meta name=\"twitter:creator\" content=\"@BGFilharmonija\" \/>\n<meta name=\"twitter:site\" content=\"@BGFilharmonija\" \/>\n<meta name=\"twitter:label1\" content=\"\u041d\u0430\u043f\u0438\u0441\u0430\u043d\u043e \u043e\u0434\" \/>\n\t<meta name=\"twitter:data1\" content=\"bgf\" \/>\n\t<meta name=\"twitter:label2\" content=\"\u041f\u0440\u043e\u0446\u0435\u045a\u0435\u043d\u043e \u0432\u0440\u0435\u043c\u0435 \u0447\u0438\u0442\u0430\u045a\u0430\" \/>\n\t<meta name=\"twitter:data2\" content=\"2 \u043c\u0438\u043d\u0443\u0442\u0430\" \/>\n<script type=\"application\/ld+json\" class=\"yoast-schema-graph\">{\"@context\":\"https:\/\/schema.org\",\"@graph\":[{\"@type\":\"WebPage\",\"@id\":\"https:\/\/www.bgf.rs\/lt\/predmoskovske-veceri\/\",\"url\":\"https:\/\/www.bgf.rs\/lt\/predmoskovske-veceri\/\",\"name\":\"Predmoskovske ve\u010deri | Beogradska filharmonija\",\"isPartOf\":{\"@id\":\"https:\/\/www.bgf.rs\/#website\"},\"primaryImageOfPage\":{\"@id\":\"https:\/\/www.bgf.rs\/lt\/predmoskovske-veceri\/#primaryimage\"},\"image\":{\"@id\":\"https:\/\/www.bgf.rs\/lt\/predmoskovske-veceri\/#primaryimage\"},\"thumbnailUrl\":\"https:\/\/www.bgf.rs\/wp-content\/uploads\/2016\/08\/Nemanja.jpg\",\"datePublished\":\"2016-08-30T10:18:04+00:00\",\"dateModified\":\"2016-08-30T10:18:58+00:00\",\"author\":{\"@id\":\"https:\/\/www.bgf.rs\/#\/schema\/person\/46fa53958df31282374baf403ec8bc64\"},\"breadcrumb\":{\"@id\":\"https:\/\/www.bgf.rs\/lt\/predmoskovske-veceri\/#breadcrumb\"},\"inLanguage\":\"sr-RS\",\"potentialAction\":[{\"@type\":\"ReadAction\",\"target\":[\"https:\/\/www.bgf.rs\/lt\/predmoskovske-veceri\/\"]}]},{\"@type\":\"ImageObject\",\"inLanguage\":\"sr-RS\",\"@id\":\"https:\/\/www.bgf.rs\/lt\/predmoskovske-veceri\/#primaryimage\",\"url\":\"https:\/\/www.bgf.rs\/wp-content\/uploads\/2016\/08\/Nemanja.jpg\",\"contentUrl\":\"https:\/\/www.bgf.rs\/wp-content\/uploads\/2016\/08\/Nemanja.jpg\",\"width\":1170,\"height\":450},{\"@type\":\"BreadcrumbList\",\"@id\":\"https:\/\/www.bgf.rs\/lt\/predmoskovske-veceri\/#breadcrumb\",\"itemListElement\":[{\"@type\":\"ListItem\",\"position\":1,\"name\":\"Home\",\"item\":\"https:\/\/www.bgf.rs\/\"},{\"@type\":\"ListItem\",\"position\":2,\"name\":\"Predmoskovske ve\u010deri\"}]},{\"@type\":\"WebSite\",\"@id\":\"https:\/\/www.bgf.rs\/#website\",\"url\":\"https:\/\/www.bgf.rs\/\",\"name\":\"Beogradska filharmonija\",\"description\":\"Samo muzika - jer do\u017eivljaj nema cenu!\",\"potentialAction\":[{\"@type\":\"SearchAction\",\"target\":{\"@type\":\"EntryPoint\",\"urlTemplate\":\"https:\/\/www.bgf.rs\/?s={search_term_string}\"},\"query-input\":{\"@type\":\"PropertyValueSpecification\",\"valueRequired\":true,\"valueName\":\"search_term_string\"}}],\"inLanguage\":\"sr-RS\"},{\"@type\":\"Person\",\"@id\":\"https:\/\/www.bgf.rs\/#\/schema\/person\/46fa53958df31282374baf403ec8bc64\",\"name\":\"bgf\",\"image\":{\"@type\":\"ImageObject\",\"inLanguage\":\"sr-RS\",\"@id\":\"https:\/\/www.bgf.rs\/#\/schema\/person\/image\/\",\"url\":\"https:\/\/secure.gravatar.com\/avatar\/d576158b2e0a82c6bb7c436f39acc82ca27f10e4a45f05f58b6288c4d1f83d11?s=96&d=mm&r=g\",\"contentUrl\":\"https:\/\/secure.gravatar.com\/avatar\/d576158b2e0a82c6bb7c436f39acc82ca27f10e4a45f05f58b6288c4d1f83d11?s=96&d=mm&r=g\",\"caption\":\"bgf\"},\"url\":\"https:\/\/www.bgf.rs\/author\/bgf\/\"}]}<\/script>\n<!-- \/ Yoast SEO plugin. -->","yoast_head_json":{"title":"Predmoskovske ve\u010deri | Beogradska filharmonija","robots":{"index":"index","follow":"follow","max-snippet":"max-snippet:-1","max-image-preview":"max-image-preview:large","max-video-preview":"max-video-preview:-1"},"canonical":"https:\/\/www.bgf.rs\/predmoskovske-veceri\/","og_locale":"sr_RS","og_type":"article","og_title":"Predmoskovske ve\u010deri | Beogradska filharmonija","og_description":"Uo\u010di velikog gostovanja sa violinistom Nemanjom Radulovi\u0107em u Moskvi, pod dirigentskom palicom Danijela Rajskina, muzi\u010dari \u0107e nastupiti dva puta na Kolarcu, 2. i 3. septembra od 20h. Tako \u0107e beogradska publika prva imati priliku da \u010duje program koji \u0107e nekoliko dana kasnije biti izveden u impresivnoj Sali \u201e\u010cajkovski\u201c, na koncertu kojim se otvara koncertna sezona [&hellip;]","og_url":"https:\/\/www.bgf.rs\/lt\/predmoskovske-veceri\/","og_site_name":"Beogradska filharmonija","article_published_time":"2016-08-30T10:18:04+00:00","article_modified_time":"2016-08-30T10:18:58+00:00","og_image":[{"width":1170,"height":450,"url":"https:\/\/www.bgf.rs\/wp-content\/uploads\/2016\/08\/Nemanja.jpg","type":"image\/jpeg"}],"author":"bgf","twitter_card":"summary_large_image","twitter_creator":"@BGFilharmonija","twitter_site":"@BGFilharmonija","twitter_misc":{"\u041d\u0430\u043f\u0438\u0441\u0430\u043d\u043e \u043e\u0434":"bgf","\u041f\u0440\u043e\u0446\u0435\u045a\u0435\u043d\u043e \u0432\u0440\u0435\u043c\u0435 \u0447\u0438\u0442\u0430\u045a\u0430":"2 \u043c\u0438\u043d\u0443\u0442\u0430"},"schema":{"@context":"https:\/\/schema.org","@graph":[{"@type":"WebPage","@id":"https:\/\/www.bgf.rs\/lt\/predmoskovske-veceri\/","url":"https:\/\/www.bgf.rs\/lt\/predmoskovske-veceri\/","name":"Predmoskovske ve\u010deri | Beogradska filharmonija","isPartOf":{"@id":"https:\/\/www.bgf.rs\/#website"},"primaryImageOfPage":{"@id":"https:\/\/www.bgf.rs\/lt\/predmoskovske-veceri\/#primaryimage"},"image":{"@id":"https:\/\/www.bgf.rs\/lt\/predmoskovske-veceri\/#primaryimage"},"thumbnailUrl":"https:\/\/www.bgf.rs\/wp-content\/uploads\/2016\/08\/Nemanja.jpg","datePublished":"2016-08-30T10:18:04+00:00","dateModified":"2016-08-30T10:18:58+00:00","author":{"@id":"https:\/\/www.bgf.rs\/#\/schema\/person\/46fa53958df31282374baf403ec8bc64"},"breadcrumb":{"@id":"https:\/\/www.bgf.rs\/lt\/predmoskovske-veceri\/#breadcrumb"},"inLanguage":"sr-RS","potentialAction":[{"@type":"ReadAction","target":["https:\/\/www.bgf.rs\/lt\/predmoskovske-veceri\/"]}]},{"@type":"ImageObject","inLanguage":"sr-RS","@id":"https:\/\/www.bgf.rs\/lt\/predmoskovske-veceri\/#primaryimage","url":"https:\/\/www.bgf.rs\/wp-content\/uploads\/2016\/08\/Nemanja.jpg","contentUrl":"https:\/\/www.bgf.rs\/wp-content\/uploads\/2016\/08\/Nemanja.jpg","width":1170,"height":450},{"@type":"BreadcrumbList","@id":"https:\/\/www.bgf.rs\/lt\/predmoskovske-veceri\/#breadcrumb","itemListElement":[{"@type":"ListItem","position":1,"name":"Home","item":"https:\/\/www.bgf.rs\/"},{"@type":"ListItem","position":2,"name":"Predmoskovske ve\u010deri"}]},{"@type":"WebSite","@id":"https:\/\/www.bgf.rs\/#website","url":"https:\/\/www.bgf.rs\/","name":"Beogradska filharmonija","description":"Samo muzika - jer do\u017eivljaj nema cenu!","potentialAction":[{"@type":"SearchAction","target":{"@type":"EntryPoint","urlTemplate":"https:\/\/www.bgf.rs\/?s={search_term_string}"},"query-input":{"@type":"PropertyValueSpecification","valueRequired":true,"valueName":"search_term_string"}}],"inLanguage":"sr-RS"},{"@type":"Person","@id":"https:\/\/www.bgf.rs\/#\/schema\/person\/46fa53958df31282374baf403ec8bc64","name":"bgf","image":{"@type":"ImageObject","inLanguage":"sr-RS","@id":"https:\/\/www.bgf.rs\/#\/schema\/person\/image\/","url":"https:\/\/secure.gravatar.com\/avatar\/d576158b2e0a82c6bb7c436f39acc82ca27f10e4a45f05f58b6288c4d1f83d11?s=96&d=mm&r=g","contentUrl":"https:\/\/secure.gravatar.com\/avatar\/d576158b2e0a82c6bb7c436f39acc82ca27f10e4a45f05f58b6288c4d1f83d11?s=96&d=mm&r=g","caption":"bgf"},"url":"https:\/\/www.bgf.rs\/author\/bgf\/"}]}},"_links":{"self":[{"href":"https:\/\/www.bgf.rs\/lt\/wp-json\/wp\/v2\/posts\/8046\/"}],"collection":[{"href":"https:\/\/www.bgf.rs\/lt\/wp-json\/wp\/v2\/posts\/"}],"about":[{"href":"https:\/\/www.bgf.rs\/lt\/wp-json\/wp\/v2\/types\/post\/"}],"author":[{"embeddable":true,"href":"https:\/\/www.bgf.rs\/lt\/wp-json\/wp\/v2\/users\/1\/"}],"replies":[{"embeddable":true,"href":"https:\/\/www.bgf.rs\/lt\/wp-json\/wp\/v2\/comments\/?post=8046"}],"version-history":[{"count":0,"href":"https:\/\/www.bgf.rs\/lt\/wp-json\/wp\/v2\/posts\/8046\/revisions\/"}],"wp:featuredmedia":[{"embeddable":true,"href":"https:\/\/www.bgf.rs\/lt\/wp-json\/wp\/v2\/media\/8044\/"}],"wp:attachment":[{"href":"https:\/\/www.bgf.rs\/lt\/wp-json\/wp\/v2\/media\/?parent=8046"}],"wp:term":[{"taxonomy":"category","embeddable":true,"href":"https:\/\/www.bgf.rs\/lt\/wp-json\/wp\/v2\/categories\/?post=8046"},{"taxonomy":"post_tag","embeddable":true,"href":"https:\/\/www.bgf.rs\/lt\/wp-json\/wp\/v2\/tags\/?post=8046"}],"curies":[{"name":"wp","href":"https:\/\/api.w.org\/{rel}","templated":true}]}}