{"id":79990,"date":"2021-12-23T13:20:08","date_gmt":"2021-12-23T12:20:08","guid":{"rendered":"https:\/\/www.bgf.rs\/?p=79990"},"modified":"2021-12-23T13:20:45","modified_gmt":"2021-12-23T12:20:45","slug":"iznenadjenja-na-muzickom-bazaru","status":"publish","type":"post","link":"https:\/\/www.bgf.rs\/lt\/iznenadjenja-na-muzickom-bazaru\/","title":{"rendered":"Iznena\u0111enja na \u201eMuzi\u010dkom bazaru\u201c"},"content":{"rendered":"<p>Intenzivne pripreme Beogradske filharmonije za Novogodi\u0161nje koncerte sa dirigentom Danijelom Rajskinom za 24. i 25. decembar na Kolarcu, obele\u017eavaju neo\u010dekivani obrti koji su postali uobi\u010dajeni svugde u svetu. Najavljeni klarinetista Kari Kriku morao je da otka\u017ee dolazak zbog bolesti, ali je Filharmonija na\u0161la atraktivna re\u0161enja za Muzi\u010dki bazar.<\/p>\n<p>Pored toga \u0161to \u0107e ponuditi \u0161areni\u0161 melodija sa razli\u010ditih kulturnih meridijana, Muzi\u010dki bazar predstavlja multi-talente Beogradske filharmonije. Ekskluzivno za ovu priliku Kari Kriku je poklonio nekoliko numera Beogradskoj filharmoniji koje \u0107e izvesti Veljko Klenkovski, prvi klarinet orkestra. A mladi kolega, vi\u0161estruko talentovani perkusionista Milo\u0161 Branisavljevi\u0107, u nestvarno brzom roku je napisao atraktivnu kompoziciju \u201cBis\u201d u kojoj \u0107e, izme\u0111u ostalih, svoje akrobacije pokazati filharmonijski perkusionisti, poznati po\u00a0 ludim \u201cvratolomijama\u201d. Na repertoaru \u0107e se na\u0107i i dela violiste Konstantina Blagojevi\u0107a, jo\u0161 jednog primera super-talenta orkestra Beogradske filharmonije, budu\u0107i da se pored sviranja bavi kompozicijom i aran\u017eiranjem.<\/p>\n<p>Program novogodi\u0161njih koncerata tradicionalno je iznena\u0111enje za publiku koja ga strpljivo i\u0161\u010dekuje. Me\u0111utim, otkriva se da \u0107e se na Muzi\u010dkom bazaru na\u0107i \u010duveni \u201cDanson\u201d, Artura Markesa, ubedljivi pobednik prvog filharmonijskog koncerta za koga je publika glasala skoro 6 miliona puta kada se birao repertoar koji je orkestar izvodio ovom prilikom.<\/p>\n","protected":false},"excerpt":{"rendered":"<p>Intenzivne pripreme Beogradske filharmonije za Novogodi\u0161nje koncerte sa dirigentom Danijelom Rajskinom za 24. i 25. decembar na Kolarcu, obele\u017eavaju neo\u010dekivani obrti koji su postali uobi\u010dajeni svugde u svetu. Najavljeni klarinetista Kari Kriku morao je da otka\u017ee dolazak zbog bolesti, ali je Filharmonija na\u0161la atraktivna re\u0161enja za Muzi\u010dki bazar. Pored toga \u0161to \u0107e ponuditi \u0161areni\u0161 melodija [&hellip;]<\/p>\n","protected":false},"author":1,"featured_media":79989,"comment_status":"open","ping_status":"open","sticky":false,"template":"","format":"standard","meta":{"_acf_changed":false,"footnotes":""},"categories":[113],"tags":[],"class_list":["post-79990","post","type-post","status-publish","format-standard","has-post-thumbnail","hentry","category-news-lt"],"acf":[],"yoast_head":"<!-- This site is optimized with the Yoast SEO plugin v23.4 - https:\/\/yoast.com\/wordpress\/plugins\/seo\/ -->\n<title>Iznena\u0111enja na \u201eMuzi\u010dkom bazaru\u201c | Beogradska filharmonija<\/title>\n<meta name=\"robots\" content=\"index, follow, max-snippet:-1, max-image-preview:large, max-video-preview:-1\" \/>\n<link rel=\"canonical\" href=\"https:\/\/www.bgf.rs\/iznenadjenja-na-muzickom-bazaru\/\" \/>\n<meta property=\"og:locale\" content=\"sr_RS\" \/>\n<meta property=\"og:type\" content=\"article\" \/>\n<meta property=\"og:title\" content=\"Iznena\u0111enja na \u201eMuzi\u010dkom bazaru\u201c | Beogradska filharmonija\" \/>\n<meta property=\"og:description\" content=\"Intenzivne pripreme Beogradske filharmonije za Novogodi\u0161nje koncerte sa dirigentom Danijelom Rajskinom za 24. i 25. decembar na Kolarcu, obele\u017eavaju neo\u010dekivani obrti koji su postali uobi\u010dajeni svugde u svetu. Najavljeni klarinetista Kari Kriku morao je da otka\u017ee dolazak zbog bolesti, ali je Filharmonija na\u0161la atraktivna re\u0161enja za Muzi\u010dki bazar. Pored toga \u0161to \u0107e ponuditi \u0161areni\u0161 melodija [&hellip;]\" \/>\n<meta property=\"og:url\" content=\"https:\/\/www.bgf.rs\/lt\/iznenadjenja-na-muzickom-bazaru\/\" \/>\n<meta property=\"og:site_name\" content=\"Beogradska filharmonija\" \/>\n<meta property=\"article:published_time\" content=\"2021-12-23T12:20:08+00:00\" \/>\n<meta property=\"article:modified_time\" content=\"2021-12-23T12:20:45+00:00\" \/>\n<meta property=\"og:image\" content=\"https:\/\/www.bgf.rs\/wp-content\/uploads\/2021\/12\/MDJ270371.jpg\" \/>\n\t<meta property=\"og:image:width\" content=\"1200\" \/>\n\t<meta property=\"og:image:height\" content=\"800\" \/>\n\t<meta property=\"og:image:type\" content=\"image\/jpeg\" \/>\n<meta name=\"author\" content=\"bgf\" \/>\n<meta name=\"twitter:card\" content=\"summary_large_image\" \/>\n<meta name=\"twitter:creator\" content=\"@BGFilharmonija\" \/>\n<meta name=\"twitter:site\" content=\"@BGFilharmonija\" \/>\n<meta name=\"twitter:label1\" content=\"\u041d\u0430\u043f\u0438\u0441\u0430\u043d\u043e \u043e\u0434\" \/>\n\t<meta name=\"twitter:data1\" content=\"bgf\" \/>\n\t<meta name=\"twitter:label2\" content=\"\u041f\u0440\u043e\u0446\u0435\u045a\u0435\u043d\u043e \u0432\u0440\u0435\u043c\u0435 \u0447\u0438\u0442\u0430\u045a\u0430\" \/>\n\t<meta name=\"twitter:data2\" content=\"1 \u043c\u0438\u043d\u0443\u0442\" \/>\n<script type=\"application\/ld+json\" class=\"yoast-schema-graph\">{\"@context\":\"https:\/\/schema.org\",\"@graph\":[{\"@type\":\"WebPage\",\"@id\":\"https:\/\/www.bgf.rs\/lt\/iznenadjenja-na-muzickom-bazaru\/\",\"url\":\"https:\/\/www.bgf.rs\/lt\/iznenadjenja-na-muzickom-bazaru\/\",\"name\":\"Iznena\u0111enja na \u201eMuzi\u010dkom bazaru\u201c | Beogradska filharmonija\",\"isPartOf\":{\"@id\":\"https:\/\/www.bgf.rs\/#website\"},\"primaryImageOfPage\":{\"@id\":\"https:\/\/www.bgf.rs\/lt\/iznenadjenja-na-muzickom-bazaru\/#primaryimage\"},\"image\":{\"@id\":\"https:\/\/www.bgf.rs\/lt\/iznenadjenja-na-muzickom-bazaru\/#primaryimage\"},\"thumbnailUrl\":\"https:\/\/www.bgf.rs\/wp-content\/uploads\/2021\/12\/MDJ270371.jpg\",\"datePublished\":\"2021-12-23T12:20:08+00:00\",\"dateModified\":\"2021-12-23T12:20:45+00:00\",\"author\":{\"@id\":\"https:\/\/www.bgf.rs\/#\/schema\/person\/46fa53958df31282374baf403ec8bc64\"},\"breadcrumb\":{\"@id\":\"https:\/\/www.bgf.rs\/lt\/iznenadjenja-na-muzickom-bazaru\/#breadcrumb\"},\"inLanguage\":\"sr-RS\",\"potentialAction\":[{\"@type\":\"ReadAction\",\"target\":[\"https:\/\/www.bgf.rs\/lt\/iznenadjenja-na-muzickom-bazaru\/\"]}]},{\"@type\":\"ImageObject\",\"inLanguage\":\"sr-RS\",\"@id\":\"https:\/\/www.bgf.rs\/lt\/iznenadjenja-na-muzickom-bazaru\/#primaryimage\",\"url\":\"https:\/\/www.bgf.rs\/wp-content\/uploads\/2021\/12\/MDJ270371.jpg\",\"contentUrl\":\"https:\/\/www.bgf.rs\/wp-content\/uploads\/2021\/12\/MDJ270371.jpg\",\"width\":1200,\"height\":800,\"caption\":\"01.11.2021. sezona 2021\/2022 Bas smo vas se uzeleli (BEMUS) Dirigent: Marko Parizoto Solista: Nemanja Radulovic, violina M. I. Glinka: Ruslan i Ljudmila, uvertira S. Prokofjev: Koncert za violinu i orkestar br. 2 S. Rahmanjinov: Simfonija br. 1 art Beograd, 01.11.2021. foto Marko Djokovic\/BEOGRADSKA FILHARMONIJA\"},{\"@type\":\"BreadcrumbList\",\"@id\":\"https:\/\/www.bgf.rs\/lt\/iznenadjenja-na-muzickom-bazaru\/#breadcrumb\",\"itemListElement\":[{\"@type\":\"ListItem\",\"position\":1,\"name\":\"Home\",\"item\":\"https:\/\/www.bgf.rs\/\"},{\"@type\":\"ListItem\",\"position\":2,\"name\":\"Iznena\u0111enja na \u201eMuzi\u010dkom bazaru\u201c\"}]},{\"@type\":\"WebSite\",\"@id\":\"https:\/\/www.bgf.rs\/#website\",\"url\":\"https:\/\/www.bgf.rs\/\",\"name\":\"Beogradska filharmonija\",\"description\":\"Samo muzika - jer do\u017eivljaj nema cenu!\",\"potentialAction\":[{\"@type\":\"SearchAction\",\"target\":{\"@type\":\"EntryPoint\",\"urlTemplate\":\"https:\/\/www.bgf.rs\/?s={search_term_string}\"},\"query-input\":{\"@type\":\"PropertyValueSpecification\",\"valueRequired\":true,\"valueName\":\"search_term_string\"}}],\"inLanguage\":\"sr-RS\"},{\"@type\":\"Person\",\"@id\":\"https:\/\/www.bgf.rs\/#\/schema\/person\/46fa53958df31282374baf403ec8bc64\",\"name\":\"bgf\",\"image\":{\"@type\":\"ImageObject\",\"inLanguage\":\"sr-RS\",\"@id\":\"https:\/\/www.bgf.rs\/#\/schema\/person\/image\/\",\"url\":\"https:\/\/secure.gravatar.com\/avatar\/d576158b2e0a82c6bb7c436f39acc82ca27f10e4a45f05f58b6288c4d1f83d11?s=96&d=mm&r=g\",\"contentUrl\":\"https:\/\/secure.gravatar.com\/avatar\/d576158b2e0a82c6bb7c436f39acc82ca27f10e4a45f05f58b6288c4d1f83d11?s=96&d=mm&r=g\",\"caption\":\"bgf\"},\"url\":\"https:\/\/www.bgf.rs\/author\/bgf\/\"}]}<\/script>\n<!-- \/ Yoast SEO plugin. -->","yoast_head_json":{"title":"Iznena\u0111enja na \u201eMuzi\u010dkom bazaru\u201c | Beogradska filharmonija","robots":{"index":"index","follow":"follow","max-snippet":"max-snippet:-1","max-image-preview":"max-image-preview:large","max-video-preview":"max-video-preview:-1"},"canonical":"https:\/\/www.bgf.rs\/iznenadjenja-na-muzickom-bazaru\/","og_locale":"sr_RS","og_type":"article","og_title":"Iznena\u0111enja na \u201eMuzi\u010dkom bazaru\u201c | Beogradska filharmonija","og_description":"Intenzivne pripreme Beogradske filharmonije za Novogodi\u0161nje koncerte sa dirigentom Danijelom Rajskinom za 24. i 25. decembar na Kolarcu, obele\u017eavaju neo\u010dekivani obrti koji su postali uobi\u010dajeni svugde u svetu. Najavljeni klarinetista Kari Kriku morao je da otka\u017ee dolazak zbog bolesti, ali je Filharmonija na\u0161la atraktivna re\u0161enja za Muzi\u010dki bazar. Pored toga \u0161to \u0107e ponuditi \u0161areni\u0161 melodija [&hellip;]","og_url":"https:\/\/www.bgf.rs\/lt\/iznenadjenja-na-muzickom-bazaru\/","og_site_name":"Beogradska filharmonija","article_published_time":"2021-12-23T12:20:08+00:00","article_modified_time":"2021-12-23T12:20:45+00:00","og_image":[{"width":1200,"height":800,"url":"https:\/\/www.bgf.rs\/wp-content\/uploads\/2021\/12\/MDJ270371.jpg","type":"image\/jpeg"}],"author":"bgf","twitter_card":"summary_large_image","twitter_creator":"@BGFilharmonija","twitter_site":"@BGFilharmonija","twitter_misc":{"\u041d\u0430\u043f\u0438\u0441\u0430\u043d\u043e \u043e\u0434":"bgf","\u041f\u0440\u043e\u0446\u0435\u045a\u0435\u043d\u043e \u0432\u0440\u0435\u043c\u0435 \u0447\u0438\u0442\u0430\u045a\u0430":"1 \u043c\u0438\u043d\u0443\u0442"},"schema":{"@context":"https:\/\/schema.org","@graph":[{"@type":"WebPage","@id":"https:\/\/www.bgf.rs\/lt\/iznenadjenja-na-muzickom-bazaru\/","url":"https:\/\/www.bgf.rs\/lt\/iznenadjenja-na-muzickom-bazaru\/","name":"Iznena\u0111enja na \u201eMuzi\u010dkom bazaru\u201c | Beogradska filharmonija","isPartOf":{"@id":"https:\/\/www.bgf.rs\/#website"},"primaryImageOfPage":{"@id":"https:\/\/www.bgf.rs\/lt\/iznenadjenja-na-muzickom-bazaru\/#primaryimage"},"image":{"@id":"https:\/\/www.bgf.rs\/lt\/iznenadjenja-na-muzickom-bazaru\/#primaryimage"},"thumbnailUrl":"https:\/\/www.bgf.rs\/wp-content\/uploads\/2021\/12\/MDJ270371.jpg","datePublished":"2021-12-23T12:20:08+00:00","dateModified":"2021-12-23T12:20:45+00:00","author":{"@id":"https:\/\/www.bgf.rs\/#\/schema\/person\/46fa53958df31282374baf403ec8bc64"},"breadcrumb":{"@id":"https:\/\/www.bgf.rs\/lt\/iznenadjenja-na-muzickom-bazaru\/#breadcrumb"},"inLanguage":"sr-RS","potentialAction":[{"@type":"ReadAction","target":["https:\/\/www.bgf.rs\/lt\/iznenadjenja-na-muzickom-bazaru\/"]}]},{"@type":"ImageObject","inLanguage":"sr-RS","@id":"https:\/\/www.bgf.rs\/lt\/iznenadjenja-na-muzickom-bazaru\/#primaryimage","url":"https:\/\/www.bgf.rs\/wp-content\/uploads\/2021\/12\/MDJ270371.jpg","contentUrl":"https:\/\/www.bgf.rs\/wp-content\/uploads\/2021\/12\/MDJ270371.jpg","width":1200,"height":800,"caption":"01.11.2021. sezona 2021\/2022 Bas smo vas se uzeleli (BEMUS) Dirigent: Marko Parizoto Solista: Nemanja Radulovic, violina M. I. Glinka: Ruslan i Ljudmila, uvertira S. Prokofjev: Koncert za violinu i orkestar br. 2 S. Rahmanjinov: Simfonija br. 1 art Beograd, 01.11.2021. foto Marko Djokovic\/BEOGRADSKA FILHARMONIJA"},{"@type":"BreadcrumbList","@id":"https:\/\/www.bgf.rs\/lt\/iznenadjenja-na-muzickom-bazaru\/#breadcrumb","itemListElement":[{"@type":"ListItem","position":1,"name":"Home","item":"https:\/\/www.bgf.rs\/"},{"@type":"ListItem","position":2,"name":"Iznena\u0111enja na \u201eMuzi\u010dkom bazaru\u201c"}]},{"@type":"WebSite","@id":"https:\/\/www.bgf.rs\/#website","url":"https:\/\/www.bgf.rs\/","name":"Beogradska filharmonija","description":"Samo muzika - jer do\u017eivljaj nema cenu!","potentialAction":[{"@type":"SearchAction","target":{"@type":"EntryPoint","urlTemplate":"https:\/\/www.bgf.rs\/?s={search_term_string}"},"query-input":{"@type":"PropertyValueSpecification","valueRequired":true,"valueName":"search_term_string"}}],"inLanguage":"sr-RS"},{"@type":"Person","@id":"https:\/\/www.bgf.rs\/#\/schema\/person\/46fa53958df31282374baf403ec8bc64","name":"bgf","image":{"@type":"ImageObject","inLanguage":"sr-RS","@id":"https:\/\/www.bgf.rs\/#\/schema\/person\/image\/","url":"https:\/\/secure.gravatar.com\/avatar\/d576158b2e0a82c6bb7c436f39acc82ca27f10e4a45f05f58b6288c4d1f83d11?s=96&d=mm&r=g","contentUrl":"https:\/\/secure.gravatar.com\/avatar\/d576158b2e0a82c6bb7c436f39acc82ca27f10e4a45f05f58b6288c4d1f83d11?s=96&d=mm&r=g","caption":"bgf"},"url":"https:\/\/www.bgf.rs\/author\/bgf\/"}]}},"_links":{"self":[{"href":"https:\/\/www.bgf.rs\/lt\/wp-json\/wp\/v2\/posts\/79990\/"}],"collection":[{"href":"https:\/\/www.bgf.rs\/lt\/wp-json\/wp\/v2\/posts\/"}],"about":[{"href":"https:\/\/www.bgf.rs\/lt\/wp-json\/wp\/v2\/types\/post\/"}],"author":[{"embeddable":true,"href":"https:\/\/www.bgf.rs\/lt\/wp-json\/wp\/v2\/users\/1\/"}],"replies":[{"embeddable":true,"href":"https:\/\/www.bgf.rs\/lt\/wp-json\/wp\/v2\/comments\/?post=79990"}],"version-history":[{"count":0,"href":"https:\/\/www.bgf.rs\/lt\/wp-json\/wp\/v2\/posts\/79990\/revisions\/"}],"wp:featuredmedia":[{"embeddable":true,"href":"https:\/\/www.bgf.rs\/lt\/wp-json\/wp\/v2\/media\/79989\/"}],"wp:attachment":[{"href":"https:\/\/www.bgf.rs\/lt\/wp-json\/wp\/v2\/media\/?parent=79990"}],"wp:term":[{"taxonomy":"category","embeddable":true,"href":"https:\/\/www.bgf.rs\/lt\/wp-json\/wp\/v2\/categories\/?post=79990"},{"taxonomy":"post_tag","embeddable":true,"href":"https:\/\/www.bgf.rs\/lt\/wp-json\/wp\/v2\/tags\/?post=79990"}],"curies":[{"name":"wp","href":"https:\/\/api.w.org\/{rel}","templated":true}]}}