{"id":7944,"date":"2016-07-22T08:42:18","date_gmt":"2016-07-22T08:42:18","guid":{"rendered":"http:\/\/www.bgf.rs\/lt\/?p=7944"},"modified":"2016-07-23T18:30:29","modified_gmt":"2016-07-23T18:30:29","slug":"top-15-iz-filharmonijske-sezone-2015-16","status":"publish","type":"post","link":"https:\/\/www.bgf.rs\/lt\/top-15-iz-filharmonijske-sezone-2015-16\/","title":{"rendered":"Top 15 iz filharmonijske sezone 2015\/16"},"content":{"rendered":"<p><strong><a href=\"http:\/\/www.bgf.rs\/\/lt\/repertoar_cp\/gala-koncert-zubin-mehta\/\">1. Titan za dirigentskim pultom<\/a><\/strong><br \/>\n&nbsp;<br \/>\nPetominutne stoje\u0107e ovacije ispratile su osmi zajedni\u010dki koncert legendarnog maestra Zubina Mehte i orkestra Filharmonije, koji je odr\u017ean 20. septembra 2015. godine. Jedinstveni Mehta neumorno promovi\u0161e svoje prijatel\u0458stvo i l\u0458ubav prema Srbiji, a Beogradska filharmonija i njena publika i ovaj put su uzvratile punim srcem.<br \/>\n&nbsp;<br \/>\n<a href=\"http:\/\/www.bgf.rs\/\/wp-content\/uploads\/2016\/07\/1.-Zubin-Mehta.jpg\"><img loading=\"lazy\" decoding=\"async\" class=\"alignleft size-full wp-image-7890\" src=\"http:\/\/www.bgf.rs\/\/wp-content\/uploads\/2016\/07\/1.-Zubin-Mehta.jpg\" alt=\"1. Zubin Mehta\" width=\"1170\" height=\"780\" \/><\/a><br \/>\n&nbsp;<br \/>\n&nbsp;<br \/>\n<strong><a href=\"http:\/\/www.bgf.rs\/\/lt\/repertoar_cp\/za-megalomane-1\/\">2. As na otvaranju filharmonijske sezone<\/a><\/strong><br \/>\n&nbsp;<br \/>\nNajbol\u0458i teniser sveta Novak \u0110okovi\u0107, zajedno sa suprugom Jelenom i trenerom Borisom Bekerom, uveli\u010dao je sve\u010dano otvaranje nove koncertne sezone Beogradske filharmonije. Toplo pozdravl\u0458en od strane publike, Novak je u\u017eivao na koncertu, a u pauzi je iskoristio priliku da se upozna sa dirigentom, solistima i \u010dlanovima Beogradske filharmonije.<br \/>\n&nbsp;<br \/>\n<a href=\"http:\/\/www.bgf.rs\/\/wp-content\/uploads\/2016\/07\/2.-novak-\u0111okovi\u0107.jpg\"><img loading=\"lazy\" decoding=\"async\" class=\"alignleft size-full wp-image-7893\" src=\"http:\/\/www.bgf.rs\/\/wp-content\/uploads\/2016\/07\/2.-novak-\u0111okovi\u0107.jpg\" alt=\"2. novak \u0111okovi\u0107\" width=\"1170\" height=\"778\" \/><\/a><br \/>\n&nbsp;<br \/>\n&nbsp;<br \/>\n<strong><a href=\"http:\/\/blog.bgf.rs\/\" target=\"_blank\">3. Blog Metronom \u2013 o koncertima iz dva ugla<\/a><\/strong><br \/>\n&nbsp;<br \/>\nS po\u010detkom koncertne sezone 2015\/16 pokrenut je blog <a href=\"http:\/\/blog.bgf.rs\/\">\u201cMetronom\u201d<\/a> sa namerom da se predstave filharmonijski koncerti iz vi\u0161e uglova. U \u201cMetronomu\u201d se mogu na\u0107i utisci  dugogodi\u0161njih pretplatnika, filharmoni\u010dara, mladih muzikologa, ali i \u201cpravih\u201d blogera, kao \u0161to su Luna Lu, Igor Karanov, Ivan Tokin i Branko Rosi\u0107. \u0160ta su do\u017eiveli, primetili ili nau\u010dili, mo\u017ee se pro\u010ditati sa desnog i levog otkucaja \u201cMetronoma\u201c.<br \/>\n&nbsp;<br \/>\n<a href=\"http:\/\/www.bgf.rs\/\/wp-content\/uploads\/2016\/07\/3.-blog-Metronom.png\"><img loading=\"lazy\" decoding=\"async\" class=\"alignleft size-full wp-image-7863\" src=\"http:\/\/www.bgf.rs\/\/wp-content\/uploads\/2016\/07\/3.-blog-Metronom.png\" alt=\"3. blog Metronom\" width=\"1170\" height=\"614\" \/><\/a><br \/>\n&nbsp;<br \/>\n&nbsp;<br \/>\n<strong><a href=\"http:\/\/www.bgf.rs\/\/lt\/filharmanija-2-u-prodaji\/\">4. Filharmaaanija \u2013 zato \u0161to jednom nije dovol\u0458no!<\/a><\/strong><br \/>\n&nbsp;<br \/>\nPoznata je pri\u010da da su koncertne sezone Beogradske filharmonije u celosti rasprodate mnogo pre samog po\u010detka. Zato je u sezoni 2015\/16 Filharmonija uvela pet dodatnih termina za pet najtra\u017eenijih koncerata iz pet ciklusa. Ciklus \u201cFilharmanija \u2013 zato \u0161to jednom nije dovol\u0458no\u201d predstavio je koncertnu sezonu u malom, a ovom produkcijskom novinom Beogradska filharmonija je omogu\u0107ila novoj publici da do\u0111e do svojih ulaznica.<br \/>\n&nbsp;<br \/>\n<a href=\"http:\/\/www.bgf.rs\/\/wp-content\/uploads\/2016\/07\/4.filharmanija-zato-sto-jednom-nije-dovoljno.jpg\"><img loading=\"lazy\" decoding=\"async\" class=\"alignleft size-full wp-image-7881\" src=\"http:\/\/www.bgf.rs\/\/wp-content\/uploads\/2016\/07\/4.filharmanija-zato-sto-jednom-nije-dovoljno.jpg\" alt=\"4.filharmanija, zato sto jednom nije dovoljno\" width=\"1170\" height=\"450\" \/><\/a><br \/>\n&nbsp;<br \/>\n&nbsp;<br \/>\n<strong><a href=\"https:\/\/www.facebook.com\/bgfilharmonija\/photos\/?tab=album&amp;album_id=10153592436439647\" target=\"_blank\">5. Briga za stare<\/a><\/strong><br \/>\n&nbsp;<br \/>\nUz poruku da o najstarijima treba da brinemo svakog dana, muzi\u010dari Guda\u010dkog kvarteta Beogradske filharmonije upoznali su se sa stanovnicima Gerontolo\u0161kog centra u Vr\u0161cu, nakon \u010dega je prire\u0111en koncert u cil\u0458u obele\u017eavanja oktobra kao svetskog meseca brige o starim licima. Prema re\u010dima osobl\u0458a i korisnika, klasi\u010dna muzika ima terapijsko i antidepresivno dejstvo i za svoj nastup Kvartet je nagra\u0111en dugim aplauzom.<br \/>\n&nbsp;<br \/>\n<a href=\"http:\/\/www.bgf.rs\/\/wp-content\/uploads\/2016\/07\/5.-briga-za-stare.jpg\"><img loading=\"lazy\" decoding=\"async\" class=\"alignleft size-full wp-image-7866\" src=\"http:\/\/www.bgf.rs\/\/wp-content\/uploads\/2016\/07\/5.-briga-za-stare.jpg\" alt=\"5. briga za stare\" width=\"1170\" height=\"778\" \/><\/a><br \/>\n&nbsp;<br \/>\n&nbsp;<br \/>\n<strong><a href=\"http:\/\/www.bgf.rs\/\/lt\/repertoar_cp\/za-avanturiste-2\/\">6. Avanturista na harfi sa Filharmonijom<\/a><\/strong><br \/>\n&nbsp;<br \/>\nNajbol\u0458i harfista dana\u0161njice, Zavije De Mestr, odr\u017eao je dva koncerta sa Filharmonijom 26. i 27. novembra 2015. i priredio nesvakida\u0161nji do\u017eivl\u0458aj. Virtuoz na harfi je pokazao beogradskoj publici za\u0161to va\u017ei za autenti\u010dnog solistu koji pomera granice ovog atraktivnog instrumenta. Ako biste nastup ovog muzi\u010dara, nekada\u0161njeg \u010dlana Be\u010dke filharmonije, slu\u0161ali zatvorenih o\u010diju &#8211; pomislili biste da svira najmanje na tri instrumenta, i to istovremeno!<br \/>\n&nbsp;<br \/>\n<em><a href=\"http:\/\/blog.bgf.rs\/biti-uelbek-na-desnom-krilu-kolarca\/\">Utisak o ovom koncertu pro\u010ditajte u blogu Branka Rosi\u0107a.<\/a><\/em><br \/>\n&nbsp;<br \/>\n<a href=\"http:\/\/www.bgf.rs\/\/wp-content\/uploads\/2016\/07\/6.-avanturista-na-harfi.jpg\"><img loading=\"lazy\" decoding=\"async\" class=\"alignleft size-full wp-image-7916\" src=\"http:\/\/www.bgf.rs\/\/wp-content\/uploads\/2016\/07\/6.-avanturista-na-harfi.jpg\" alt=\"6. avanturista na harfi\" width=\"1170\" height=\"778\" \/><\/a><br \/>\n&nbsp;<br \/>\n&nbsp;<br \/>\n<strong><a href=\"http:\/\/www.bgf.rs\/\/lt\/repertoar_cp\/novogodisnji-koncert-1\/\">7. Novogodi\u0161nji filharmonijski cirkus u na\u0161em gradu<\/a><\/strong>&nbsp;<br \/>\n&nbsp;<br \/>\nTradicionalno najlu\u0111i nastup orkestra, novogodi\u0161nji koncert Beogradske filharmonije, zbog velikog interesovanja izvodio se dve ve\u010deri zaredom, 25. i 26. decembra, 2015. Pod nazivom \u201cFilharmonijski cirkus\u201d, vo\u0111a orkestarske \u201ctrupe\u201d bio je ameri\u010dki dirigent Dejvid Livaj, sa solistima koji su \u201c\u017eonglirali\u201d na neobi\u010dnim instrumentima kao \u0161to su klavir igra\u010dka, \u0161mirgle, bicikl, sat igra\u010dka, baloni, itd\u2026<br \/>\n&nbsp;<br \/>\n<em><a href=\"http:\/\/blog.bgf.rs\/radulovic-dominirao-u-otmenom-cirkusu\/\">Utisak o ovom koncertu pro\u010ditajte u blogu Sandre Vujovi\u0107.<\/a><\/em><br \/>\n&nbsp;<br \/>\n<a href=\"http:\/\/www.bgf.rs\/\/wp-content\/uploads\/2016\/07\/7.-novogodisnji-filharmonijski-cirkus-u-nasem-gradu.jpg\"><img loading=\"lazy\" decoding=\"async\" class=\"alignleft size-full wp-image-7869\" src=\"http:\/\/www.bgf.rs\/\/wp-content\/uploads\/2016\/07\/7.-novogodisnji-filharmonijski-cirkus-u-nasem-gradu.jpg\" alt=\"7. novogodisnji filharmonijski cirkus u nasem gradu\" width=\"1170\" height=\"778\" \/><\/a><br \/>\n&nbsp;<br \/>\n&nbsp;<br \/>\n<strong><a href=\"http:\/\/www.bgf.rs\/\/lt\/repertoar_cp\/gostovanje-u-omanu\/\">8. Gostovanje u Omanu<\/a><\/strong><br \/>\n&nbsp;<br \/>\nBeogradska filharmonija je koncertom u velelepnoj KraLjevskoj operi Muskat u novogodi\u0161njoj no\u0107i odu\u0161evila i publiku u Omanu, prvi put se predstaviv\u0161i u ovom delu sveta. Uz dirigenta Dejvida Livaja, orkestar je nastupio u glamuroznom zdanju koje je opreml\u0458eno najmodernijom tehnologijom, dok ga spoj tradicionalne i savremene omanske arhitekture \u010dini provoklasnom gra\u0111evinom svetske umetnosti. Beogradska filharmonija je stala rame uz rame sa Be\u010dkom i Londonskom filharmonijom \u010diji nastupi \u010dine deo koncertnih sezona ove ku\u0107e.<br \/>\n&nbsp;<br \/>\n<a href=\"http:\/\/www.bgf.rs\/\/wp-content\/uploads\/2016\/07\/8.-gostovanje-u-omanu.jpg\"><img loading=\"lazy\" decoding=\"async\" class=\"alignleft size-full wp-image-7872\" src=\"http:\/\/www.bgf.rs\/\/wp-content\/uploads\/2016\/07\/8.-gostovanje-u-omanu.jpg\" alt=\"8. gostovanje u omanu\" width=\"1170\" height=\"780\" \/><\/a><br \/>\n&nbsp;<br \/>\n&nbsp;<br \/>\n<strong><a href=\"http:\/\/www.bgf.rs\/\/lt\/repertoar_cp\/za-megalomane-3\/\">9. Zimska megalomanija<\/a><\/strong><br \/>\n&nbsp;<br \/>\nZa prvi koncert u 2016. godini, Filharmonija je priredila neobi\u010dnu zimsku kompilaciju spojiv\u0161i tri stilski potpuno razli\u010dite kompozicije u jedinstvenu \u201czimsku\u201d pri\u010du. Zvuci prirode iz Vivaldijeve \u201cZime\u201d poslu\u017eili su kao inspiracija mnogim autorima, tako je koncertmajstor Tijana Milo\u0161evi\u0107 provela publiku kroz zimu u ritmu tanga iz \u201c\u010cetiri godi\u0161nja doba u Buenos Ajresu\u201d, Astora Pjacole i njenu repetativnu verziju iz \u201cAmeri\u010dkih godi\u0161njih doba\u201d, minimaliste Filipa Glasa.<br \/>\n&nbsp;<br \/>\n<a href=\"http:\/\/blog.bgf.rs\/od-zvizduka-u-osam-do-metalnog-feniksa\/\"><em>Utisak o ovom koncertu pro\u010ditajte u blogu Tijane Milo\u0161evi\u0107.<\/em><\/a><br \/>\n&nbsp;<br \/>\n<a href=\"http:\/\/www.bgf.rs\/\/wp-content\/uploads\/2016\/07\/9.-zimska-megalomanija.jpg\"><img loading=\"lazy\" decoding=\"async\" class=\"alignleft size-full wp-image-7887\" src=\"http:\/\/www.bgf.rs\/\/wp-content\/uploads\/2016\/07\/9.-zimska-megalomanija.jpg\" alt=\"9. zimska megalomanija\" width=\"3000\" height=\"2000\" \/><\/a><br \/>\n&nbsp;<br \/>\n&nbsp;<br \/>\n<strong><a href=\"https:\/\/www.facebook.com\/bgfilharmonija\/photos\/?tab=album&amp;album_id=10153978631664647\" target=\"_blank\">10. Filharmonijski pohod na jug<\/a><\/strong><br \/>\n&nbsp;<br \/>\nDa Filharmonija ne pripada samo Beogradu muzi\u010dari su dokazali mini turnejom <em>Filharmonija na jugu<\/em>. Muzi\u010dki karavan je krajem marta putovao od Vranja, preko Leskovca, do Aleksinca, a koncerti su bili prepuni publike \u017eel\u0458ne kvalitetnih kulturnih sadr\u017eaja. Lokalne dvorane su bile male da prime sve zainteresovane za nastup kamernog sastava Beogradske filharmonije koji se u ova tri grada dugo prepri\u010davao.<br \/>\n&nbsp;<br \/>\n<a href=\"http:\/\/www.bgf.rs\/\/wp-content\/uploads\/2016\/07\/10.JUG-LAT.jpg\"><img loading=\"lazy\" decoding=\"async\" class=\"alignleft size-full wp-image-7896\" src=\"http:\/\/www.bgf.rs\/\/wp-content\/uploads\/2016\/07\/10.JUG-LAT.jpg\" alt=\"10.filharmonijski pohod na jug\" width=\"1170\" height=\"450\" \/><\/a><br \/>\n&nbsp;<br \/>\n&nbsp;<br \/>\n<strong><a href=\"http:\/\/www.bgf.rs\/\/lt\/repertoar_cp\/decji-koncerti-2\/\">11. Filharmonijska ku\u0107a magije<\/a><\/strong><br \/>\n&nbsp;<br \/>\nTokom ciklusa koncerata za decu, vi\u0161e od 3000 beogradskih klinaca \u010dulo je muzi\u010dku pri\u010du o &#8222;Hariju Poteru i \u010darobnjakovom kamenu&#8220;, koju je napisao \u010duveni kompozitor filmske muzike D\u017eon Vilijams. Aleksandar Koji\u0107, dirigent sa \u010darobnim \u0161tapi\u0107em i Branislava Podrumac u ulozi naratora, vodili su \u0161kolarce kroz pri\u010du o neobi\u010dnom de\u010daku i pretvorili Salu Beogradske filharmonije u ku\u0107u magije od 23. marta do 1. aprila.<br \/>\n&nbsp;<br \/>\n<a href=\"http:\/\/blog.bgf.rs\/meni-je-filharmonija-super\/\"><em>Utisak o ovom koncertu pro\u010ditajte u blogu <\/em><\/a><em><a href=\"http:\/\/blog.bgf.rs\/meni-je-filharmonija-super\/\">Nike Lali\u0107.<\/a><\/em><br \/>\n&nbsp;<br \/>\n<a href=\"http:\/\/www.bgf.rs\/\/wp-content\/uploads\/2016\/07\/11.-filharmonijska-kuca-magije.jpg\"><img loading=\"lazy\" decoding=\"async\" class=\"alignleft size-full wp-image-7875\" src=\"http:\/\/www.bgf.rs\/\/wp-content\/uploads\/2016\/07\/11.-filharmonijska-kuca-magije.jpg\" alt=\"11. filharmonijska kuca magije\" width=\"1170\" height=\"780\" \/><\/a><br \/>\n&nbsp;<br \/>\n&nbsp;<br \/>\n<strong><a href=\"http:\/\/www.bgf.rs\/\/lt\/repertoar_cp\/filharmanija-5\/\">12. Nemanja Radulovi\u0107 \u2013 \u201cHendriks na violini\u201d<\/a><\/strong><br \/>\n&nbsp;<br \/>\nFatalna kombinacija Nemanje Radulovi\u0107a, dirigenta Ei\u0111ija Ouea i Beogradske filharmonije, dve ve\u010deri zaredom zaustavl\u0458ala je vreme na Kolarcu prilikom nezaboravnih koncerata odr\u017eanih 7. i 8. aprila. Ukupno 1800 zal\u0458ubl\u0458enika u muziku imalo je priliku da posle 17 godina \u010duje jedinstvenog violinistu sa Beogradskom filharmonijom. Publika na prvom koncertu dugo \u0107e pamtiti Nemanjinu \u201cakrobaciju\u201d kada mu je pukla \u017eica na violini, a on je odzvi\u017edao deo takta Bruhovog koncerta preuzimaju\u0107i instrument od koncertmajstora Tijane Milo\u0161evi\u0107.<br \/>\n&nbsp;<br \/>\n<a href=\"http:\/\/blog.bgf.rs\/smrt-u-vasem-gradu\/\">Utisak o ovom koncertu pro\u010ditajte u blogu Igora Karanova.<\/a><\/em><br \/>\n&nbsp;<br \/>\n<a href=\"http:\/\/www.bgf.rs\/\/wp-content\/uploads\/2016\/07\/12.-nemanja-radulovic-hendriks-na-violini.jpg\"><br \/>\n<img loading=\"lazy\" decoding=\"async\" class=\"alignleft size-full wp-image-7912\" src=\"http:\/\/www.bgf.rs\/\/wp-content\/uploads\/2016\/07\/12.-nemanja-radulovic-hendriks-na-violini.jpg\" alt=\"12. nemanja radulovic, hendriks na violini\" width=\"1170\" height=\"780\" \/><\/a><br \/>\n&nbsp;<br \/>\n&nbsp;<br \/>\n<a href=\"http:\/\/www.bgf.rs\/\/lt\/repertoar_cp\/za-avanturiste-4\/\"><strong>13. Koncert pod maskom<\/strong><\/a><br \/>\n&nbsp;<br \/>\nBeogradska filharmonija je priredila pravi spektakl kroz spoj muzike, glume, pantomime i plesa prilikom nastupa Martina Frosta, &#8222;prvog klarinetiste&#8220; sveta, 15. aprila. Poznat po tome \u0161to pomera granice svog instrumenta i klasi\u010dne muzike uop\u0161te, Frost je pod upravom dirigenta Danijela Rajskina i uz pratnju Filharmoni\u010dara izveo je multimedijalni performans \u201c<em>Paunove pri\u010de\u201d<\/em>, \u0161vedskog autora Andersa Hilborga.<br \/>\n&nbsp;<br \/>\n<em><a href=\"http:\/\/blog.bgf.rs\/demonstracija-sile-na-klarinetu\/\">Utisak o ovom koncertu pro\u010ditajte u blogu Vel\u0458ka Klenkovskog.<\/a><\/em><br \/>\n&nbsp;<br \/>\n<a href=\"http:\/\/www.bgf.rs\/\/wp-content\/uploads\/2016\/07\/13.-koncert-pod-maskom.jpg\"><img loading=\"lazy\" decoding=\"async\" class=\"alignleft size-full wp-image-7908\" src=\"http:\/\/www.bgf.rs\/\/wp-content\/uploads\/2016\/07\/13.-koncert-pod-maskom.jpg\" alt=\"13. koncert pod maskom\" width=\"1170\" height=\"778\" \/><\/a><br \/>\n&nbsp;<br \/>\n&nbsp;<br \/>\n<strong><a href=\"http:\/\/www.bgf.rs\/\/lt\/repertoar_cp\/za-megalomane-4\/\">14. Maraton kao filharmonijska disciplina<\/a><\/strong><br \/>\n&nbsp;<br \/>\nDa koncert Beogradske filharmonije mo\u017ee biti nalik maratonskom poduhvatu uverila se publika na Kolarcu, u petak, 13. maja. Svih pet klavirskih koncerata Ludviga Van Betovena izvedeno je iste ve\u010deri, a muzi\u010dki \u201cdugopruga\u0161i\u201d su bili pijanisti\u010dka zvezda Aleksej Volodin zajedno sa dirigentom Danijelom Rajskinom i na\u0161im filharmoni\u010darima. Maratonski koncert ispitao je izdr\u017el\u0458ivost ne samo muzi\u010dara ve\u0107 i publike, kojoj ni gotovo \u010detiri sata muzike nije bilo dovol\u0458no.<br \/>\n&nbsp;<br \/>\n<em><a href=\"http:\/\/blog.bgf.rs\/betoven-ti-ja\/\">Utisak o ovom koncertu pro\u010ditajte u blogu Jelene Mila\u0161inovi\u0107.<\/a><\/em><br \/>\n&nbsp;<br \/>\n<a href=\"http:\/\/www.bgf.rs\/\/wp-content\/uploads\/2016\/07\/14.-maraton-kao-filharmonijska-disciplina.jpg\"><img loading=\"lazy\" decoding=\"async\" class=\"alignleft size-full wp-image-7902\" src=\"http:\/\/www.bgf.rs\/\/wp-content\/uploads\/2016\/07\/14.-maraton-kao-filharmonijska-disciplina.jpg\" alt=\"14. maraton kao filharmonijska disciplina\" width=\"1170\" height=\"780\" \/><\/a><br \/>\n&nbsp;<br \/>\n&nbsp;<br \/>\n<strong><a href=\"https:\/\/www.youtube.com\/watch?v=7ifVkCImZ34\" target=\"_blank\">15. Ro\u0111endanski koncert &#8222;Beogradske disharmonije&#8220;<\/a><\/strong><br \/>\n&nbsp;<br \/>\nSezona 2015\/16 zavr\u0161ila se urnebesnom koncertnom zabavom povodom 93. ro\u0111endana Beogradske filharmonije. Orkestrom &#8222;Beogradske disharmonije&#8220; upravl\u0458ao je glumac Vladimir Aleksi\u0107 i prikazao svoje &#8222;dirigentsko ume\u0107e&#8220;. Ro\u0111endanska proslava je zavr\u0161ena, kako druga\u010dije, nego tortom, a publika je odu\u0161evl\u0458eno pozdravila filharmoni\u010dare, ali i Vladimira Aleksi\u0107a koji ih je nasmejao i priredio druga\u010diji i jedinstven koncertni ugo\u0111aj.<br \/>\n&nbsp;<br \/>\n<a href=\"http:\/\/www.bgf.rs\/\/wp-content\/uploads\/2016\/07\/15.-Disharmonija-slajder-LAT.jpg\"><img loading=\"lazy\" decoding=\"async\" class=\"alignleft size-full wp-image-7899\" src=\"http:\/\/www.bgf.rs\/\/wp-content\/uploads\/2016\/07\/15.-Disharmonija-slajder-LAT.jpg\" alt=\"15. Rodjendanski koncert Beogrdaske disharmonije\" width=\"1170\" height=\"450\" \/><\/a><\/p>\n","protected":false},"excerpt":{"rendered":"<p>1. Titan za dirigentskim pultom &nbsp; Petominutne stoje\u0107e ovacije ispratile su osmi zajedni\u010dki koncert legendarnog maestra Zubina Mehte i orkestra Filharmonije, koji je odr\u017ean 20. septembra 2015. godine. Jedinstveni Mehta neumorno promovi\u0161e svoje prijatel\u0458stvo i l\u0458ubav prema Srbiji, a Beogradska filharmonija i njena publika i ovaj put su uzvratile punim srcem. &nbsp; &nbsp; &nbsp; 2. [&hellip;]<\/p>\n","protected":false},"author":1,"featured_media":7933,"comment_status":"open","ping_status":"open","sticky":false,"template":"","format":"standard","meta":{"_acf_changed":false,"footnotes":""},"categories":[113],"tags":[],"class_list":["post-7944","post","type-post","status-publish","format-standard","has-post-thumbnail","hentry","category-news-lt"],"acf":[],"yoast_head":"<!-- This site is optimized with the Yoast SEO plugin v23.4 - https:\/\/yoast.com\/wordpress\/plugins\/seo\/ -->\n<title>Top 15 iz filharmonijske sezone 2015\/16 | Beogradska filharmonija<\/title>\n<meta name=\"robots\" content=\"index, follow, max-snippet:-1, max-image-preview:large, max-video-preview:-1\" \/>\n<link rel=\"canonical\" href=\"https:\/\/www.bgf.rs\/top-15-iz-filharmonijske-sezone-2015-16\/\" \/>\n<meta property=\"og:locale\" content=\"sr_RS\" \/>\n<meta property=\"og:type\" content=\"article\" \/>\n<meta property=\"og:title\" content=\"Top 15 iz filharmonijske sezone 2015\/16 | Beogradska filharmonija\" \/>\n<meta property=\"og:description\" content=\"1. Titan za dirigentskim pultom &nbsp; Petominutne stoje\u0107e ovacije ispratile su osmi zajedni\u010dki koncert legendarnog maestra Zubina Mehte i orkestra Filharmonije, koji je odr\u017ean 20. septembra 2015. godine. Jedinstveni Mehta neumorno promovi\u0161e svoje prijatel\u0458stvo i l\u0458ubav prema Srbiji, a Beogradska filharmonija i njena publika i ovaj put su uzvratile punim srcem. &nbsp; &nbsp; &nbsp; 2. [&hellip;]\" \/>\n<meta property=\"og:url\" content=\"https:\/\/www.bgf.rs\/lt\/top-15-iz-filharmonijske-sezone-2015-16\/\" \/>\n<meta property=\"og:site_name\" content=\"Beogradska filharmonija\" \/>\n<meta property=\"article:published_time\" content=\"2016-07-22T08:42:18+00:00\" \/>\n<meta property=\"article:modified_time\" content=\"2016-07-23T18:30:29+00:00\" \/>\n<meta property=\"og:image\" content=\"https:\/\/www.bgf.rs\/wp-content\/uploads\/2016\/07\/1.jpg\" \/>\n\t<meta property=\"og:image:width\" content=\"1170\" \/>\n\t<meta property=\"og:image:height\" content=\"450\" \/>\n\t<meta property=\"og:image:type\" content=\"image\/jpeg\" \/>\n<meta name=\"author\" content=\"bgf\" \/>\n<meta name=\"twitter:card\" content=\"summary_large_image\" \/>\n<meta name=\"twitter:creator\" content=\"@BGFilharmonija\" \/>\n<meta name=\"twitter:site\" content=\"@BGFilharmonija\" \/>\n<meta name=\"twitter:label1\" content=\"\u041d\u0430\u043f\u0438\u0441\u0430\u043d\u043e \u043e\u0434\" \/>\n\t<meta name=\"twitter:data1\" content=\"bgf\" \/>\n\t<meta name=\"twitter:label2\" content=\"\u041f\u0440\u043e\u0446\u0435\u045a\u0435\u043d\u043e \u0432\u0440\u0435\u043c\u0435 \u0447\u0438\u0442\u0430\u045a\u0430\" \/>\n\t<meta name=\"twitter:data2\" content=\"6 \u043c\u0438\u043d\u0443\u0442\u0430\" \/>\n<script type=\"application\/ld+json\" class=\"yoast-schema-graph\">{\"@context\":\"https:\/\/schema.org\",\"@graph\":[{\"@type\":\"WebPage\",\"@id\":\"https:\/\/www.bgf.rs\/lt\/top-15-iz-filharmonijske-sezone-2015-16\/\",\"url\":\"https:\/\/www.bgf.rs\/lt\/top-15-iz-filharmonijske-sezone-2015-16\/\",\"name\":\"Top 15 iz filharmonijske sezone 2015\/16 | Beogradska filharmonija\",\"isPartOf\":{\"@id\":\"https:\/\/www.bgf.rs\/#website\"},\"primaryImageOfPage\":{\"@id\":\"https:\/\/www.bgf.rs\/lt\/top-15-iz-filharmonijske-sezone-2015-16\/#primaryimage\"},\"image\":{\"@id\":\"https:\/\/www.bgf.rs\/lt\/top-15-iz-filharmonijske-sezone-2015-16\/#primaryimage\"},\"thumbnailUrl\":\"https:\/\/www.bgf.rs\/wp-content\/uploads\/2016\/07\/1.jpg\",\"datePublished\":\"2016-07-22T08:42:18+00:00\",\"dateModified\":\"2016-07-23T18:30:29+00:00\",\"author\":{\"@id\":\"https:\/\/www.bgf.rs\/#\/schema\/person\/46fa53958df31282374baf403ec8bc64\"},\"breadcrumb\":{\"@id\":\"https:\/\/www.bgf.rs\/lt\/top-15-iz-filharmonijske-sezone-2015-16\/#breadcrumb\"},\"inLanguage\":\"sr-RS\",\"potentialAction\":[{\"@type\":\"ReadAction\",\"target\":[\"https:\/\/www.bgf.rs\/lt\/top-15-iz-filharmonijske-sezone-2015-16\/\"]}]},{\"@type\":\"ImageObject\",\"inLanguage\":\"sr-RS\",\"@id\":\"https:\/\/www.bgf.rs\/lt\/top-15-iz-filharmonijske-sezone-2015-16\/#primaryimage\",\"url\":\"https:\/\/www.bgf.rs\/wp-content\/uploads\/2016\/07\/1.jpg\",\"contentUrl\":\"https:\/\/www.bgf.rs\/wp-content\/uploads\/2016\/07\/1.jpg\",\"width\":1170,\"height\":450},{\"@type\":\"BreadcrumbList\",\"@id\":\"https:\/\/www.bgf.rs\/lt\/top-15-iz-filharmonijske-sezone-2015-16\/#breadcrumb\",\"itemListElement\":[{\"@type\":\"ListItem\",\"position\":1,\"name\":\"Home\",\"item\":\"https:\/\/www.bgf.rs\/\"},{\"@type\":\"ListItem\",\"position\":2,\"name\":\"Top 15 iz filharmonijske sezone 2015\/16\"}]},{\"@type\":\"WebSite\",\"@id\":\"https:\/\/www.bgf.rs\/#website\",\"url\":\"https:\/\/www.bgf.rs\/\",\"name\":\"Beogradska filharmonija\",\"description\":\"Samo muzika - jer do\u017eivljaj nema cenu!\",\"potentialAction\":[{\"@type\":\"SearchAction\",\"target\":{\"@type\":\"EntryPoint\",\"urlTemplate\":\"https:\/\/www.bgf.rs\/?s={search_term_string}\"},\"query-input\":{\"@type\":\"PropertyValueSpecification\",\"valueRequired\":true,\"valueName\":\"search_term_string\"}}],\"inLanguage\":\"sr-RS\"},{\"@type\":\"Person\",\"@id\":\"https:\/\/www.bgf.rs\/#\/schema\/person\/46fa53958df31282374baf403ec8bc64\",\"name\":\"bgf\",\"image\":{\"@type\":\"ImageObject\",\"inLanguage\":\"sr-RS\",\"@id\":\"https:\/\/www.bgf.rs\/#\/schema\/person\/image\/\",\"url\":\"https:\/\/secure.gravatar.com\/avatar\/d576158b2e0a82c6bb7c436f39acc82ca27f10e4a45f05f58b6288c4d1f83d11?s=96&d=mm&r=g\",\"contentUrl\":\"https:\/\/secure.gravatar.com\/avatar\/d576158b2e0a82c6bb7c436f39acc82ca27f10e4a45f05f58b6288c4d1f83d11?s=96&d=mm&r=g\",\"caption\":\"bgf\"},\"url\":\"https:\/\/www.bgf.rs\/author\/bgf\/\"}]}<\/script>\n<!-- \/ Yoast SEO plugin. -->","yoast_head_json":{"title":"Top 15 iz filharmonijske sezone 2015\/16 | Beogradska filharmonija","robots":{"index":"index","follow":"follow","max-snippet":"max-snippet:-1","max-image-preview":"max-image-preview:large","max-video-preview":"max-video-preview:-1"},"canonical":"https:\/\/www.bgf.rs\/top-15-iz-filharmonijske-sezone-2015-16\/","og_locale":"sr_RS","og_type":"article","og_title":"Top 15 iz filharmonijske sezone 2015\/16 | Beogradska filharmonija","og_description":"1. Titan za dirigentskim pultom &nbsp; Petominutne stoje\u0107e ovacije ispratile su osmi zajedni\u010dki koncert legendarnog maestra Zubina Mehte i orkestra Filharmonije, koji je odr\u017ean 20. septembra 2015. godine. Jedinstveni Mehta neumorno promovi\u0161e svoje prijatel\u0458stvo i l\u0458ubav prema Srbiji, a Beogradska filharmonija i njena publika i ovaj put su uzvratile punim srcem. &nbsp; &nbsp; &nbsp; 2. [&hellip;]","og_url":"https:\/\/www.bgf.rs\/lt\/top-15-iz-filharmonijske-sezone-2015-16\/","og_site_name":"Beogradska filharmonija","article_published_time":"2016-07-22T08:42:18+00:00","article_modified_time":"2016-07-23T18:30:29+00:00","og_image":[{"width":1170,"height":450,"url":"https:\/\/www.bgf.rs\/wp-content\/uploads\/2016\/07\/1.jpg","type":"image\/jpeg"}],"author":"bgf","twitter_card":"summary_large_image","twitter_creator":"@BGFilharmonija","twitter_site":"@BGFilharmonija","twitter_misc":{"\u041d\u0430\u043f\u0438\u0441\u0430\u043d\u043e \u043e\u0434":"bgf","\u041f\u0440\u043e\u0446\u0435\u045a\u0435\u043d\u043e \u0432\u0440\u0435\u043c\u0435 \u0447\u0438\u0442\u0430\u045a\u0430":"6 \u043c\u0438\u043d\u0443\u0442\u0430"},"schema":{"@context":"https:\/\/schema.org","@graph":[{"@type":"WebPage","@id":"https:\/\/www.bgf.rs\/lt\/top-15-iz-filharmonijske-sezone-2015-16\/","url":"https:\/\/www.bgf.rs\/lt\/top-15-iz-filharmonijske-sezone-2015-16\/","name":"Top 15 iz filharmonijske sezone 2015\/16 | Beogradska filharmonija","isPartOf":{"@id":"https:\/\/www.bgf.rs\/#website"},"primaryImageOfPage":{"@id":"https:\/\/www.bgf.rs\/lt\/top-15-iz-filharmonijske-sezone-2015-16\/#primaryimage"},"image":{"@id":"https:\/\/www.bgf.rs\/lt\/top-15-iz-filharmonijske-sezone-2015-16\/#primaryimage"},"thumbnailUrl":"https:\/\/www.bgf.rs\/wp-content\/uploads\/2016\/07\/1.jpg","datePublished":"2016-07-22T08:42:18+00:00","dateModified":"2016-07-23T18:30:29+00:00","author":{"@id":"https:\/\/www.bgf.rs\/#\/schema\/person\/46fa53958df31282374baf403ec8bc64"},"breadcrumb":{"@id":"https:\/\/www.bgf.rs\/lt\/top-15-iz-filharmonijske-sezone-2015-16\/#breadcrumb"},"inLanguage":"sr-RS","potentialAction":[{"@type":"ReadAction","target":["https:\/\/www.bgf.rs\/lt\/top-15-iz-filharmonijske-sezone-2015-16\/"]}]},{"@type":"ImageObject","inLanguage":"sr-RS","@id":"https:\/\/www.bgf.rs\/lt\/top-15-iz-filharmonijske-sezone-2015-16\/#primaryimage","url":"https:\/\/www.bgf.rs\/wp-content\/uploads\/2016\/07\/1.jpg","contentUrl":"https:\/\/www.bgf.rs\/wp-content\/uploads\/2016\/07\/1.jpg","width":1170,"height":450},{"@type":"BreadcrumbList","@id":"https:\/\/www.bgf.rs\/lt\/top-15-iz-filharmonijske-sezone-2015-16\/#breadcrumb","itemListElement":[{"@type":"ListItem","position":1,"name":"Home","item":"https:\/\/www.bgf.rs\/"},{"@type":"ListItem","position":2,"name":"Top 15 iz filharmonijske sezone 2015\/16"}]},{"@type":"WebSite","@id":"https:\/\/www.bgf.rs\/#website","url":"https:\/\/www.bgf.rs\/","name":"Beogradska filharmonija","description":"Samo muzika - jer do\u017eivljaj nema cenu!","potentialAction":[{"@type":"SearchAction","target":{"@type":"EntryPoint","urlTemplate":"https:\/\/www.bgf.rs\/?s={search_term_string}"},"query-input":{"@type":"PropertyValueSpecification","valueRequired":true,"valueName":"search_term_string"}}],"inLanguage":"sr-RS"},{"@type":"Person","@id":"https:\/\/www.bgf.rs\/#\/schema\/person\/46fa53958df31282374baf403ec8bc64","name":"bgf","image":{"@type":"ImageObject","inLanguage":"sr-RS","@id":"https:\/\/www.bgf.rs\/#\/schema\/person\/image\/","url":"https:\/\/secure.gravatar.com\/avatar\/d576158b2e0a82c6bb7c436f39acc82ca27f10e4a45f05f58b6288c4d1f83d11?s=96&d=mm&r=g","contentUrl":"https:\/\/secure.gravatar.com\/avatar\/d576158b2e0a82c6bb7c436f39acc82ca27f10e4a45f05f58b6288c4d1f83d11?s=96&d=mm&r=g","caption":"bgf"},"url":"https:\/\/www.bgf.rs\/author\/bgf\/"}]}},"_links":{"self":[{"href":"https:\/\/www.bgf.rs\/lt\/wp-json\/wp\/v2\/posts\/7944\/"}],"collection":[{"href":"https:\/\/www.bgf.rs\/lt\/wp-json\/wp\/v2\/posts\/"}],"about":[{"href":"https:\/\/www.bgf.rs\/lt\/wp-json\/wp\/v2\/types\/post\/"}],"author":[{"embeddable":true,"href":"https:\/\/www.bgf.rs\/lt\/wp-json\/wp\/v2\/users\/1\/"}],"replies":[{"embeddable":true,"href":"https:\/\/www.bgf.rs\/lt\/wp-json\/wp\/v2\/comments\/?post=7944"}],"version-history":[{"count":0,"href":"https:\/\/www.bgf.rs\/lt\/wp-json\/wp\/v2\/posts\/7944\/revisions\/"}],"wp:featuredmedia":[{"embeddable":true,"href":"https:\/\/www.bgf.rs\/lt\/wp-json\/wp\/v2\/media\/7933\/"}],"wp:attachment":[{"href":"https:\/\/www.bgf.rs\/lt\/wp-json\/wp\/v2\/media\/?parent=7944"}],"wp:term":[{"taxonomy":"category","embeddable":true,"href":"https:\/\/www.bgf.rs\/lt\/wp-json\/wp\/v2\/categories\/?post=7944"},{"taxonomy":"post_tag","embeddable":true,"href":"https:\/\/www.bgf.rs\/lt\/wp-json\/wp\/v2\/tags\/?post=7944"}],"curies":[{"name":"wp","href":"https:\/\/api.w.org\/{rel}","templated":true}]}}