{"id":76924,"date":"2021-07-08T13:33:49","date_gmt":"2021-07-08T12:33:49","guid":{"rendered":"https:\/\/www.bgf.rs\/?p=76924"},"modified":"2021-07-08T13:33:49","modified_gmt":"2021-07-08T12:33:49","slug":"stigao-mehta","status":"publish","type":"post","link":"https:\/\/www.bgf.rs\/lt\/stigao-mehta\/","title":{"rendered":"Stigao Mehta!"},"content":{"rendered":"<p>Naj\u010duveniji svetski dirigent Zubin Mehta stigao je u Beograd. Direktor Ivan Tasovac do\u010dekao je slavnog maestra i velikog prijatelja Beogradske filharmonije sa kojom \u0107e odr\u017eati Gala koncert 10. jula 2021. godine u Velikoj dvorani Kolar\u010deve zadu\u017ebine.<\/p>\n<p>Zubin Mehta \u0107e odr\u017eati pet proba sa orkestrom Beogradske filharmonije tokom kojih \u0107e pripremati\u00a0\u201ePastoralnu simfoniju\u201c Ludviga van Betovena i Prvu simfoniju Johanesa Bramsa. Zadivljen kvalitetom orkestra sa kojim se susre\u0107e deseti put, maestro uvek isti\u010de posebnost Filharmonije u kojoj svaki muzi\u010dar svira iz srca. Sva je prilika da \u0107e tako biti i ovaj put, budu\u0107i da su dolasci maestra poseban doga\u0111aj za svakog filharmoni\u010dara.<\/p>\n<p>Malobrojni su orkestri koji imaju privilegiju da redovno sara\u0111uju sa Zubinom Mehtom, a Beogradska filharmonija je jedan od njih. Koncert u subotu\u00a0bi\u0107e veliko slavlje muzi\u010dkog prijateljstva koje traje ve\u0107 63 godine, budu\u0107i da je slavni maestro imao svoj debi sa\u00a0Beogradskom filharmonijom 1958. godine, \u0161to je bio jedan od njegovih prvih profesionalnih anga\u017emana.<\/p>\n","protected":false},"excerpt":{"rendered":"<p>Naj\u010duveniji svetski dirigent Zubin Mehta stigao je u Beograd. Direktor Ivan Tasovac do\u010dekao je slavnog maestra i velikog prijatelja Beogradske filharmonije sa kojom \u0107e odr\u017eati Gala koncert 10. jula 2021. godine u Velikoj dvorani Kolar\u010deve zadu\u017ebine. Zubin Mehta \u0107e odr\u017eati pet proba sa orkestrom Beogradske filharmonije tokom kojih \u0107e pripremati\u00a0\u201ePastoralnu simfoniju\u201c Ludviga van Betovena i [&hellip;]<\/p>\n","protected":false},"author":2,"featured_media":76925,"comment_status":"open","ping_status":"open","sticky":false,"template":"","format":"standard","meta":{"_acf_changed":false,"footnotes":""},"categories":[113],"tags":[],"class_list":["post-76924","post","type-post","status-publish","format-standard","has-post-thumbnail","hentry","category-news-lt"],"acf":[],"yoast_head":"<!-- This site is optimized with the Yoast SEO plugin v23.4 - https:\/\/yoast.com\/wordpress\/plugins\/seo\/ -->\n<title>Stigao Mehta! | Beogradska filharmonija<\/title>\n<meta name=\"robots\" content=\"index, follow, max-snippet:-1, max-image-preview:large, max-video-preview:-1\" \/>\n<link rel=\"canonical\" href=\"https:\/\/www.bgf.rs\/stigao-mehta\/\" \/>\n<meta property=\"og:locale\" content=\"sr_RS\" \/>\n<meta property=\"og:type\" content=\"article\" \/>\n<meta property=\"og:title\" content=\"Stigao Mehta! | Beogradska filharmonija\" \/>\n<meta property=\"og:description\" content=\"Naj\u010duveniji svetski dirigent Zubin Mehta stigao je u Beograd. Direktor Ivan Tasovac do\u010dekao je slavnog maestra i velikog prijatelja Beogradske filharmonije sa kojom \u0107e odr\u017eati Gala koncert 10. jula 2021. godine u Velikoj dvorani Kolar\u010deve zadu\u017ebine. Zubin Mehta \u0107e odr\u017eati pet proba sa orkestrom Beogradske filharmonije tokom kojih \u0107e pripremati\u00a0\u201ePastoralnu simfoniju\u201c Ludviga van Betovena i [&hellip;]\" \/>\n<meta property=\"og:url\" content=\"https:\/\/www.bgf.rs\/lt\/stigao-mehta\/\" \/>\n<meta property=\"og:site_name\" content=\"Beogradska filharmonija\" \/>\n<meta property=\"article:published_time\" content=\"2021-07-08T12:33:49+00:00\" \/>\n<meta property=\"og:image\" content=\"https:\/\/www.bgf.rs\/wp-content\/uploads\/2021\/07\/stigao_mehta.jpg\" \/>\n\t<meta property=\"og:image:width\" content=\"1431\" \/>\n\t<meta property=\"og:image:height\" content=\"954\" \/>\n\t<meta property=\"og:image:type\" content=\"image\/jpeg\" \/>\n<meta name=\"author\" content=\"Simple Task\" \/>\n<meta name=\"twitter:card\" content=\"summary_large_image\" \/>\n<meta name=\"twitter:creator\" content=\"@BGFilharmonija\" \/>\n<meta name=\"twitter:site\" content=\"@BGFilharmonija\" \/>\n<meta name=\"twitter:label1\" content=\"\u041d\u0430\u043f\u0438\u0441\u0430\u043d\u043e \u043e\u0434\" \/>\n\t<meta name=\"twitter:data1\" content=\"Simple Task\" \/>\n\t<meta name=\"twitter:label2\" content=\"\u041f\u0440\u043e\u0446\u0435\u045a\u0435\u043d\u043e \u0432\u0440\u0435\u043c\u0435 \u0447\u0438\u0442\u0430\u045a\u0430\" \/>\n\t<meta name=\"twitter:data2\" content=\"1 \u043c\u0438\u043d\u0443\u0442\" \/>\n<script type=\"application\/ld+json\" class=\"yoast-schema-graph\">{\"@context\":\"https:\/\/schema.org\",\"@graph\":[{\"@type\":\"WebPage\",\"@id\":\"https:\/\/www.bgf.rs\/lt\/stigao-mehta\/\",\"url\":\"https:\/\/www.bgf.rs\/lt\/stigao-mehta\/\",\"name\":\"Stigao Mehta! | Beogradska filharmonija\",\"isPartOf\":{\"@id\":\"https:\/\/www.bgf.rs\/#website\"},\"primaryImageOfPage\":{\"@id\":\"https:\/\/www.bgf.rs\/lt\/stigao-mehta\/#primaryimage\"},\"image\":{\"@id\":\"https:\/\/www.bgf.rs\/lt\/stigao-mehta\/#primaryimage\"},\"thumbnailUrl\":\"https:\/\/www.bgf.rs\/wp-content\/uploads\/2021\/07\/stigao_mehta.jpg\",\"datePublished\":\"2021-07-08T12:33:49+00:00\",\"dateModified\":\"2021-07-08T12:33:49+00:00\",\"author\":{\"@id\":\"https:\/\/www.bgf.rs\/#\/schema\/person\/6d0be15b46d81d8a53dcf9f0ed3c7f9b\"},\"breadcrumb\":{\"@id\":\"https:\/\/www.bgf.rs\/lt\/stigao-mehta\/#breadcrumb\"},\"inLanguage\":\"sr-RS\",\"potentialAction\":[{\"@type\":\"ReadAction\",\"target\":[\"https:\/\/www.bgf.rs\/lt\/stigao-mehta\/\"]}]},{\"@type\":\"ImageObject\",\"inLanguage\":\"sr-RS\",\"@id\":\"https:\/\/www.bgf.rs\/lt\/stigao-mehta\/#primaryimage\",\"url\":\"https:\/\/www.bgf.rs\/wp-content\/uploads\/2021\/07\/stigao_mehta.jpg\",\"contentUrl\":\"https:\/\/www.bgf.rs\/wp-content\/uploads\/2021\/07\/stigao_mehta.jpg\",\"width\":1431,\"height\":954},{\"@type\":\"BreadcrumbList\",\"@id\":\"https:\/\/www.bgf.rs\/lt\/stigao-mehta\/#breadcrumb\",\"itemListElement\":[{\"@type\":\"ListItem\",\"position\":1,\"name\":\"Home\",\"item\":\"https:\/\/www.bgf.rs\/\"},{\"@type\":\"ListItem\",\"position\":2,\"name\":\"Stigao Mehta!\"}]},{\"@type\":\"WebSite\",\"@id\":\"https:\/\/www.bgf.rs\/#website\",\"url\":\"https:\/\/www.bgf.rs\/\",\"name\":\"Beogradska filharmonija\",\"description\":\"Samo muzika - jer do\u017eivljaj nema cenu!\",\"potentialAction\":[{\"@type\":\"SearchAction\",\"target\":{\"@type\":\"EntryPoint\",\"urlTemplate\":\"https:\/\/www.bgf.rs\/?s={search_term_string}\"},\"query-input\":{\"@type\":\"PropertyValueSpecification\",\"valueRequired\":true,\"valueName\":\"search_term_string\"}}],\"inLanguage\":\"sr-RS\"},{\"@type\":\"Person\",\"@id\":\"https:\/\/www.bgf.rs\/#\/schema\/person\/6d0be15b46d81d8a53dcf9f0ed3c7f9b\",\"name\":\"Simple Task\",\"image\":{\"@type\":\"ImageObject\",\"inLanguage\":\"sr-RS\",\"@id\":\"https:\/\/www.bgf.rs\/#\/schema\/person\/image\/\",\"url\":\"https:\/\/secure.gravatar.com\/avatar\/db5c011606d3c853afac90307c96032deff9655d4d5c3182fd3d6fce886b2dd9?s=96&d=mm&r=g\",\"contentUrl\":\"https:\/\/secure.gravatar.com\/avatar\/db5c011606d3c853afac90307c96032deff9655d4d5c3182fd3d6fce886b2dd9?s=96&d=mm&r=g\",\"caption\":\"Simple Task\"},\"url\":\"https:\/\/www.bgf.rs\/author\/simpletask\/\"}]}<\/script>\n<!-- \/ Yoast SEO plugin. -->","yoast_head_json":{"title":"Stigao Mehta! | Beogradska filharmonija","robots":{"index":"index","follow":"follow","max-snippet":"max-snippet:-1","max-image-preview":"max-image-preview:large","max-video-preview":"max-video-preview:-1"},"canonical":"https:\/\/www.bgf.rs\/stigao-mehta\/","og_locale":"sr_RS","og_type":"article","og_title":"Stigao Mehta! | Beogradska filharmonija","og_description":"Naj\u010duveniji svetski dirigent Zubin Mehta stigao je u Beograd. Direktor Ivan Tasovac do\u010dekao je slavnog maestra i velikog prijatelja Beogradske filharmonije sa kojom \u0107e odr\u017eati Gala koncert 10. jula 2021. godine u Velikoj dvorani Kolar\u010deve zadu\u017ebine. Zubin Mehta \u0107e odr\u017eati pet proba sa orkestrom Beogradske filharmonije tokom kojih \u0107e pripremati\u00a0\u201ePastoralnu simfoniju\u201c Ludviga van Betovena i [&hellip;]","og_url":"https:\/\/www.bgf.rs\/lt\/stigao-mehta\/","og_site_name":"Beogradska filharmonija","article_published_time":"2021-07-08T12:33:49+00:00","og_image":[{"width":1431,"height":954,"url":"https:\/\/www.bgf.rs\/wp-content\/uploads\/2021\/07\/stigao_mehta.jpg","type":"image\/jpeg"}],"author":"Simple Task","twitter_card":"summary_large_image","twitter_creator":"@BGFilharmonija","twitter_site":"@BGFilharmonija","twitter_misc":{"\u041d\u0430\u043f\u0438\u0441\u0430\u043d\u043e \u043e\u0434":"Simple Task","\u041f\u0440\u043e\u0446\u0435\u045a\u0435\u043d\u043e \u0432\u0440\u0435\u043c\u0435 \u0447\u0438\u0442\u0430\u045a\u0430":"1 \u043c\u0438\u043d\u0443\u0442"},"schema":{"@context":"https:\/\/schema.org","@graph":[{"@type":"WebPage","@id":"https:\/\/www.bgf.rs\/lt\/stigao-mehta\/","url":"https:\/\/www.bgf.rs\/lt\/stigao-mehta\/","name":"Stigao Mehta! | Beogradska filharmonija","isPartOf":{"@id":"https:\/\/www.bgf.rs\/#website"},"primaryImageOfPage":{"@id":"https:\/\/www.bgf.rs\/lt\/stigao-mehta\/#primaryimage"},"image":{"@id":"https:\/\/www.bgf.rs\/lt\/stigao-mehta\/#primaryimage"},"thumbnailUrl":"https:\/\/www.bgf.rs\/wp-content\/uploads\/2021\/07\/stigao_mehta.jpg","datePublished":"2021-07-08T12:33:49+00:00","dateModified":"2021-07-08T12:33:49+00:00","author":{"@id":"https:\/\/www.bgf.rs\/#\/schema\/person\/6d0be15b46d81d8a53dcf9f0ed3c7f9b"},"breadcrumb":{"@id":"https:\/\/www.bgf.rs\/lt\/stigao-mehta\/#breadcrumb"},"inLanguage":"sr-RS","potentialAction":[{"@type":"ReadAction","target":["https:\/\/www.bgf.rs\/lt\/stigao-mehta\/"]}]},{"@type":"ImageObject","inLanguage":"sr-RS","@id":"https:\/\/www.bgf.rs\/lt\/stigao-mehta\/#primaryimage","url":"https:\/\/www.bgf.rs\/wp-content\/uploads\/2021\/07\/stigao_mehta.jpg","contentUrl":"https:\/\/www.bgf.rs\/wp-content\/uploads\/2021\/07\/stigao_mehta.jpg","width":1431,"height":954},{"@type":"BreadcrumbList","@id":"https:\/\/www.bgf.rs\/lt\/stigao-mehta\/#breadcrumb","itemListElement":[{"@type":"ListItem","position":1,"name":"Home","item":"https:\/\/www.bgf.rs\/"},{"@type":"ListItem","position":2,"name":"Stigao Mehta!"}]},{"@type":"WebSite","@id":"https:\/\/www.bgf.rs\/#website","url":"https:\/\/www.bgf.rs\/","name":"Beogradska filharmonija","description":"Samo muzika - jer do\u017eivljaj nema cenu!","potentialAction":[{"@type":"SearchAction","target":{"@type":"EntryPoint","urlTemplate":"https:\/\/www.bgf.rs\/?s={search_term_string}"},"query-input":{"@type":"PropertyValueSpecification","valueRequired":true,"valueName":"search_term_string"}}],"inLanguage":"sr-RS"},{"@type":"Person","@id":"https:\/\/www.bgf.rs\/#\/schema\/person\/6d0be15b46d81d8a53dcf9f0ed3c7f9b","name":"Simple Task","image":{"@type":"ImageObject","inLanguage":"sr-RS","@id":"https:\/\/www.bgf.rs\/#\/schema\/person\/image\/","url":"https:\/\/secure.gravatar.com\/avatar\/db5c011606d3c853afac90307c96032deff9655d4d5c3182fd3d6fce886b2dd9?s=96&d=mm&r=g","contentUrl":"https:\/\/secure.gravatar.com\/avatar\/db5c011606d3c853afac90307c96032deff9655d4d5c3182fd3d6fce886b2dd9?s=96&d=mm&r=g","caption":"Simple Task"},"url":"https:\/\/www.bgf.rs\/author\/simpletask\/"}]}},"_links":{"self":[{"href":"https:\/\/www.bgf.rs\/lt\/wp-json\/wp\/v2\/posts\/76924\/"}],"collection":[{"href":"https:\/\/www.bgf.rs\/lt\/wp-json\/wp\/v2\/posts\/"}],"about":[{"href":"https:\/\/www.bgf.rs\/lt\/wp-json\/wp\/v2\/types\/post\/"}],"author":[{"embeddable":true,"href":"https:\/\/www.bgf.rs\/lt\/wp-json\/wp\/v2\/users\/2\/"}],"replies":[{"embeddable":true,"href":"https:\/\/www.bgf.rs\/lt\/wp-json\/wp\/v2\/comments\/?post=76924"}],"version-history":[{"count":0,"href":"https:\/\/www.bgf.rs\/lt\/wp-json\/wp\/v2\/posts\/76924\/revisions\/"}],"wp:featuredmedia":[{"embeddable":true,"href":"https:\/\/www.bgf.rs\/lt\/wp-json\/wp\/v2\/media\/76925\/"}],"wp:attachment":[{"href":"https:\/\/www.bgf.rs\/lt\/wp-json\/wp\/v2\/media\/?parent=76924"}],"wp:term":[{"taxonomy":"category","embeddable":true,"href":"https:\/\/www.bgf.rs\/lt\/wp-json\/wp\/v2\/categories\/?post=76924"},{"taxonomy":"post_tag","embeddable":true,"href":"https:\/\/www.bgf.rs\/lt\/wp-json\/wp\/v2\/tags\/?post=76924"}],"curies":[{"name":"wp","href":"https:\/\/api.w.org\/{rel}","templated":true}]}}