{"id":6079,"date":"2016-03-31T19:00:12","date_gmt":"2016-03-31T19:00:12","guid":{"rendered":"http:\/\/www.bgf.rs\/lt\/?p=6079"},"modified":"2016-04-02T18:25:42","modified_gmt":"2016-04-02T18:25:42","slug":"gudacki-kvartet-otvara-somus","status":"publish","type":"post","link":"https:\/\/www.bgf.rs\/lt\/gudacki-kvartet-otvara-somus\/","title":{"rendered":"Guda\u010dki kvartet otvara SOMUS"},"content":{"rendered":"<p>Guda\u010dki kvartet Beogradske filharmonije otvori\u0107e Somborske muzi\u010dke sve\u010danosti, u nedelju, 3. aprila, u Narodnom pozori\u0161tu u Somboru (20h). Jelena Dragni\u0107 (prva violina), Vladan Lon\u010dar (druga violina), Boris Brezovac (viola) i Aleksandar Latkovi\u0107 (violon\u010delo) izve\u0161\u0107e deo svog aktuelnog repertoara i muzicira\u0107e zajedno sa klarinetistom Ognjenom Popovi\u0107em, specijalnim gostom koncerta.<br \/>\n&nbsp;<br \/>\nNa otvaranju petog izdanja ponovo uspostavljenog festivala, somborska publika \u0107e imati priliku da \u010duje dela klasicizma i sovjetske avangarde. Muzi\u010dari izvode Mocartov Guda\u010dki kvartet K421 u d-molu, \u0160ostakovi\u010dev Guda\u010dki kvartet op. 83 u D-duru, kao i Veberov Kvintet sa klarinetom op. 83 u B-duru.<br \/>\n&nbsp;<br \/>\n\u201eUkazana nam je izuzetna \u010dast da otvorimo SOMUS, kao i da izvedemo deo repertoara koji smo u poslednje vreme svirali van granica Srbije. Do sada smo nailazili na sjajan prijem kod publike, mislim da je za to presudna energija koju prenosimo. Ako se stvori taj dobar fluid, koncert je uspeo bez obzira na sredinu u kojoj nastupamo. Nadamo se da \u0107e tako biti i u Somboru\u201c, rekao je violinista Vladan Lon\u010dar.<br \/>\n&nbsp;<br \/>\n\u201cZa peti ro\u0111endan Guda\u010dkog kvarteta Beogradske filharmonije, raduje nas \u0161to \u0107emo nastupiti na otvaranju Somborskih muzi\u010dkih sve\u010danosti, jer je na\u0161 prvi zvani\u010dni koncert pre pola decenije bio nedaleko &#8211; u Subotici\u201d, dodaje violon\u010delista Aleksandar Latkovi\u0107<br \/>\n&nbsp;<br \/>\nU svoje najskorije uspehe Guda\u010dki kvartet ubraja koncerte na scenama kao \u0161to su Manarat\u00a0Al Sadijat u okviru festivala Abu Dabi Klasiks, otvaranje koncertne sezone\u00a0\u201cKamerna muzika u pustinji\u201d u kompleksu Kasr Al Sarab u oazi Liva u\u00a0Ujedinjenim Arapskim Emiratima, prvo gostovanje u Kini u koncertnoj sali u\u00a0Tjand\u017einu, koncert u Kulturnom centru Srbije u Parizu, a pripremaju dva koncerta u turskom gradu Izmiru, sredinom aprila. U saradnji sa klarinetistom Ognjenom Popovi\u0107em, snimili su svoj prvi kompakt-disk sa delima Betovena i Bramsa, u izdanju Beogradske filharmonije.<\/p>\n","protected":false},"excerpt":{"rendered":"<p>Guda\u010dki kvartet Beogradske filharmonije otvori\u0107e Somborske muzi\u010dke sve\u010danosti, u nedelju, 3. aprila, u Narodnom pozori\u0161tu u Somboru (20h). Jelena Dragni\u0107 (prva violina), Vladan Lon\u010dar (druga violina), Boris Brezovac (viola) i Aleksandar Latkovi\u0107 (violon\u010delo) izve\u0161\u0107e deo svog aktuelnog repertoara i muzicira\u0107e zajedno sa klarinetistom Ognjenom Popovi\u0107em, specijalnim gostom koncerta. &nbsp; Na otvaranju petog izdanja ponovo uspostavljenog [&hellip;]<\/p>\n","protected":false},"author":1,"featured_media":6070,"comment_status":"open","ping_status":"open","sticky":false,"template":"","format":"standard","meta":{"_acf_changed":false,"footnotes":""},"categories":[113],"tags":[],"class_list":["post-6079","post","type-post","status-publish","format-standard","has-post-thumbnail","hentry","category-news-lt"],"acf":[],"yoast_head":"<!-- This site is optimized with the Yoast SEO plugin v23.4 - https:\/\/yoast.com\/wordpress\/plugins\/seo\/ -->\n<title>Guda\u010dki kvartet otvara SOMUS | Beogradska filharmonija<\/title>\n<meta name=\"robots\" content=\"index, follow, max-snippet:-1, max-image-preview:large, max-video-preview:-1\" \/>\n<link rel=\"canonical\" href=\"https:\/\/www.bgf.rs\/gudacki-kvartet-otvara-somus\/\" \/>\n<meta property=\"og:locale\" content=\"sr_RS\" \/>\n<meta property=\"og:type\" content=\"article\" \/>\n<meta property=\"og:title\" content=\"Guda\u010dki kvartet otvara SOMUS | Beogradska filharmonija\" \/>\n<meta property=\"og:description\" content=\"Guda\u010dki kvartet Beogradske filharmonije otvori\u0107e Somborske muzi\u010dke sve\u010danosti, u nedelju, 3. aprila, u Narodnom pozori\u0161tu u Somboru (20h). Jelena Dragni\u0107 (prva violina), Vladan Lon\u010dar (druga violina), Boris Brezovac (viola) i Aleksandar Latkovi\u0107 (violon\u010delo) izve\u0161\u0107e deo svog aktuelnog repertoara i muzicira\u0107e zajedno sa klarinetistom Ognjenom Popovi\u0107em, specijalnim gostom koncerta. &nbsp; Na otvaranju petog izdanja ponovo uspostavljenog [&hellip;]\" \/>\n<meta property=\"og:url\" content=\"https:\/\/www.bgf.rs\/lt\/gudacki-kvartet-otvara-somus\/\" \/>\n<meta property=\"og:site_name\" content=\"Beogradska filharmonija\" \/>\n<meta property=\"article:published_time\" content=\"2016-03-31T19:00:12+00:00\" \/>\n<meta property=\"article:modified_time\" content=\"2016-04-02T18:25:42+00:00\" \/>\n<meta property=\"og:image\" content=\"https:\/\/www.bgf.rs\/wp-content\/uploads\/2016\/04\/kvartet.jpg\" \/>\n\t<meta property=\"og:image:width\" content=\"1150\" \/>\n\t<meta property=\"og:image:height\" content=\"450\" \/>\n\t<meta property=\"og:image:type\" content=\"image\/jpeg\" \/>\n<meta name=\"author\" content=\"bgf\" \/>\n<meta name=\"twitter:card\" content=\"summary_large_image\" \/>\n<meta name=\"twitter:creator\" content=\"@BGFilharmonija\" \/>\n<meta name=\"twitter:site\" content=\"@BGFilharmonija\" \/>\n<meta name=\"twitter:label1\" content=\"\u041d\u0430\u043f\u0438\u0441\u0430\u043d\u043e \u043e\u0434\" \/>\n\t<meta name=\"twitter:data1\" content=\"bgf\" \/>\n\t<meta name=\"twitter:label2\" content=\"\u041f\u0440\u043e\u0446\u0435\u045a\u0435\u043d\u043e \u0432\u0440\u0435\u043c\u0435 \u0447\u0438\u0442\u0430\u045a\u0430\" \/>\n\t<meta name=\"twitter:data2\" content=\"2 \u043c\u0438\u043d\u0443\u0442\u0430\" \/>\n<script type=\"application\/ld+json\" class=\"yoast-schema-graph\">{\"@context\":\"https:\/\/schema.org\",\"@graph\":[{\"@type\":\"WebPage\",\"@id\":\"https:\/\/www.bgf.rs\/lt\/gudacki-kvartet-otvara-somus\/\",\"url\":\"https:\/\/www.bgf.rs\/lt\/gudacki-kvartet-otvara-somus\/\",\"name\":\"Guda\u010dki kvartet otvara SOMUS | Beogradska filharmonija\",\"isPartOf\":{\"@id\":\"https:\/\/www.bgf.rs\/#website\"},\"primaryImageOfPage\":{\"@id\":\"https:\/\/www.bgf.rs\/lt\/gudacki-kvartet-otvara-somus\/#primaryimage\"},\"image\":{\"@id\":\"https:\/\/www.bgf.rs\/lt\/gudacki-kvartet-otvara-somus\/#primaryimage\"},\"thumbnailUrl\":\"https:\/\/www.bgf.rs\/wp-content\/uploads\/2016\/04\/kvartet.jpg\",\"datePublished\":\"2016-03-31T19:00:12+00:00\",\"dateModified\":\"2016-04-02T18:25:42+00:00\",\"author\":{\"@id\":\"https:\/\/www.bgf.rs\/#\/schema\/person\/46fa53958df31282374baf403ec8bc64\"},\"breadcrumb\":{\"@id\":\"https:\/\/www.bgf.rs\/lt\/gudacki-kvartet-otvara-somus\/#breadcrumb\"},\"inLanguage\":\"sr-RS\",\"potentialAction\":[{\"@type\":\"ReadAction\",\"target\":[\"https:\/\/www.bgf.rs\/lt\/gudacki-kvartet-otvara-somus\/\"]}]},{\"@type\":\"ImageObject\",\"inLanguage\":\"sr-RS\",\"@id\":\"https:\/\/www.bgf.rs\/lt\/gudacki-kvartet-otvara-somus\/#primaryimage\",\"url\":\"https:\/\/www.bgf.rs\/wp-content\/uploads\/2016\/04\/kvartet.jpg\",\"contentUrl\":\"https:\/\/www.bgf.rs\/wp-content\/uploads\/2016\/04\/kvartet.jpg\",\"width\":1150,\"height\":450},{\"@type\":\"BreadcrumbList\",\"@id\":\"https:\/\/www.bgf.rs\/lt\/gudacki-kvartet-otvara-somus\/#breadcrumb\",\"itemListElement\":[{\"@type\":\"ListItem\",\"position\":1,\"name\":\"Home\",\"item\":\"https:\/\/www.bgf.rs\/\"},{\"@type\":\"ListItem\",\"position\":2,\"name\":\"Guda\u010dki kvartet otvara SOMUS\"}]},{\"@type\":\"WebSite\",\"@id\":\"https:\/\/www.bgf.rs\/#website\",\"url\":\"https:\/\/www.bgf.rs\/\",\"name\":\"Beogradska filharmonija\",\"description\":\"Samo muzika - jer do\u017eivljaj nema cenu!\",\"potentialAction\":[{\"@type\":\"SearchAction\",\"target\":{\"@type\":\"EntryPoint\",\"urlTemplate\":\"https:\/\/www.bgf.rs\/?s={search_term_string}\"},\"query-input\":{\"@type\":\"PropertyValueSpecification\",\"valueRequired\":true,\"valueName\":\"search_term_string\"}}],\"inLanguage\":\"sr-RS\"},{\"@type\":\"Person\",\"@id\":\"https:\/\/www.bgf.rs\/#\/schema\/person\/46fa53958df31282374baf403ec8bc64\",\"name\":\"bgf\",\"image\":{\"@type\":\"ImageObject\",\"inLanguage\":\"sr-RS\",\"@id\":\"https:\/\/www.bgf.rs\/#\/schema\/person\/image\/\",\"url\":\"https:\/\/secure.gravatar.com\/avatar\/d576158b2e0a82c6bb7c436f39acc82ca27f10e4a45f05f58b6288c4d1f83d11?s=96&d=mm&r=g\",\"contentUrl\":\"https:\/\/secure.gravatar.com\/avatar\/d576158b2e0a82c6bb7c436f39acc82ca27f10e4a45f05f58b6288c4d1f83d11?s=96&d=mm&r=g\",\"caption\":\"bgf\"},\"url\":\"https:\/\/www.bgf.rs\/author\/bgf\/\"}]}<\/script>\n<!-- \/ Yoast SEO plugin. -->","yoast_head_json":{"title":"Guda\u010dki kvartet otvara SOMUS | Beogradska filharmonija","robots":{"index":"index","follow":"follow","max-snippet":"max-snippet:-1","max-image-preview":"max-image-preview:large","max-video-preview":"max-video-preview:-1"},"canonical":"https:\/\/www.bgf.rs\/gudacki-kvartet-otvara-somus\/","og_locale":"sr_RS","og_type":"article","og_title":"Guda\u010dki kvartet otvara SOMUS | Beogradska filharmonija","og_description":"Guda\u010dki kvartet Beogradske filharmonije otvori\u0107e Somborske muzi\u010dke sve\u010danosti, u nedelju, 3. aprila, u Narodnom pozori\u0161tu u Somboru (20h). Jelena Dragni\u0107 (prva violina), Vladan Lon\u010dar (druga violina), Boris Brezovac (viola) i Aleksandar Latkovi\u0107 (violon\u010delo) izve\u0161\u0107e deo svog aktuelnog repertoara i muzicira\u0107e zajedno sa klarinetistom Ognjenom Popovi\u0107em, specijalnim gostom koncerta. &nbsp; Na otvaranju petog izdanja ponovo uspostavljenog [&hellip;]","og_url":"https:\/\/www.bgf.rs\/lt\/gudacki-kvartet-otvara-somus\/","og_site_name":"Beogradska filharmonija","article_published_time":"2016-03-31T19:00:12+00:00","article_modified_time":"2016-04-02T18:25:42+00:00","og_image":[{"width":1150,"height":450,"url":"https:\/\/www.bgf.rs\/wp-content\/uploads\/2016\/04\/kvartet.jpg","type":"image\/jpeg"}],"author":"bgf","twitter_card":"summary_large_image","twitter_creator":"@BGFilharmonija","twitter_site":"@BGFilharmonija","twitter_misc":{"\u041d\u0430\u043f\u0438\u0441\u0430\u043d\u043e \u043e\u0434":"bgf","\u041f\u0440\u043e\u0446\u0435\u045a\u0435\u043d\u043e \u0432\u0440\u0435\u043c\u0435 \u0447\u0438\u0442\u0430\u045a\u0430":"2 \u043c\u0438\u043d\u0443\u0442\u0430"},"schema":{"@context":"https:\/\/schema.org","@graph":[{"@type":"WebPage","@id":"https:\/\/www.bgf.rs\/lt\/gudacki-kvartet-otvara-somus\/","url":"https:\/\/www.bgf.rs\/lt\/gudacki-kvartet-otvara-somus\/","name":"Guda\u010dki kvartet otvara SOMUS | Beogradska filharmonija","isPartOf":{"@id":"https:\/\/www.bgf.rs\/#website"},"primaryImageOfPage":{"@id":"https:\/\/www.bgf.rs\/lt\/gudacki-kvartet-otvara-somus\/#primaryimage"},"image":{"@id":"https:\/\/www.bgf.rs\/lt\/gudacki-kvartet-otvara-somus\/#primaryimage"},"thumbnailUrl":"https:\/\/www.bgf.rs\/wp-content\/uploads\/2016\/04\/kvartet.jpg","datePublished":"2016-03-31T19:00:12+00:00","dateModified":"2016-04-02T18:25:42+00:00","author":{"@id":"https:\/\/www.bgf.rs\/#\/schema\/person\/46fa53958df31282374baf403ec8bc64"},"breadcrumb":{"@id":"https:\/\/www.bgf.rs\/lt\/gudacki-kvartet-otvara-somus\/#breadcrumb"},"inLanguage":"sr-RS","potentialAction":[{"@type":"ReadAction","target":["https:\/\/www.bgf.rs\/lt\/gudacki-kvartet-otvara-somus\/"]}]},{"@type":"ImageObject","inLanguage":"sr-RS","@id":"https:\/\/www.bgf.rs\/lt\/gudacki-kvartet-otvara-somus\/#primaryimage","url":"https:\/\/www.bgf.rs\/wp-content\/uploads\/2016\/04\/kvartet.jpg","contentUrl":"https:\/\/www.bgf.rs\/wp-content\/uploads\/2016\/04\/kvartet.jpg","width":1150,"height":450},{"@type":"BreadcrumbList","@id":"https:\/\/www.bgf.rs\/lt\/gudacki-kvartet-otvara-somus\/#breadcrumb","itemListElement":[{"@type":"ListItem","position":1,"name":"Home","item":"https:\/\/www.bgf.rs\/"},{"@type":"ListItem","position":2,"name":"Guda\u010dki kvartet otvara SOMUS"}]},{"@type":"WebSite","@id":"https:\/\/www.bgf.rs\/#website","url":"https:\/\/www.bgf.rs\/","name":"Beogradska filharmonija","description":"Samo muzika - jer do\u017eivljaj nema cenu!","potentialAction":[{"@type":"SearchAction","target":{"@type":"EntryPoint","urlTemplate":"https:\/\/www.bgf.rs\/?s={search_term_string}"},"query-input":{"@type":"PropertyValueSpecification","valueRequired":true,"valueName":"search_term_string"}}],"inLanguage":"sr-RS"},{"@type":"Person","@id":"https:\/\/www.bgf.rs\/#\/schema\/person\/46fa53958df31282374baf403ec8bc64","name":"bgf","image":{"@type":"ImageObject","inLanguage":"sr-RS","@id":"https:\/\/www.bgf.rs\/#\/schema\/person\/image\/","url":"https:\/\/secure.gravatar.com\/avatar\/d576158b2e0a82c6bb7c436f39acc82ca27f10e4a45f05f58b6288c4d1f83d11?s=96&d=mm&r=g","contentUrl":"https:\/\/secure.gravatar.com\/avatar\/d576158b2e0a82c6bb7c436f39acc82ca27f10e4a45f05f58b6288c4d1f83d11?s=96&d=mm&r=g","caption":"bgf"},"url":"https:\/\/www.bgf.rs\/author\/bgf\/"}]}},"_links":{"self":[{"href":"https:\/\/www.bgf.rs\/lt\/wp-json\/wp\/v2\/posts\/6079\/"}],"collection":[{"href":"https:\/\/www.bgf.rs\/lt\/wp-json\/wp\/v2\/posts\/"}],"about":[{"href":"https:\/\/www.bgf.rs\/lt\/wp-json\/wp\/v2\/types\/post\/"}],"author":[{"embeddable":true,"href":"https:\/\/www.bgf.rs\/lt\/wp-json\/wp\/v2\/users\/1\/"}],"replies":[{"embeddable":true,"href":"https:\/\/www.bgf.rs\/lt\/wp-json\/wp\/v2\/comments\/?post=6079"}],"version-history":[{"count":0,"href":"https:\/\/www.bgf.rs\/lt\/wp-json\/wp\/v2\/posts\/6079\/revisions\/"}],"wp:featuredmedia":[{"embeddable":true,"href":"https:\/\/www.bgf.rs\/lt\/wp-json\/wp\/v2\/media\/6070\/"}],"wp:attachment":[{"href":"https:\/\/www.bgf.rs\/lt\/wp-json\/wp\/v2\/media\/?parent=6079"}],"wp:term":[{"taxonomy":"category","embeddable":true,"href":"https:\/\/www.bgf.rs\/lt\/wp-json\/wp\/v2\/categories\/?post=6079"},{"taxonomy":"post_tag","embeddable":true,"href":"https:\/\/www.bgf.rs\/lt\/wp-json\/wp\/v2\/tags\/?post=6079"}],"curies":[{"name":"wp","href":"https:\/\/api.w.org\/{rel}","templated":true}]}}