{"id":29915,"date":"2020-03-31T11:05:30","date_gmt":"2020-03-31T10:05:30","guid":{"rendered":"http:\/\/www.bgf.rs\/?p=29915"},"modified":"2020-03-31T11:06:14","modified_gmt":"2020-03-31T10:06:14","slug":"mehta-salje-podrsku","status":"publish","type":"post","link":"https:\/\/www.bgf.rs\/lt\/mehta-salje-podrsku\/","title":{"rendered":"Mehta \u0161alje podr\u0161ku"},"content":{"rendered":"<p>Legendarni meastro Zubin Mehta, veliki prijatelj Beogradske filharmonije i Srbije, poslao je video poruku podr\u0161ke koja je objavljena na Fejsbuk profilu institucije.<\/p>\n<p>\u201eIvan Tasovac, dobar dan, kako ste? Vama i svim mojim kolegama iz Beogradske filharmonije \u0161aljem najiskrenije i najtoplije pozdrave. Svim srcem se nadam da \u0107e ovo te\u0161ko vreme brzo pro\u0107i i da \u0107emo ponovo da stvaramo muziku zajedno kao uvek\u201c, rekao je slavni maestro.<\/p>\n<p>Zubin Mehta je prilikom poslednjeg dolaska izrazio \u017eelju da se obele\u017ei 60 godina od njegovog prvog nastupa sa Beogradskom filharmonijom, a datum tog gala koncerta bi\u0107e uskoro poznat.<\/p>\n<p>Mehta je osam puta predvodio orkestar Beogradske filharmonije, poslednji put kao specijalni gost prvog koncerta na otvorenom 2017. Kao veliki prijatel\u0458 Filharmonije, Zubin Mehta je uvek spreman da podr\u017ei orkestar sa kojim je prvi put nastupio na samom po\u010detku svoje karijere i sa kojim je u novom milenijumu intenzivirao veze. Jedan od najve\u0107ih dirigenata dana\u0161njice rado se vra\u0107a u Beograd, grade\u0107i prijatel\u0458stvo koje odavno prevazilazi okvire muzike i umetnosti.<\/p>\n","protected":false},"excerpt":{"rendered":"<p>Legendarni meastro Zubin Mehta, veliki prijatelj Beogradske filharmonije i Srbije, poslao je video poruku podr\u0161ke koja je objavljena na Fejsbuk profilu institucije. \u201eIvan Tasovac, dobar dan, kako ste? Vama i svim mojim kolegama iz Beogradske filharmonije \u0161aljem najiskrenije i najtoplije pozdrave. Svim srcem se nadam da \u0107e ovo te\u0161ko vreme brzo pro\u0107i i da \u0107emo [&hellip;]<\/p>\n","protected":false},"author":1,"featured_media":29914,"comment_status":"open","ping_status":"open","sticky":false,"template":"","format":"standard","meta":{"_acf_changed":false,"footnotes":""},"categories":[113],"tags":[],"class_list":["post-29915","post","type-post","status-publish","format-standard","has-post-thumbnail","hentry","category-news-lt"],"acf":[],"yoast_head":"<!-- This site is optimized with the Yoast SEO plugin v23.4 - https:\/\/yoast.com\/wordpress\/plugins\/seo\/ -->\n<title>Mehta \u0161alje podr\u0161ku | Beogradska filharmonija<\/title>\n<meta name=\"robots\" content=\"index, follow, max-snippet:-1, max-image-preview:large, max-video-preview:-1\" \/>\n<link rel=\"canonical\" href=\"https:\/\/www.bgf.rs\/mehta-salje-podrsku\/\" \/>\n<meta property=\"og:locale\" content=\"sr_RS\" \/>\n<meta property=\"og:type\" content=\"article\" \/>\n<meta property=\"og:title\" content=\"Mehta \u0161alje podr\u0161ku | Beogradska filharmonija\" \/>\n<meta property=\"og:description\" content=\"Legendarni meastro Zubin Mehta, veliki prijatelj Beogradske filharmonije i Srbije, poslao je video poruku podr\u0161ke koja je objavljena na Fejsbuk profilu institucije. \u201eIvan Tasovac, dobar dan, kako ste? Vama i svim mojim kolegama iz Beogradske filharmonije \u0161aljem najiskrenije i najtoplije pozdrave. Svim srcem se nadam da \u0107e ovo te\u0161ko vreme brzo pro\u0107i i da \u0107emo [&hellip;]\" \/>\n<meta property=\"og:url\" content=\"https:\/\/www.bgf.rs\/lt\/mehta-salje-podrsku\/\" \/>\n<meta property=\"og:site_name\" content=\"Beogradska filharmonija\" \/>\n<meta property=\"article:published_time\" content=\"2020-03-31T10:05:30+00:00\" \/>\n<meta property=\"article:modified_time\" content=\"2020-03-31T10:06:14+00:00\" \/>\n<meta property=\"og:image\" content=\"https:\/\/www.bgf.rs\/wp-content\/uploads\/2020\/03\/Maestro-Mehta-i-direktor-Tasovac-1024x683.jpg\" \/>\n\t<meta property=\"og:image:width\" content=\"1024\" \/>\n\t<meta property=\"og:image:height\" content=\"683\" \/>\n\t<meta property=\"og:image:type\" content=\"image\/jpeg\" \/>\n<meta name=\"author\" content=\"bgf\" \/>\n<meta name=\"twitter:card\" content=\"summary_large_image\" \/>\n<meta name=\"twitter:creator\" content=\"@BGFilharmonija\" \/>\n<meta name=\"twitter:site\" content=\"@BGFilharmonija\" \/>\n<meta name=\"twitter:label1\" content=\"\u041d\u0430\u043f\u0438\u0441\u0430\u043d\u043e \u043e\u0434\" \/>\n\t<meta name=\"twitter:data1\" content=\"bgf\" \/>\n\t<meta name=\"twitter:label2\" content=\"\u041f\u0440\u043e\u0446\u0435\u045a\u0435\u043d\u043e \u0432\u0440\u0435\u043c\u0435 \u0447\u0438\u0442\u0430\u045a\u0430\" \/>\n\t<meta name=\"twitter:data2\" content=\"1 \u043c\u0438\u043d\u0443\u0442\" \/>\n<script type=\"application\/ld+json\" class=\"yoast-schema-graph\">{\"@context\":\"https:\/\/schema.org\",\"@graph\":[{\"@type\":\"WebPage\",\"@id\":\"https:\/\/www.bgf.rs\/lt\/mehta-salje-podrsku\/\",\"url\":\"https:\/\/www.bgf.rs\/lt\/mehta-salje-podrsku\/\",\"name\":\"Mehta \u0161alje podr\u0161ku | Beogradska filharmonija\",\"isPartOf\":{\"@id\":\"https:\/\/www.bgf.rs\/#website\"},\"primaryImageOfPage\":{\"@id\":\"https:\/\/www.bgf.rs\/lt\/mehta-salje-podrsku\/#primaryimage\"},\"image\":{\"@id\":\"https:\/\/www.bgf.rs\/lt\/mehta-salje-podrsku\/#primaryimage\"},\"thumbnailUrl\":\"https:\/\/www.bgf.rs\/wp-content\/uploads\/2020\/03\/Maestro-Mehta-i-direktor-Tasovac.jpg\",\"datePublished\":\"2020-03-31T10:05:30+00:00\",\"dateModified\":\"2020-03-31T10:06:14+00:00\",\"author\":{\"@id\":\"https:\/\/www.bgf.rs\/#\/schema\/person\/46fa53958df31282374baf403ec8bc64\"},\"breadcrumb\":{\"@id\":\"https:\/\/www.bgf.rs\/lt\/mehta-salje-podrsku\/#breadcrumb\"},\"inLanguage\":\"sr-RS\",\"potentialAction\":[{\"@type\":\"ReadAction\",\"target\":[\"https:\/\/www.bgf.rs\/lt\/mehta-salje-podrsku\/\"]}]},{\"@type\":\"ImageObject\",\"inLanguage\":\"sr-RS\",\"@id\":\"https:\/\/www.bgf.rs\/lt\/mehta-salje-podrsku\/#primaryimage\",\"url\":\"https:\/\/www.bgf.rs\/wp-content\/uploads\/2020\/03\/Maestro-Mehta-i-direktor-Tasovac.jpg\",\"contentUrl\":\"https:\/\/www.bgf.rs\/wp-content\/uploads\/2020\/03\/Maestro-Mehta-i-direktor-Tasovac.jpg\",\"width\":2560,\"height\":1707,\"caption\":\"20.09.2015. Gala koncert sa Zubinom Mehtom Dirigent: Zubin Mehta V. A. Mozart: Symphony No. 41 - Jupiter G. Mahler: Symphony No. 1 - Titan Beograd, 20.09.2015. foto Marko Djokovic\/BEOGRADSKA FILHARMONIJA\"},{\"@type\":\"BreadcrumbList\",\"@id\":\"https:\/\/www.bgf.rs\/lt\/mehta-salje-podrsku\/#breadcrumb\",\"itemListElement\":[{\"@type\":\"ListItem\",\"position\":1,\"name\":\"Home\",\"item\":\"https:\/\/www.bgf.rs\/\"},{\"@type\":\"ListItem\",\"position\":2,\"name\":\"Mehta \u0161alje podr\u0161ku\"}]},{\"@type\":\"WebSite\",\"@id\":\"https:\/\/www.bgf.rs\/#website\",\"url\":\"https:\/\/www.bgf.rs\/\",\"name\":\"Beogradska filharmonija\",\"description\":\"Samo muzika - jer do\u017eivljaj nema cenu!\",\"potentialAction\":[{\"@type\":\"SearchAction\",\"target\":{\"@type\":\"EntryPoint\",\"urlTemplate\":\"https:\/\/www.bgf.rs\/?s={search_term_string}\"},\"query-input\":{\"@type\":\"PropertyValueSpecification\",\"valueRequired\":true,\"valueName\":\"search_term_string\"}}],\"inLanguage\":\"sr-RS\"},{\"@type\":\"Person\",\"@id\":\"https:\/\/www.bgf.rs\/#\/schema\/person\/46fa53958df31282374baf403ec8bc64\",\"name\":\"bgf\",\"image\":{\"@type\":\"ImageObject\",\"inLanguage\":\"sr-RS\",\"@id\":\"https:\/\/www.bgf.rs\/#\/schema\/person\/image\/\",\"url\":\"https:\/\/secure.gravatar.com\/avatar\/d576158b2e0a82c6bb7c436f39acc82ca27f10e4a45f05f58b6288c4d1f83d11?s=96&d=mm&r=g\",\"contentUrl\":\"https:\/\/secure.gravatar.com\/avatar\/d576158b2e0a82c6bb7c436f39acc82ca27f10e4a45f05f58b6288c4d1f83d11?s=96&d=mm&r=g\",\"caption\":\"bgf\"},\"url\":\"https:\/\/www.bgf.rs\/author\/bgf\/\"}]}<\/script>\n<!-- \/ Yoast SEO plugin. -->","yoast_head_json":{"title":"Mehta \u0161alje podr\u0161ku | Beogradska filharmonija","robots":{"index":"index","follow":"follow","max-snippet":"max-snippet:-1","max-image-preview":"max-image-preview:large","max-video-preview":"max-video-preview:-1"},"canonical":"https:\/\/www.bgf.rs\/mehta-salje-podrsku\/","og_locale":"sr_RS","og_type":"article","og_title":"Mehta \u0161alje podr\u0161ku | Beogradska filharmonija","og_description":"Legendarni meastro Zubin Mehta, veliki prijatelj Beogradske filharmonije i Srbije, poslao je video poruku podr\u0161ke koja je objavljena na Fejsbuk profilu institucije. \u201eIvan Tasovac, dobar dan, kako ste? Vama i svim mojim kolegama iz Beogradske filharmonije \u0161aljem najiskrenije i najtoplije pozdrave. Svim srcem se nadam da \u0107e ovo te\u0161ko vreme brzo pro\u0107i i da \u0107emo [&hellip;]","og_url":"https:\/\/www.bgf.rs\/lt\/mehta-salje-podrsku\/","og_site_name":"Beogradska filharmonija","article_published_time":"2020-03-31T10:05:30+00:00","article_modified_time":"2020-03-31T10:06:14+00:00","og_image":[{"width":1024,"height":683,"url":"https:\/\/www.bgf.rs\/wp-content\/uploads\/2020\/03\/Maestro-Mehta-i-direktor-Tasovac-1024x683.jpg","type":"image\/jpeg"}],"author":"bgf","twitter_card":"summary_large_image","twitter_creator":"@BGFilharmonija","twitter_site":"@BGFilharmonija","twitter_misc":{"\u041d\u0430\u043f\u0438\u0441\u0430\u043d\u043e \u043e\u0434":"bgf","\u041f\u0440\u043e\u0446\u0435\u045a\u0435\u043d\u043e \u0432\u0440\u0435\u043c\u0435 \u0447\u0438\u0442\u0430\u045a\u0430":"1 \u043c\u0438\u043d\u0443\u0442"},"schema":{"@context":"https:\/\/schema.org","@graph":[{"@type":"WebPage","@id":"https:\/\/www.bgf.rs\/lt\/mehta-salje-podrsku\/","url":"https:\/\/www.bgf.rs\/lt\/mehta-salje-podrsku\/","name":"Mehta \u0161alje podr\u0161ku | Beogradska filharmonija","isPartOf":{"@id":"https:\/\/www.bgf.rs\/#website"},"primaryImageOfPage":{"@id":"https:\/\/www.bgf.rs\/lt\/mehta-salje-podrsku\/#primaryimage"},"image":{"@id":"https:\/\/www.bgf.rs\/lt\/mehta-salje-podrsku\/#primaryimage"},"thumbnailUrl":"https:\/\/www.bgf.rs\/wp-content\/uploads\/2020\/03\/Maestro-Mehta-i-direktor-Tasovac.jpg","datePublished":"2020-03-31T10:05:30+00:00","dateModified":"2020-03-31T10:06:14+00:00","author":{"@id":"https:\/\/www.bgf.rs\/#\/schema\/person\/46fa53958df31282374baf403ec8bc64"},"breadcrumb":{"@id":"https:\/\/www.bgf.rs\/lt\/mehta-salje-podrsku\/#breadcrumb"},"inLanguage":"sr-RS","potentialAction":[{"@type":"ReadAction","target":["https:\/\/www.bgf.rs\/lt\/mehta-salje-podrsku\/"]}]},{"@type":"ImageObject","inLanguage":"sr-RS","@id":"https:\/\/www.bgf.rs\/lt\/mehta-salje-podrsku\/#primaryimage","url":"https:\/\/www.bgf.rs\/wp-content\/uploads\/2020\/03\/Maestro-Mehta-i-direktor-Tasovac.jpg","contentUrl":"https:\/\/www.bgf.rs\/wp-content\/uploads\/2020\/03\/Maestro-Mehta-i-direktor-Tasovac.jpg","width":2560,"height":1707,"caption":"20.09.2015. Gala koncert sa Zubinom Mehtom Dirigent: Zubin Mehta V. A. Mozart: Symphony No. 41 - Jupiter G. Mahler: Symphony No. 1 - Titan Beograd, 20.09.2015. foto Marko Djokovic\/BEOGRADSKA FILHARMONIJA"},{"@type":"BreadcrumbList","@id":"https:\/\/www.bgf.rs\/lt\/mehta-salje-podrsku\/#breadcrumb","itemListElement":[{"@type":"ListItem","position":1,"name":"Home","item":"https:\/\/www.bgf.rs\/"},{"@type":"ListItem","position":2,"name":"Mehta \u0161alje podr\u0161ku"}]},{"@type":"WebSite","@id":"https:\/\/www.bgf.rs\/#website","url":"https:\/\/www.bgf.rs\/","name":"Beogradska filharmonija","description":"Samo muzika - jer do\u017eivljaj nema cenu!","potentialAction":[{"@type":"SearchAction","target":{"@type":"EntryPoint","urlTemplate":"https:\/\/www.bgf.rs\/?s={search_term_string}"},"query-input":{"@type":"PropertyValueSpecification","valueRequired":true,"valueName":"search_term_string"}}],"inLanguage":"sr-RS"},{"@type":"Person","@id":"https:\/\/www.bgf.rs\/#\/schema\/person\/46fa53958df31282374baf403ec8bc64","name":"bgf","image":{"@type":"ImageObject","inLanguage":"sr-RS","@id":"https:\/\/www.bgf.rs\/#\/schema\/person\/image\/","url":"https:\/\/secure.gravatar.com\/avatar\/d576158b2e0a82c6bb7c436f39acc82ca27f10e4a45f05f58b6288c4d1f83d11?s=96&d=mm&r=g","contentUrl":"https:\/\/secure.gravatar.com\/avatar\/d576158b2e0a82c6bb7c436f39acc82ca27f10e4a45f05f58b6288c4d1f83d11?s=96&d=mm&r=g","caption":"bgf"},"url":"https:\/\/www.bgf.rs\/author\/bgf\/"}]}},"_links":{"self":[{"href":"https:\/\/www.bgf.rs\/lt\/wp-json\/wp\/v2\/posts\/29915\/"}],"collection":[{"href":"https:\/\/www.bgf.rs\/lt\/wp-json\/wp\/v2\/posts\/"}],"about":[{"href":"https:\/\/www.bgf.rs\/lt\/wp-json\/wp\/v2\/types\/post\/"}],"author":[{"embeddable":true,"href":"https:\/\/www.bgf.rs\/lt\/wp-json\/wp\/v2\/users\/1\/"}],"replies":[{"embeddable":true,"href":"https:\/\/www.bgf.rs\/lt\/wp-json\/wp\/v2\/comments\/?post=29915"}],"version-history":[{"count":0,"href":"https:\/\/www.bgf.rs\/lt\/wp-json\/wp\/v2\/posts\/29915\/revisions\/"}],"wp:featuredmedia":[{"embeddable":true,"href":"https:\/\/www.bgf.rs\/lt\/wp-json\/wp\/v2\/media\/29914\/"}],"wp:attachment":[{"href":"https:\/\/www.bgf.rs\/lt\/wp-json\/wp\/v2\/media\/?parent=29915"}],"wp:term":[{"taxonomy":"category","embeddable":true,"href":"https:\/\/www.bgf.rs\/lt\/wp-json\/wp\/v2\/categories\/?post=29915"},{"taxonomy":"post_tag","embeddable":true,"href":"https:\/\/www.bgf.rs\/lt\/wp-json\/wp\/v2\/tags\/?post=29915"}],"curies":[{"name":"wp","href":"https:\/\/api.w.org\/{rel}","templated":true}]}}