{"id":28510,"date":"2019-12-24T17:56:30","date_gmt":"2019-12-24T16:56:30","guid":{"rendered":"http:\/\/www.bgf.rs\/?p=28510"},"modified":"2019-12-24T17:57:44","modified_gmt":"2019-12-24T16:57:44","slug":"urnebesni-provod-sa-beogradskom-filharmonijom","status":"publish","type":"post","link":"https:\/\/www.bgf.rs\/lt\/urnebesni-provod-sa-beogradskom-filharmonijom\/","title":{"rendered":"Urnebesni provod sa Beogradskom filharmonijom"},"content":{"rendered":"\n<p class=\"wp-block-paragraph\"><em>Dva novogodi\u0161nja koncerta sa \u010duvenim\nIgudesmanom<\/em><\/p>\n\n\n\n<p class=\"wp-block-paragraph\">Beogradska\nfilharmonija i \u010duveni violinista Aleksej Igudesman, spremni su za najlu\u0111u\nsvirku i dva novogodi\u0161nja koncerta koji \u0107e se odr\u017eati 26. i 27. decembra na\nKolarcu (20\u010d). Svetska premijera programa \u201eBetoven i jo\u0161 po ne\u0161to\u201c predstavlja\nurnebesnu parodiju na stvarala\u0161tvo \u010duvenog kompozitora i priliku da se publika\nzabavi ali i u\u017eiva u \u010duvenim numerama na druga\u010diji na\u010din. <\/p>\n\n\n\n<p class=\"wp-block-paragraph\">Superstar muzi\u010dke komedije, Aleksej Igudesman, stari je prijatelj Beogradske filharmonije. Violinista \u0107e i dirigovati orkestrom, a ovoga puta predstavlja specijalnu go\u0161\u0107u, famoznu Kler Vels koja \u0107e pevati i pokazati muzi\u010dke vratolomije na violini i klaviru.<\/p>\n\n\n\n<p class=\"wp-block-paragraph\">Sre\u0107nici koji su na vreme kupili kartu za najveselije koncerte Beogradske filharmonije, izme\u0111u ostalog \u0107e \u010duti Igudesmanovu verziju \u010duvene Pete simfonije i kako \u0107e najpoznatiji motiv u istoriji muzike dobiti svoju fank, latino ili sving varijantu<strong>.<\/strong> Publika \u0107e \u010duti sme\u0161ne verzije \u201eMese\u010deve sonate\u201c i \u201eZa Elizu\u201c, dok \u0107e uz Devetu simfoniju oti\u0107i na put oko sveta i razli\u010dite predele koji \u0107e joj pridodati samba, salsa, keltski, romski, bolivudski, rokerski ili fank prizvuk.<\/p>\n\n\n\n<p class=\"wp-block-paragraph\">\u201cJo\u0161 po ne\u0161to\u201d iz programa odnosi se, izme\u0111u ostalog, na \u201cFantaziju \u0160erloka Holmsa\u201d, muziku iz kultnih \u201cPetpara\u010dkih pri\u010da\u201d, pa \u010dak i \u201cBoratovu svitu\u201d u kojoj \u0107e se orkestar pretvoriti u hor i cela publika je pozvana da peva.<\/p>\n\n\n\n<p class=\"wp-block-paragraph\">Najveseliji nastupi filharmonijskog\norkestra tradicionalno odu\u0161evljavaju publiku i privla\u010de veliku pa\u017enju, pa su\nulaznice davno rasprodate. Me\u0111utim, sto karata za stajanje \u0107e biti u prodaji za\noba koncerta sat vremena uo\u010di nastupa, odnosno od 19 \u010dasova na blagajni Kolarca.\n<em><\/em><\/p>\n","protected":false},"excerpt":{"rendered":"<p>Dva novogodi\u0161nja koncerta sa \u010duvenim Igudesmanom Beogradska filharmonija i \u010duveni violinista Aleksej Igudesman, spremni su za najlu\u0111u svirku i dva novogodi\u0161nja koncerta koji \u0107e se odr\u017eati 26. i 27. decembra na Kolarcu (20\u010d). Svetska premijera programa \u201eBetoven i jo\u0161 po ne\u0161to\u201c predstavlja urnebesnu parodiju na stvarala\u0161tvo \u010duvenog kompozitora i priliku da se publika zabavi ali [&hellip;]<\/p>\n","protected":false},"author":1,"featured_media":28509,"comment_status":"open","ping_status":"open","sticky":false,"template":"","format":"standard","meta":{"_acf_changed":false,"footnotes":""},"categories":[113],"tags":[],"class_list":["post-28510","post","type-post","status-publish","format-standard","has-post-thumbnail","hentry","category-news-lt"],"acf":[],"yoast_head":"<!-- This site is optimized with the Yoast SEO plugin v23.4 - https:\/\/yoast.com\/wordpress\/plugins\/seo\/ -->\n<title>Urnebesni provod sa Beogradskom filharmonijom | Beogradska filharmonija<\/title>\n<meta name=\"robots\" content=\"index, follow, max-snippet:-1, max-image-preview:large, max-video-preview:-1\" \/>\n<link rel=\"canonical\" href=\"https:\/\/www.bgf.rs\/urnebesni-provod-sa-beogradskom-filharmonijom\/\" \/>\n<meta property=\"og:locale\" content=\"sr_RS\" \/>\n<meta property=\"og:type\" content=\"article\" \/>\n<meta property=\"og:title\" content=\"Urnebesni provod sa Beogradskom filharmonijom | Beogradska filharmonija\" \/>\n<meta property=\"og:description\" content=\"Dva novogodi\u0161nja koncerta sa \u010duvenim Igudesmanom Beogradska filharmonija i \u010duveni violinista Aleksej Igudesman, spremni su za najlu\u0111u svirku i dva novogodi\u0161nja koncerta koji \u0107e se odr\u017eati 26. i 27. decembra na Kolarcu (20\u010d). Svetska premijera programa \u201eBetoven i jo\u0161 po ne\u0161to\u201c predstavlja urnebesnu parodiju na stvarala\u0161tvo \u010duvenog kompozitora i priliku da se publika zabavi ali [&hellip;]\" \/>\n<meta property=\"og:url\" content=\"https:\/\/www.bgf.rs\/lt\/urnebesni-provod-sa-beogradskom-filharmonijom\/\" \/>\n<meta property=\"og:site_name\" content=\"Beogradska filharmonija\" \/>\n<meta property=\"article:published_time\" content=\"2019-12-24T16:56:30+00:00\" \/>\n<meta property=\"article:modified_time\" content=\"2019-12-24T16:57:44+00:00\" \/>\n<meta property=\"og:image\" content=\"https:\/\/www.bgf.rs\/wp-content\/uploads\/2019\/12\/aleksej-igudesman-i-kler-vels-1024x683.jpg\" \/>\n\t<meta property=\"og:image:width\" content=\"1024\" \/>\n\t<meta property=\"og:image:height\" content=\"683\" \/>\n\t<meta property=\"og:image:type\" content=\"image\/jpeg\" \/>\n<meta name=\"author\" content=\"bgf\" \/>\n<meta name=\"twitter:card\" content=\"summary_large_image\" \/>\n<meta name=\"twitter:creator\" content=\"@BGFilharmonija\" \/>\n<meta name=\"twitter:site\" content=\"@BGFilharmonija\" \/>\n<meta name=\"twitter:label1\" content=\"\u041d\u0430\u043f\u0438\u0441\u0430\u043d\u043e \u043e\u0434\" \/>\n\t<meta name=\"twitter:data1\" content=\"bgf\" \/>\n\t<meta name=\"twitter:label2\" content=\"\u041f\u0440\u043e\u0446\u0435\u045a\u0435\u043d\u043e \u0432\u0440\u0435\u043c\u0435 \u0447\u0438\u0442\u0430\u045a\u0430\" \/>\n\t<meta name=\"twitter:data2\" content=\"1 \u043c\u0438\u043d\u0443\u0442\" \/>\n<script type=\"application\/ld+json\" class=\"yoast-schema-graph\">{\"@context\":\"https:\/\/schema.org\",\"@graph\":[{\"@type\":\"WebPage\",\"@id\":\"https:\/\/www.bgf.rs\/lt\/urnebesni-provod-sa-beogradskom-filharmonijom\/\",\"url\":\"https:\/\/www.bgf.rs\/lt\/urnebesni-provod-sa-beogradskom-filharmonijom\/\",\"name\":\"Urnebesni provod sa Beogradskom filharmonijom | Beogradska filharmonija\",\"isPartOf\":{\"@id\":\"https:\/\/www.bgf.rs\/#website\"},\"primaryImageOfPage\":{\"@id\":\"https:\/\/www.bgf.rs\/lt\/urnebesni-provod-sa-beogradskom-filharmonijom\/#primaryimage\"},\"image\":{\"@id\":\"https:\/\/www.bgf.rs\/lt\/urnebesni-provod-sa-beogradskom-filharmonijom\/#primaryimage\"},\"thumbnailUrl\":\"https:\/\/www.bgf.rs\/wp-content\/uploads\/2019\/12\/aleksej-igudesman-i-kler-vels.jpg\",\"datePublished\":\"2019-12-24T16:56:30+00:00\",\"dateModified\":\"2019-12-24T16:57:44+00:00\",\"author\":{\"@id\":\"https:\/\/www.bgf.rs\/#\/schema\/person\/46fa53958df31282374baf403ec8bc64\"},\"breadcrumb\":{\"@id\":\"https:\/\/www.bgf.rs\/lt\/urnebesni-provod-sa-beogradskom-filharmonijom\/#breadcrumb\"},\"inLanguage\":\"sr-RS\",\"potentialAction\":[{\"@type\":\"ReadAction\",\"target\":[\"https:\/\/www.bgf.rs\/lt\/urnebesni-provod-sa-beogradskom-filharmonijom\/\"]}]},{\"@type\":\"ImageObject\",\"inLanguage\":\"sr-RS\",\"@id\":\"https:\/\/www.bgf.rs\/lt\/urnebesni-provod-sa-beogradskom-filharmonijom\/#primaryimage\",\"url\":\"https:\/\/www.bgf.rs\/wp-content\/uploads\/2019\/12\/aleksej-igudesman-i-kler-vels.jpg\",\"contentUrl\":\"https:\/\/www.bgf.rs\/wp-content\/uploads\/2019\/12\/aleksej-igudesman-i-kler-vels.jpg\",\"width\":5203,\"height\":3468},{\"@type\":\"BreadcrumbList\",\"@id\":\"https:\/\/www.bgf.rs\/lt\/urnebesni-provod-sa-beogradskom-filharmonijom\/#breadcrumb\",\"itemListElement\":[{\"@type\":\"ListItem\",\"position\":1,\"name\":\"Home\",\"item\":\"https:\/\/www.bgf.rs\/\"},{\"@type\":\"ListItem\",\"position\":2,\"name\":\"Urnebesni provod sa Beogradskom filharmonijom\"}]},{\"@type\":\"WebSite\",\"@id\":\"https:\/\/www.bgf.rs\/#website\",\"url\":\"https:\/\/www.bgf.rs\/\",\"name\":\"Beogradska filharmonija\",\"description\":\"Samo muzika - jer do\u017eivljaj nema cenu!\",\"potentialAction\":[{\"@type\":\"SearchAction\",\"target\":{\"@type\":\"EntryPoint\",\"urlTemplate\":\"https:\/\/www.bgf.rs\/?s={search_term_string}\"},\"query-input\":{\"@type\":\"PropertyValueSpecification\",\"valueRequired\":true,\"valueName\":\"search_term_string\"}}],\"inLanguage\":\"sr-RS\"},{\"@type\":\"Person\",\"@id\":\"https:\/\/www.bgf.rs\/#\/schema\/person\/46fa53958df31282374baf403ec8bc64\",\"name\":\"bgf\",\"image\":{\"@type\":\"ImageObject\",\"inLanguage\":\"sr-RS\",\"@id\":\"https:\/\/www.bgf.rs\/#\/schema\/person\/image\/\",\"url\":\"https:\/\/secure.gravatar.com\/avatar\/d576158b2e0a82c6bb7c436f39acc82ca27f10e4a45f05f58b6288c4d1f83d11?s=96&d=mm&r=g\",\"contentUrl\":\"https:\/\/secure.gravatar.com\/avatar\/d576158b2e0a82c6bb7c436f39acc82ca27f10e4a45f05f58b6288c4d1f83d11?s=96&d=mm&r=g\",\"caption\":\"bgf\"},\"url\":\"https:\/\/www.bgf.rs\/author\/bgf\/\"}]}<\/script>\n<!-- \/ Yoast SEO plugin. -->","yoast_head_json":{"title":"Urnebesni provod sa Beogradskom filharmonijom | Beogradska filharmonija","robots":{"index":"index","follow":"follow","max-snippet":"max-snippet:-1","max-image-preview":"max-image-preview:large","max-video-preview":"max-video-preview:-1"},"canonical":"https:\/\/www.bgf.rs\/urnebesni-provod-sa-beogradskom-filharmonijom\/","og_locale":"sr_RS","og_type":"article","og_title":"Urnebesni provod sa Beogradskom filharmonijom | Beogradska filharmonija","og_description":"Dva novogodi\u0161nja koncerta sa \u010duvenim Igudesmanom Beogradska filharmonija i \u010duveni violinista Aleksej Igudesman, spremni su za najlu\u0111u svirku i dva novogodi\u0161nja koncerta koji \u0107e se odr\u017eati 26. i 27. decembra na Kolarcu (20\u010d). Svetska premijera programa \u201eBetoven i jo\u0161 po ne\u0161to\u201c predstavlja urnebesnu parodiju na stvarala\u0161tvo \u010duvenog kompozitora i priliku da se publika zabavi ali [&hellip;]","og_url":"https:\/\/www.bgf.rs\/lt\/urnebesni-provod-sa-beogradskom-filharmonijom\/","og_site_name":"Beogradska filharmonija","article_published_time":"2019-12-24T16:56:30+00:00","article_modified_time":"2019-12-24T16:57:44+00:00","og_image":[{"width":1024,"height":683,"url":"https:\/\/www.bgf.rs\/wp-content\/uploads\/2019\/12\/aleksej-igudesman-i-kler-vels-1024x683.jpg","type":"image\/jpeg"}],"author":"bgf","twitter_card":"summary_large_image","twitter_creator":"@BGFilharmonija","twitter_site":"@BGFilharmonija","twitter_misc":{"\u041d\u0430\u043f\u0438\u0441\u0430\u043d\u043e \u043e\u0434":"bgf","\u041f\u0440\u043e\u0446\u0435\u045a\u0435\u043d\u043e \u0432\u0440\u0435\u043c\u0435 \u0447\u0438\u0442\u0430\u045a\u0430":"1 \u043c\u0438\u043d\u0443\u0442"},"schema":{"@context":"https:\/\/schema.org","@graph":[{"@type":"WebPage","@id":"https:\/\/www.bgf.rs\/lt\/urnebesni-provod-sa-beogradskom-filharmonijom\/","url":"https:\/\/www.bgf.rs\/lt\/urnebesni-provod-sa-beogradskom-filharmonijom\/","name":"Urnebesni provod sa Beogradskom filharmonijom | Beogradska filharmonija","isPartOf":{"@id":"https:\/\/www.bgf.rs\/#website"},"primaryImageOfPage":{"@id":"https:\/\/www.bgf.rs\/lt\/urnebesni-provod-sa-beogradskom-filharmonijom\/#primaryimage"},"image":{"@id":"https:\/\/www.bgf.rs\/lt\/urnebesni-provod-sa-beogradskom-filharmonijom\/#primaryimage"},"thumbnailUrl":"https:\/\/www.bgf.rs\/wp-content\/uploads\/2019\/12\/aleksej-igudesman-i-kler-vels.jpg","datePublished":"2019-12-24T16:56:30+00:00","dateModified":"2019-12-24T16:57:44+00:00","author":{"@id":"https:\/\/www.bgf.rs\/#\/schema\/person\/46fa53958df31282374baf403ec8bc64"},"breadcrumb":{"@id":"https:\/\/www.bgf.rs\/lt\/urnebesni-provod-sa-beogradskom-filharmonijom\/#breadcrumb"},"inLanguage":"sr-RS","potentialAction":[{"@type":"ReadAction","target":["https:\/\/www.bgf.rs\/lt\/urnebesni-provod-sa-beogradskom-filharmonijom\/"]}]},{"@type":"ImageObject","inLanguage":"sr-RS","@id":"https:\/\/www.bgf.rs\/lt\/urnebesni-provod-sa-beogradskom-filharmonijom\/#primaryimage","url":"https:\/\/www.bgf.rs\/wp-content\/uploads\/2019\/12\/aleksej-igudesman-i-kler-vels.jpg","contentUrl":"https:\/\/www.bgf.rs\/wp-content\/uploads\/2019\/12\/aleksej-igudesman-i-kler-vels.jpg","width":5203,"height":3468},{"@type":"BreadcrumbList","@id":"https:\/\/www.bgf.rs\/lt\/urnebesni-provod-sa-beogradskom-filharmonijom\/#breadcrumb","itemListElement":[{"@type":"ListItem","position":1,"name":"Home","item":"https:\/\/www.bgf.rs\/"},{"@type":"ListItem","position":2,"name":"Urnebesni provod sa Beogradskom filharmonijom"}]},{"@type":"WebSite","@id":"https:\/\/www.bgf.rs\/#website","url":"https:\/\/www.bgf.rs\/","name":"Beogradska filharmonija","description":"Samo muzika - jer do\u017eivljaj nema cenu!","potentialAction":[{"@type":"SearchAction","target":{"@type":"EntryPoint","urlTemplate":"https:\/\/www.bgf.rs\/?s={search_term_string}"},"query-input":{"@type":"PropertyValueSpecification","valueRequired":true,"valueName":"search_term_string"}}],"inLanguage":"sr-RS"},{"@type":"Person","@id":"https:\/\/www.bgf.rs\/#\/schema\/person\/46fa53958df31282374baf403ec8bc64","name":"bgf","image":{"@type":"ImageObject","inLanguage":"sr-RS","@id":"https:\/\/www.bgf.rs\/#\/schema\/person\/image\/","url":"https:\/\/secure.gravatar.com\/avatar\/d576158b2e0a82c6bb7c436f39acc82ca27f10e4a45f05f58b6288c4d1f83d11?s=96&d=mm&r=g","contentUrl":"https:\/\/secure.gravatar.com\/avatar\/d576158b2e0a82c6bb7c436f39acc82ca27f10e4a45f05f58b6288c4d1f83d11?s=96&d=mm&r=g","caption":"bgf"},"url":"https:\/\/www.bgf.rs\/author\/bgf\/"}]}},"_links":{"self":[{"href":"https:\/\/www.bgf.rs\/lt\/wp-json\/wp\/v2\/posts\/28510\/"}],"collection":[{"href":"https:\/\/www.bgf.rs\/lt\/wp-json\/wp\/v2\/posts\/"}],"about":[{"href":"https:\/\/www.bgf.rs\/lt\/wp-json\/wp\/v2\/types\/post\/"}],"author":[{"embeddable":true,"href":"https:\/\/www.bgf.rs\/lt\/wp-json\/wp\/v2\/users\/1\/"}],"replies":[{"embeddable":true,"href":"https:\/\/www.bgf.rs\/lt\/wp-json\/wp\/v2\/comments\/?post=28510"}],"version-history":[{"count":0,"href":"https:\/\/www.bgf.rs\/lt\/wp-json\/wp\/v2\/posts\/28510\/revisions\/"}],"wp:featuredmedia":[{"embeddable":true,"href":"https:\/\/www.bgf.rs\/lt\/wp-json\/wp\/v2\/media\/28509\/"}],"wp:attachment":[{"href":"https:\/\/www.bgf.rs\/lt\/wp-json\/wp\/v2\/media\/?parent=28510"}],"wp:term":[{"taxonomy":"category","embeddable":true,"href":"https:\/\/www.bgf.rs\/lt\/wp-json\/wp\/v2\/categories\/?post=28510"},{"taxonomy":"post_tag","embeddable":true,"href":"https:\/\/www.bgf.rs\/lt\/wp-json\/wp\/v2\/tags\/?post=28510"}],"curies":[{"name":"wp","href":"https:\/\/api.w.org\/{rel}","templated":true}]}}