{"id":27998,"date":"2019-11-20T13:42:19","date_gmt":"2019-11-20T12:42:19","guid":{"rendered":"http:\/\/www.bgf.rs\/?p=27998"},"modified":"2019-11-25T13:37:53","modified_gmt":"2019-11-25T12:37:53","slug":"novogodisnji-koncerti-beogradske-filharmonije-urnebesni-betoven-i-jos-ponesto","status":"publish","type":"post","link":"https:\/\/www.bgf.rs\/lt\/novogodisnji-koncerti-beogradske-filharmonije-urnebesni-betoven-i-jos-ponesto\/","title":{"rendered":"Svetska premijera na novogodi\u0161njim koncertima \u2013 urnebesni \u201cBetoven i jo\u0161 pone\u0161to\u201d\ufeff"},"content":{"rendered":"\n<p><em>Ulaznice u prodaji od 25. novembra<\/em><\/p>\n\n\n\n<p>Zajedno sa superstarom muzi\u010dke komedije, violinistom Aleksejem Igudesmanom, Beogradska filharmonija prire\u0111uje pravu ekskluzivu povodom dva novogodi\u0161nja koncerta 26. i 27. decembra 2019. na Kolarcu. Njegov \u0161ou \u201cBetoven i jo\u0161 pone\u0161to\u201d ima\u0107e svetsku premijeru upravo sa filharmonijskim orkestrom, a prodaja ulaznica po\u010dinje 25. novembra na biletarnici Beogradske filharmonije kao i <a href=\"https:\/\/bilet.bgf.rs\/repertoar.php#danas\">onlajn<\/a>.&nbsp;<\/p>\n\n\n\n<p>Ba\u0161 kao \u0161to je celokupna koncertna sezona posve\u0107ena Betovenu, tako \u0107e i prazni\u010dni nastupi orkestra biti u znaku ovog kompozitora.&nbsp;Urnebesni Igudesman,&nbsp;violionista koji je osvojio svet izvode\u0107i klasi\u010dnu muziku na komi\u010dan na\u010din, da\u0107e svoj jedinstveni osvrt na neka od najpoznatijih Betovenovih dela, i to na \u0161aljiv i originalan na\u010din.&nbsp;<\/p>\n\n\n\n<p>Najveseliji nastupi Beogradske filharmonije tradicionalno odu\u0161evljavaju publiku i privla\u010de veliku pa\u017enju, pa \u0107e za kraj 2019. godine orkestar nastupiti sa omiljenim Igudesmanom i to po tre\u0107i put. Ve\u0107 30 godina ovaj umetnik talasa muzi\u010dkom scenom i to kao violinista, kompozitor, dirigent, komi\u010dar, producent, reditelj, glumac, preduzetnik, pisac, pesnik, kuvar i hedonista.<\/p>\n","protected":false},"excerpt":{"rendered":"<p>Ulaznice u prodaji od 25. novembra Zajedno sa superstarom muzi\u010dke komedije, violinistom Aleksejem Igudesmanom, Beogradska filharmonija prire\u0111uje pravu ekskluzivu povodom dva novogodi\u0161nja koncerta 26. i 27. decembra 2019. na Kolarcu. Njegov \u0161ou \u201cBetoven i jo\u0161 pone\u0161to\u201d ima\u0107e svetsku premijeru upravo sa filharmonijskim orkestrom, a prodaja ulaznica po\u010dinje 25. novembra na biletarnici Beogradske filharmonije kao i [&hellip;]<\/p>\n","protected":false},"author":1,"featured_media":28032,"comment_status":"open","ping_status":"open","sticky":false,"template":"","format":"standard","meta":{"_acf_changed":false,"footnotes":""},"categories":[113],"tags":[],"class_list":["post-27998","post","type-post","status-publish","format-standard","has-post-thumbnail","hentry","category-news-lt"],"acf":[],"yoast_head":"<!-- This site is optimized with the Yoast SEO plugin v23.4 - https:\/\/yoast.com\/wordpress\/plugins\/seo\/ -->\n<title>Svetska premijera na novogodi\u0161njim koncertima \u2013 urnebesni \u201cBetoven i jo\u0161 pone\u0161to\u201d\ufeff | Beogradska filharmonija<\/title>\n<meta name=\"robots\" content=\"index, follow, max-snippet:-1, max-image-preview:large, max-video-preview:-1\" \/>\n<link rel=\"canonical\" href=\"https:\/\/www.bgf.rs\/novogodisnji-koncerti-beogradske-filharmonije-urnebesni-betoven-i-jos-ponesto\/\" \/>\n<meta property=\"og:locale\" content=\"sr_RS\" \/>\n<meta property=\"og:type\" content=\"article\" \/>\n<meta property=\"og:title\" content=\"Svetska premijera na novogodi\u0161njim koncertima \u2013 urnebesni \u201cBetoven i jo\u0161 pone\u0161to\u201d\ufeff | Beogradska filharmonija\" \/>\n<meta property=\"og:description\" content=\"Ulaznice u prodaji od 25. novembra Zajedno sa superstarom muzi\u010dke komedije, violinistom Aleksejem Igudesmanom, Beogradska filharmonija prire\u0111uje pravu ekskluzivu povodom dva novogodi\u0161nja koncerta 26. i 27. decembra 2019. na Kolarcu. Njegov \u0161ou \u201cBetoven i jo\u0161 pone\u0161to\u201d ima\u0107e svetsku premijeru upravo sa filharmonijskim orkestrom, a prodaja ulaznica po\u010dinje 25. novembra na biletarnici Beogradske filharmonije kao i [&hellip;]\" \/>\n<meta property=\"og:url\" content=\"https:\/\/www.bgf.rs\/lt\/novogodisnji-koncerti-beogradske-filharmonije-urnebesni-betoven-i-jos-ponesto\/\" \/>\n<meta property=\"og:site_name\" content=\"Beogradska filharmonija\" \/>\n<meta property=\"article:published_time\" content=\"2019-11-20T12:42:19+00:00\" \/>\n<meta property=\"article:modified_time\" content=\"2019-11-25T12:37:53+00:00\" \/>\n<meta property=\"og:image\" content=\"https:\/\/www.bgf.rs\/wp-content\/uploads\/2019\/11\/aleksey_unbearbeitet-6351.jpg\" \/>\n\t<meta property=\"og:image:width\" content=\"3044\" \/>\n\t<meta property=\"og:image:height\" content=\"1765\" \/>\n\t<meta property=\"og:image:type\" content=\"image\/jpeg\" \/>\n<meta name=\"author\" content=\"bgf\" \/>\n<meta name=\"twitter:card\" content=\"summary_large_image\" \/>\n<meta name=\"twitter:creator\" content=\"@BGFilharmonija\" \/>\n<meta name=\"twitter:site\" content=\"@BGFilharmonija\" \/>\n<meta name=\"twitter:label1\" content=\"\u041d\u0430\u043f\u0438\u0441\u0430\u043d\u043e \u043e\u0434\" \/>\n\t<meta name=\"twitter:data1\" content=\"bgf\" \/>\n\t<meta name=\"twitter:label2\" content=\"\u041f\u0440\u043e\u0446\u0435\u045a\u0435\u043d\u043e \u0432\u0440\u0435\u043c\u0435 \u0447\u0438\u0442\u0430\u045a\u0430\" \/>\n\t<meta name=\"twitter:data2\" content=\"1 \u043c\u0438\u043d\u0443\u0442\" \/>\n<script type=\"application\/ld+json\" class=\"yoast-schema-graph\">{\"@context\":\"https:\/\/schema.org\",\"@graph\":[{\"@type\":\"WebPage\",\"@id\":\"https:\/\/www.bgf.rs\/lt\/novogodisnji-koncerti-beogradske-filharmonije-urnebesni-betoven-i-jos-ponesto\/\",\"url\":\"https:\/\/www.bgf.rs\/lt\/novogodisnji-koncerti-beogradske-filharmonije-urnebesni-betoven-i-jos-ponesto\/\",\"name\":\"Svetska premijera na novogodi\u0161njim koncertima \u2013 urnebesni \u201cBetoven i jo\u0161 pone\u0161to\u201d\ufeff | Beogradska filharmonija\",\"isPartOf\":{\"@id\":\"https:\/\/www.bgf.rs\/#website\"},\"primaryImageOfPage\":{\"@id\":\"https:\/\/www.bgf.rs\/lt\/novogodisnji-koncerti-beogradske-filharmonije-urnebesni-betoven-i-jos-ponesto\/#primaryimage\"},\"image\":{\"@id\":\"https:\/\/www.bgf.rs\/lt\/novogodisnji-koncerti-beogradske-filharmonije-urnebesni-betoven-i-jos-ponesto\/#primaryimage\"},\"thumbnailUrl\":\"https:\/\/www.bgf.rs\/wp-content\/uploads\/2019\/11\/aleksey_unbearbeitet-6351.jpg\",\"datePublished\":\"2019-11-20T12:42:19+00:00\",\"dateModified\":\"2019-11-25T12:37:53+00:00\",\"author\":{\"@id\":\"https:\/\/www.bgf.rs\/#\/schema\/person\/46fa53958df31282374baf403ec8bc64\"},\"breadcrumb\":{\"@id\":\"https:\/\/www.bgf.rs\/lt\/novogodisnji-koncerti-beogradske-filharmonije-urnebesni-betoven-i-jos-ponesto\/#breadcrumb\"},\"inLanguage\":\"sr-RS\",\"potentialAction\":[{\"@type\":\"ReadAction\",\"target\":[\"https:\/\/www.bgf.rs\/lt\/novogodisnji-koncerti-beogradske-filharmonije-urnebesni-betoven-i-jos-ponesto\/\"]}]},{\"@type\":\"ImageObject\",\"inLanguage\":\"sr-RS\",\"@id\":\"https:\/\/www.bgf.rs\/lt\/novogodisnji-koncerti-beogradske-filharmonije-urnebesni-betoven-i-jos-ponesto\/#primaryimage\",\"url\":\"https:\/\/www.bgf.rs\/wp-content\/uploads\/2019\/11\/aleksey_unbearbeitet-6351.jpg\",\"contentUrl\":\"https:\/\/www.bgf.rs\/wp-content\/uploads\/2019\/11\/aleksey_unbearbeitet-6351.jpg\",\"width\":3044,\"height\":1765},{\"@type\":\"BreadcrumbList\",\"@id\":\"https:\/\/www.bgf.rs\/lt\/novogodisnji-koncerti-beogradske-filharmonije-urnebesni-betoven-i-jos-ponesto\/#breadcrumb\",\"itemListElement\":[{\"@type\":\"ListItem\",\"position\":1,\"name\":\"Home\",\"item\":\"https:\/\/www.bgf.rs\/\"},{\"@type\":\"ListItem\",\"position\":2,\"name\":\"Svetska premijera na novogodi\u0161njim koncertima \u2013 urnebesni \u201cBetoven i jo\u0161 pone\u0161to\u201d\ufeff\"}]},{\"@type\":\"WebSite\",\"@id\":\"https:\/\/www.bgf.rs\/#website\",\"url\":\"https:\/\/www.bgf.rs\/\",\"name\":\"Beogradska filharmonija\",\"description\":\"Samo muzika - jer do\u017eivljaj nema cenu!\",\"potentialAction\":[{\"@type\":\"SearchAction\",\"target\":{\"@type\":\"EntryPoint\",\"urlTemplate\":\"https:\/\/www.bgf.rs\/?s={search_term_string}\"},\"query-input\":{\"@type\":\"PropertyValueSpecification\",\"valueRequired\":true,\"valueName\":\"search_term_string\"}}],\"inLanguage\":\"sr-RS\"},{\"@type\":\"Person\",\"@id\":\"https:\/\/www.bgf.rs\/#\/schema\/person\/46fa53958df31282374baf403ec8bc64\",\"name\":\"bgf\",\"image\":{\"@type\":\"ImageObject\",\"inLanguage\":\"sr-RS\",\"@id\":\"https:\/\/www.bgf.rs\/#\/schema\/person\/image\/\",\"url\":\"https:\/\/secure.gravatar.com\/avatar\/d576158b2e0a82c6bb7c436f39acc82ca27f10e4a45f05f58b6288c4d1f83d11?s=96&d=mm&r=g\",\"contentUrl\":\"https:\/\/secure.gravatar.com\/avatar\/d576158b2e0a82c6bb7c436f39acc82ca27f10e4a45f05f58b6288c4d1f83d11?s=96&d=mm&r=g\",\"caption\":\"bgf\"},\"url\":\"https:\/\/www.bgf.rs\/author\/bgf\/\"}]}<\/script>\n<!-- \/ Yoast SEO plugin. -->","yoast_head_json":{"title":"Svetska premijera na novogodi\u0161njim koncertima \u2013 urnebesni \u201cBetoven i jo\u0161 pone\u0161to\u201d\ufeff | Beogradska filharmonija","robots":{"index":"index","follow":"follow","max-snippet":"max-snippet:-1","max-image-preview":"max-image-preview:large","max-video-preview":"max-video-preview:-1"},"canonical":"https:\/\/www.bgf.rs\/novogodisnji-koncerti-beogradske-filharmonije-urnebesni-betoven-i-jos-ponesto\/","og_locale":"sr_RS","og_type":"article","og_title":"Svetska premijera na novogodi\u0161njim koncertima \u2013 urnebesni \u201cBetoven i jo\u0161 pone\u0161to\u201d\ufeff | Beogradska filharmonija","og_description":"Ulaznice u prodaji od 25. novembra Zajedno sa superstarom muzi\u010dke komedije, violinistom Aleksejem Igudesmanom, Beogradska filharmonija prire\u0111uje pravu ekskluzivu povodom dva novogodi\u0161nja koncerta 26. i 27. decembra 2019. na Kolarcu. Njegov \u0161ou \u201cBetoven i jo\u0161 pone\u0161to\u201d ima\u0107e svetsku premijeru upravo sa filharmonijskim orkestrom, a prodaja ulaznica po\u010dinje 25. novembra na biletarnici Beogradske filharmonije kao i [&hellip;]","og_url":"https:\/\/www.bgf.rs\/lt\/novogodisnji-koncerti-beogradske-filharmonije-urnebesni-betoven-i-jos-ponesto\/","og_site_name":"Beogradska filharmonija","article_published_time":"2019-11-20T12:42:19+00:00","article_modified_time":"2019-11-25T12:37:53+00:00","og_image":[{"width":3044,"height":1765,"url":"https:\/\/www.bgf.rs\/wp-content\/uploads\/2019\/11\/aleksey_unbearbeitet-6351.jpg","type":"image\/jpeg"}],"author":"bgf","twitter_card":"summary_large_image","twitter_creator":"@BGFilharmonija","twitter_site":"@BGFilharmonija","twitter_misc":{"\u041d\u0430\u043f\u0438\u0441\u0430\u043d\u043e \u043e\u0434":"bgf","\u041f\u0440\u043e\u0446\u0435\u045a\u0435\u043d\u043e \u0432\u0440\u0435\u043c\u0435 \u0447\u0438\u0442\u0430\u045a\u0430":"1 \u043c\u0438\u043d\u0443\u0442"},"schema":{"@context":"https:\/\/schema.org","@graph":[{"@type":"WebPage","@id":"https:\/\/www.bgf.rs\/lt\/novogodisnji-koncerti-beogradske-filharmonije-urnebesni-betoven-i-jos-ponesto\/","url":"https:\/\/www.bgf.rs\/lt\/novogodisnji-koncerti-beogradske-filharmonije-urnebesni-betoven-i-jos-ponesto\/","name":"Svetska premijera na novogodi\u0161njim koncertima \u2013 urnebesni \u201cBetoven i jo\u0161 pone\u0161to\u201d\ufeff | Beogradska filharmonija","isPartOf":{"@id":"https:\/\/www.bgf.rs\/#website"},"primaryImageOfPage":{"@id":"https:\/\/www.bgf.rs\/lt\/novogodisnji-koncerti-beogradske-filharmonije-urnebesni-betoven-i-jos-ponesto\/#primaryimage"},"image":{"@id":"https:\/\/www.bgf.rs\/lt\/novogodisnji-koncerti-beogradske-filharmonije-urnebesni-betoven-i-jos-ponesto\/#primaryimage"},"thumbnailUrl":"https:\/\/www.bgf.rs\/wp-content\/uploads\/2019\/11\/aleksey_unbearbeitet-6351.jpg","datePublished":"2019-11-20T12:42:19+00:00","dateModified":"2019-11-25T12:37:53+00:00","author":{"@id":"https:\/\/www.bgf.rs\/#\/schema\/person\/46fa53958df31282374baf403ec8bc64"},"breadcrumb":{"@id":"https:\/\/www.bgf.rs\/lt\/novogodisnji-koncerti-beogradske-filharmonije-urnebesni-betoven-i-jos-ponesto\/#breadcrumb"},"inLanguage":"sr-RS","potentialAction":[{"@type":"ReadAction","target":["https:\/\/www.bgf.rs\/lt\/novogodisnji-koncerti-beogradske-filharmonije-urnebesni-betoven-i-jos-ponesto\/"]}]},{"@type":"ImageObject","inLanguage":"sr-RS","@id":"https:\/\/www.bgf.rs\/lt\/novogodisnji-koncerti-beogradske-filharmonije-urnebesni-betoven-i-jos-ponesto\/#primaryimage","url":"https:\/\/www.bgf.rs\/wp-content\/uploads\/2019\/11\/aleksey_unbearbeitet-6351.jpg","contentUrl":"https:\/\/www.bgf.rs\/wp-content\/uploads\/2019\/11\/aleksey_unbearbeitet-6351.jpg","width":3044,"height":1765},{"@type":"BreadcrumbList","@id":"https:\/\/www.bgf.rs\/lt\/novogodisnji-koncerti-beogradske-filharmonije-urnebesni-betoven-i-jos-ponesto\/#breadcrumb","itemListElement":[{"@type":"ListItem","position":1,"name":"Home","item":"https:\/\/www.bgf.rs\/"},{"@type":"ListItem","position":2,"name":"Svetska premijera na novogodi\u0161njim koncertima \u2013 urnebesni \u201cBetoven i jo\u0161 pone\u0161to\u201d\ufeff"}]},{"@type":"WebSite","@id":"https:\/\/www.bgf.rs\/#website","url":"https:\/\/www.bgf.rs\/","name":"Beogradska filharmonija","description":"Samo muzika - jer do\u017eivljaj nema cenu!","potentialAction":[{"@type":"SearchAction","target":{"@type":"EntryPoint","urlTemplate":"https:\/\/www.bgf.rs\/?s={search_term_string}"},"query-input":{"@type":"PropertyValueSpecification","valueRequired":true,"valueName":"search_term_string"}}],"inLanguage":"sr-RS"},{"@type":"Person","@id":"https:\/\/www.bgf.rs\/#\/schema\/person\/46fa53958df31282374baf403ec8bc64","name":"bgf","image":{"@type":"ImageObject","inLanguage":"sr-RS","@id":"https:\/\/www.bgf.rs\/#\/schema\/person\/image\/","url":"https:\/\/secure.gravatar.com\/avatar\/d576158b2e0a82c6bb7c436f39acc82ca27f10e4a45f05f58b6288c4d1f83d11?s=96&d=mm&r=g","contentUrl":"https:\/\/secure.gravatar.com\/avatar\/d576158b2e0a82c6bb7c436f39acc82ca27f10e4a45f05f58b6288c4d1f83d11?s=96&d=mm&r=g","caption":"bgf"},"url":"https:\/\/www.bgf.rs\/author\/bgf\/"}]}},"_links":{"self":[{"href":"https:\/\/www.bgf.rs\/lt\/wp-json\/wp\/v2\/posts\/27998\/"}],"collection":[{"href":"https:\/\/www.bgf.rs\/lt\/wp-json\/wp\/v2\/posts\/"}],"about":[{"href":"https:\/\/www.bgf.rs\/lt\/wp-json\/wp\/v2\/types\/post\/"}],"author":[{"embeddable":true,"href":"https:\/\/www.bgf.rs\/lt\/wp-json\/wp\/v2\/users\/1\/"}],"replies":[{"embeddable":true,"href":"https:\/\/www.bgf.rs\/lt\/wp-json\/wp\/v2\/comments\/?post=27998"}],"version-history":[{"count":0,"href":"https:\/\/www.bgf.rs\/lt\/wp-json\/wp\/v2\/posts\/27998\/revisions\/"}],"wp:featuredmedia":[{"embeddable":true,"href":"https:\/\/www.bgf.rs\/lt\/wp-json\/wp\/v2\/media\/28032\/"}],"wp:attachment":[{"href":"https:\/\/www.bgf.rs\/lt\/wp-json\/wp\/v2\/media\/?parent=27998"}],"wp:term":[{"taxonomy":"category","embeddable":true,"href":"https:\/\/www.bgf.rs\/lt\/wp-json\/wp\/v2\/categories\/?post=27998"},{"taxonomy":"post_tag","embeddable":true,"href":"https:\/\/www.bgf.rs\/lt\/wp-json\/wp\/v2\/tags\/?post=27998"}],"curies":[{"name":"wp","href":"https:\/\/api.w.org\/{rel}","templated":true}]}}