{"id":27349,"date":"2019-10-11T15:13:35","date_gmt":"2019-10-11T14:13:35","guid":{"rendered":"http:\/\/www.bgf.rs\/?p=27349"},"modified":"2019-10-11T15:20:27","modified_gmt":"2019-10-11T14:20:27","slug":"filharmonija-svira-za-bebe-u-srbiji","status":"publish","type":"post","link":"https:\/\/www.bgf.rs\/lt\/filharmonija-svira-za-bebe-u-srbiji\/","title":{"rendered":"Filharmonija svira za bebe u Srbiji"},"content":{"rendered":"\n<p><br>Filharmonija za bebe &#8211; u isto vreme na dva mesta<\/p>\n\n\n\n<p>Beogradska filharmonija \u0107e u istom danu, u subotu 12. oktobra, odr\u017eati koncerte za bebe u dva grada \u2013 u Novom Sadu i Smederevu. Novosadske bebe \u0107e u Galeriji Matice srpske u\u017eivati u koncerti\u0107ima u dva termina, od 11 i 12.30, a smederevske u Centru za kulturu od 12 \u010dasova.<\/p>\n\n\n\n<p>Filharmonijski bejbi bum se \u0161iri van Beograda, pa \u0107e razli\u010diti ansambli posetiti gradove u Srbiji. <\/p>\n\n\n\n<p>Koncertom u subotu zapo\u010dinje nova serija nastupa u Galeriji Matice srpske koju je Filharmonija redovno pose\u0107ivala prethodne sezone i svirala za preko 1000 beba. Beogradska filharmonija je toplo do\u010dekana u smederevskom Centru za kulturu po\u010detkom ove godine, a sada \u0107e prvi put svirati za bebe ovoga grada. <\/p>\n","protected":false},"excerpt":{"rendered":"<p>Filharmonija za bebe &#8211; u isto vreme na dva mesta Beogradska filharmonija \u0107e u istom danu, u subotu 12. oktobra, odr\u017eati koncerte za bebe u dva grada \u2013 u Novom Sadu i Smederevu. Novosadske bebe \u0107e u Galeriji Matice srpske u\u017eivati u koncerti\u0107ima u dva termina, od 11 i 12.30, a smederevske u Centru za [&hellip;]<\/p>\n","protected":false},"author":1,"featured_media":27348,"comment_status":"open","ping_status":"open","sticky":false,"template":"","format":"standard","meta":{"_acf_changed":false,"footnotes":""},"categories":[113],"tags":[],"class_list":["post-27349","post","type-post","status-publish","format-standard","has-post-thumbnail","hentry","category-news-lt"],"acf":[],"yoast_head":"<!-- This site is optimized with the Yoast SEO plugin v23.4 - https:\/\/yoast.com\/wordpress\/plugins\/seo\/ -->\n<title>Filharmonija svira za bebe u Srbiji | Beogradska filharmonija<\/title>\n<meta name=\"robots\" content=\"index, follow, max-snippet:-1, max-image-preview:large, max-video-preview:-1\" \/>\n<link rel=\"canonical\" href=\"https:\/\/www.bgf.rs\/filharmonija-svira-za-bebe-u-srbiji\/\" \/>\n<meta property=\"og:locale\" content=\"sr_RS\" \/>\n<meta property=\"og:type\" content=\"article\" \/>\n<meta property=\"og:title\" content=\"Filharmonija svira za bebe u Srbiji | Beogradska filharmonija\" \/>\n<meta property=\"og:description\" content=\"Filharmonija za bebe &#8211; u isto vreme na dva mesta Beogradska filharmonija \u0107e u istom danu, u subotu 12. oktobra, odr\u017eati koncerte za bebe u dva grada \u2013 u Novom Sadu i Smederevu. Novosadske bebe \u0107e u Galeriji Matice srpske u\u017eivati u koncerti\u0107ima u dva termina, od 11 i 12.30, a smederevske u Centru za [&hellip;]\" \/>\n<meta property=\"og:url\" content=\"https:\/\/www.bgf.rs\/lt\/filharmonija-svira-za-bebe-u-srbiji\/\" \/>\n<meta property=\"og:site_name\" content=\"Beogradska filharmonija\" \/>\n<meta property=\"article:published_time\" content=\"2019-10-11T14:13:35+00:00\" \/>\n<meta property=\"article:modified_time\" content=\"2019-10-11T14:20:27+00:00\" \/>\n<meta property=\"og:image\" content=\"https:\/\/www.bgf.rs\/wp-content\/uploads\/2019\/10\/MDJ232428.jpg\" \/>\n\t<meta property=\"og:image:width\" content=\"3000\" \/>\n\t<meta property=\"og:image:height\" content=\"2000\" \/>\n\t<meta property=\"og:image:type\" content=\"image\/jpeg\" \/>\n<meta name=\"author\" content=\"bgf\" \/>\n<meta name=\"twitter:card\" content=\"summary_large_image\" \/>\n<meta name=\"twitter:creator\" content=\"@BGFilharmonija\" \/>\n<meta name=\"twitter:site\" content=\"@BGFilharmonija\" \/>\n<meta name=\"twitter:label1\" content=\"\u041d\u0430\u043f\u0438\u0441\u0430\u043d\u043e \u043e\u0434\" \/>\n\t<meta name=\"twitter:data1\" content=\"bgf\" \/>\n\t<meta name=\"twitter:label2\" content=\"\u041f\u0440\u043e\u0446\u0435\u045a\u0435\u043d\u043e \u0432\u0440\u0435\u043c\u0435 \u0447\u0438\u0442\u0430\u045a\u0430\" \/>\n\t<meta name=\"twitter:data2\" content=\"1 \u043c\u0438\u043d\u0443\u0442\" \/>\n<script type=\"application\/ld+json\" class=\"yoast-schema-graph\">{\"@context\":\"https:\/\/schema.org\",\"@graph\":[{\"@type\":\"WebPage\",\"@id\":\"https:\/\/www.bgf.rs\/lt\/filharmonija-svira-za-bebe-u-srbiji\/\",\"url\":\"https:\/\/www.bgf.rs\/lt\/filharmonija-svira-za-bebe-u-srbiji\/\",\"name\":\"Filharmonija svira za bebe u Srbiji | Beogradska filharmonija\",\"isPartOf\":{\"@id\":\"https:\/\/www.bgf.rs\/#website\"},\"primaryImageOfPage\":{\"@id\":\"https:\/\/www.bgf.rs\/lt\/filharmonija-svira-za-bebe-u-srbiji\/#primaryimage\"},\"image\":{\"@id\":\"https:\/\/www.bgf.rs\/lt\/filharmonija-svira-za-bebe-u-srbiji\/#primaryimage\"},\"thumbnailUrl\":\"https:\/\/www.bgf.rs\/wp-content\/uploads\/2019\/10\/MDJ232428.jpg\",\"datePublished\":\"2019-10-11T14:13:35+00:00\",\"dateModified\":\"2019-10-11T14:20:27+00:00\",\"author\":{\"@id\":\"https:\/\/www.bgf.rs\/#\/schema\/person\/46fa53958df31282374baf403ec8bc64\"},\"breadcrumb\":{\"@id\":\"https:\/\/www.bgf.rs\/lt\/filharmonija-svira-za-bebe-u-srbiji\/#breadcrumb\"},\"inLanguage\":\"sr-RS\",\"potentialAction\":[{\"@type\":\"ReadAction\",\"target\":[\"https:\/\/www.bgf.rs\/lt\/filharmonija-svira-za-bebe-u-srbiji\/\"]}]},{\"@type\":\"ImageObject\",\"inLanguage\":\"sr-RS\",\"@id\":\"https:\/\/www.bgf.rs\/lt\/filharmonija-svira-za-bebe-u-srbiji\/#primaryimage\",\"url\":\"https:\/\/www.bgf.rs\/wp-content\/uploads\/2019\/10\/MDJ232428.jpg\",\"contentUrl\":\"https:\/\/www.bgf.rs\/wp-content\/uploads\/2019\/10\/MDJ232428.jpg\",\"width\":3000,\"height\":2000},{\"@type\":\"BreadcrumbList\",\"@id\":\"https:\/\/www.bgf.rs\/lt\/filharmonija-svira-za-bebe-u-srbiji\/#breadcrumb\",\"itemListElement\":[{\"@type\":\"ListItem\",\"position\":1,\"name\":\"Home\",\"item\":\"https:\/\/www.bgf.rs\/\"},{\"@type\":\"ListItem\",\"position\":2,\"name\":\"Filharmonija svira za bebe u Srbiji\"}]},{\"@type\":\"WebSite\",\"@id\":\"https:\/\/www.bgf.rs\/#website\",\"url\":\"https:\/\/www.bgf.rs\/\",\"name\":\"Beogradska filharmonija\",\"description\":\"Samo muzika - jer do\u017eivljaj nema cenu!\",\"potentialAction\":[{\"@type\":\"SearchAction\",\"target\":{\"@type\":\"EntryPoint\",\"urlTemplate\":\"https:\/\/www.bgf.rs\/?s={search_term_string}\"},\"query-input\":{\"@type\":\"PropertyValueSpecification\",\"valueRequired\":true,\"valueName\":\"search_term_string\"}}],\"inLanguage\":\"sr-RS\"},{\"@type\":\"Person\",\"@id\":\"https:\/\/www.bgf.rs\/#\/schema\/person\/46fa53958df31282374baf403ec8bc64\",\"name\":\"bgf\",\"image\":{\"@type\":\"ImageObject\",\"inLanguage\":\"sr-RS\",\"@id\":\"https:\/\/www.bgf.rs\/#\/schema\/person\/image\/\",\"url\":\"https:\/\/secure.gravatar.com\/avatar\/d576158b2e0a82c6bb7c436f39acc82ca27f10e4a45f05f58b6288c4d1f83d11?s=96&d=mm&r=g\",\"contentUrl\":\"https:\/\/secure.gravatar.com\/avatar\/d576158b2e0a82c6bb7c436f39acc82ca27f10e4a45f05f58b6288c4d1f83d11?s=96&d=mm&r=g\",\"caption\":\"bgf\"},\"url\":\"https:\/\/www.bgf.rs\/author\/bgf\/\"}]}<\/script>\n<!-- \/ Yoast SEO plugin. -->","yoast_head_json":{"title":"Filharmonija svira za bebe u Srbiji | Beogradska filharmonija","robots":{"index":"index","follow":"follow","max-snippet":"max-snippet:-1","max-image-preview":"max-image-preview:large","max-video-preview":"max-video-preview:-1"},"canonical":"https:\/\/www.bgf.rs\/filharmonija-svira-za-bebe-u-srbiji\/","og_locale":"sr_RS","og_type":"article","og_title":"Filharmonija svira za bebe u Srbiji | Beogradska filharmonija","og_description":"Filharmonija za bebe &#8211; u isto vreme na dva mesta Beogradska filharmonija \u0107e u istom danu, u subotu 12. oktobra, odr\u017eati koncerte za bebe u dva grada \u2013 u Novom Sadu i Smederevu. Novosadske bebe \u0107e u Galeriji Matice srpske u\u017eivati u koncerti\u0107ima u dva termina, od 11 i 12.30, a smederevske u Centru za [&hellip;]","og_url":"https:\/\/www.bgf.rs\/lt\/filharmonija-svira-za-bebe-u-srbiji\/","og_site_name":"Beogradska filharmonija","article_published_time":"2019-10-11T14:13:35+00:00","article_modified_time":"2019-10-11T14:20:27+00:00","og_image":[{"width":3000,"height":2000,"url":"https:\/\/www.bgf.rs\/wp-content\/uploads\/2019\/10\/MDJ232428.jpg","type":"image\/jpeg"}],"author":"bgf","twitter_card":"summary_large_image","twitter_creator":"@BGFilharmonija","twitter_site":"@BGFilharmonija","twitter_misc":{"\u041d\u0430\u043f\u0438\u0441\u0430\u043d\u043e \u043e\u0434":"bgf","\u041f\u0440\u043e\u0446\u0435\u045a\u0435\u043d\u043e \u0432\u0440\u0435\u043c\u0435 \u0447\u0438\u0442\u0430\u045a\u0430":"1 \u043c\u0438\u043d\u0443\u0442"},"schema":{"@context":"https:\/\/schema.org","@graph":[{"@type":"WebPage","@id":"https:\/\/www.bgf.rs\/lt\/filharmonija-svira-za-bebe-u-srbiji\/","url":"https:\/\/www.bgf.rs\/lt\/filharmonija-svira-za-bebe-u-srbiji\/","name":"Filharmonija svira za bebe u Srbiji | Beogradska filharmonija","isPartOf":{"@id":"https:\/\/www.bgf.rs\/#website"},"primaryImageOfPage":{"@id":"https:\/\/www.bgf.rs\/lt\/filharmonija-svira-za-bebe-u-srbiji\/#primaryimage"},"image":{"@id":"https:\/\/www.bgf.rs\/lt\/filharmonija-svira-za-bebe-u-srbiji\/#primaryimage"},"thumbnailUrl":"https:\/\/www.bgf.rs\/wp-content\/uploads\/2019\/10\/MDJ232428.jpg","datePublished":"2019-10-11T14:13:35+00:00","dateModified":"2019-10-11T14:20:27+00:00","author":{"@id":"https:\/\/www.bgf.rs\/#\/schema\/person\/46fa53958df31282374baf403ec8bc64"},"breadcrumb":{"@id":"https:\/\/www.bgf.rs\/lt\/filharmonija-svira-za-bebe-u-srbiji\/#breadcrumb"},"inLanguage":"sr-RS","potentialAction":[{"@type":"ReadAction","target":["https:\/\/www.bgf.rs\/lt\/filharmonija-svira-za-bebe-u-srbiji\/"]}]},{"@type":"ImageObject","inLanguage":"sr-RS","@id":"https:\/\/www.bgf.rs\/lt\/filharmonija-svira-za-bebe-u-srbiji\/#primaryimage","url":"https:\/\/www.bgf.rs\/wp-content\/uploads\/2019\/10\/MDJ232428.jpg","contentUrl":"https:\/\/www.bgf.rs\/wp-content\/uploads\/2019\/10\/MDJ232428.jpg","width":3000,"height":2000},{"@type":"BreadcrumbList","@id":"https:\/\/www.bgf.rs\/lt\/filharmonija-svira-za-bebe-u-srbiji\/#breadcrumb","itemListElement":[{"@type":"ListItem","position":1,"name":"Home","item":"https:\/\/www.bgf.rs\/"},{"@type":"ListItem","position":2,"name":"Filharmonija svira za bebe u Srbiji"}]},{"@type":"WebSite","@id":"https:\/\/www.bgf.rs\/#website","url":"https:\/\/www.bgf.rs\/","name":"Beogradska filharmonija","description":"Samo muzika - jer do\u017eivljaj nema cenu!","potentialAction":[{"@type":"SearchAction","target":{"@type":"EntryPoint","urlTemplate":"https:\/\/www.bgf.rs\/?s={search_term_string}"},"query-input":{"@type":"PropertyValueSpecification","valueRequired":true,"valueName":"search_term_string"}}],"inLanguage":"sr-RS"},{"@type":"Person","@id":"https:\/\/www.bgf.rs\/#\/schema\/person\/46fa53958df31282374baf403ec8bc64","name":"bgf","image":{"@type":"ImageObject","inLanguage":"sr-RS","@id":"https:\/\/www.bgf.rs\/#\/schema\/person\/image\/","url":"https:\/\/secure.gravatar.com\/avatar\/d576158b2e0a82c6bb7c436f39acc82ca27f10e4a45f05f58b6288c4d1f83d11?s=96&d=mm&r=g","contentUrl":"https:\/\/secure.gravatar.com\/avatar\/d576158b2e0a82c6bb7c436f39acc82ca27f10e4a45f05f58b6288c4d1f83d11?s=96&d=mm&r=g","caption":"bgf"},"url":"https:\/\/www.bgf.rs\/author\/bgf\/"}]}},"_links":{"self":[{"href":"https:\/\/www.bgf.rs\/lt\/wp-json\/wp\/v2\/posts\/27349\/"}],"collection":[{"href":"https:\/\/www.bgf.rs\/lt\/wp-json\/wp\/v2\/posts\/"}],"about":[{"href":"https:\/\/www.bgf.rs\/lt\/wp-json\/wp\/v2\/types\/post\/"}],"author":[{"embeddable":true,"href":"https:\/\/www.bgf.rs\/lt\/wp-json\/wp\/v2\/users\/1\/"}],"replies":[{"embeddable":true,"href":"https:\/\/www.bgf.rs\/lt\/wp-json\/wp\/v2\/comments\/?post=27349"}],"version-history":[{"count":0,"href":"https:\/\/www.bgf.rs\/lt\/wp-json\/wp\/v2\/posts\/27349\/revisions\/"}],"wp:featuredmedia":[{"embeddable":true,"href":"https:\/\/www.bgf.rs\/lt\/wp-json\/wp\/v2\/media\/27348\/"}],"wp:attachment":[{"href":"https:\/\/www.bgf.rs\/lt\/wp-json\/wp\/v2\/media\/?parent=27349"}],"wp:term":[{"taxonomy":"category","embeddable":true,"href":"https:\/\/www.bgf.rs\/lt\/wp-json\/wp\/v2\/categories\/?post=27349"},{"taxonomy":"post_tag","embeddable":true,"href":"https:\/\/www.bgf.rs\/lt\/wp-json\/wp\/v2\/tags\/?post=27349"}],"curies":[{"name":"wp","href":"https:\/\/api.w.org\/{rel}","templated":true}]}}