{"id":24883,"date":"2019-05-10T15:44:52","date_gmt":"2019-05-10T14:44:52","guid":{"rendered":"http:\/\/www.bgf.rs\/?p=24883"},"modified":"2019-05-10T15:46:04","modified_gmt":"2019-05-10T14:46:04","slug":"nova-sezona-zapratibetovena","status":"publish","type":"post","link":"https:\/\/www.bgf.rs\/lt\/nova-sezona-zapratibetovena\/","title":{"rendered":"Nova sezona #ZapratiBetovena"},"content":{"rendered":"\n<p>Po\u0161tovane dame i gospodo, uva\u017eena publiko, dragi prijatel\u0458i!<\/p>\n\n\n\n<p>Ne zna se ta\u010dno da li je Ludvig van Betoven ro\u0111en 15, 16, ili 17. decembra 1770. godine. Jedine pouzdane informacije ostale su o njegovom kr\u0161tenju u crkvi Svetog Remigija u Bonu. Danas \u2013 250 godina kasnije, ceo svet vezuje muziku za Betovenovo ime na najlep\u0161i na\u010din, kako to samo i dolikuje. Ludvig van Betoven\u2026 tvorac muzike, div, genije. Ime, koje je gotovo svaki \u017eitel\u0458 ove planete \u010duo. Kompozitor, koji je kao nijedan pre, niti posle njega, definisao oblike simfonija, guda\u010dkih kvarteta, klavirskih sonata, i \u010diji je uticaj na knji\u017eevnost, filosofiju, pa i na samu savremenu pop-kulturu do danas ostao neprevazi\u0111en.\u00a0<\/p>\n\n\n\n<p>\u017delimo da ovom istinskom umetniku iska\u017eemo divl\u0458enje. Cela sezona na\u0161eg divnog orkestra bi\u0107e pod ovim uticajem. Beogradska filharmonija \u0107e izvoditi dela iz doba kada je Betoven spoznao svetla sveta. Kod nas \u0107ete mo\u0107i da \u010dujete koliko je pojedinim muzi\u010dkim stvaraocima bilo te\u0161ko da se, nakon&nbsp;<em>majstorove<\/em>&nbsp;smrti, oslobode tereta njegovog velikog ume\u0107a, i koje je to ponekad radikalne kompozitorske novine zahtevalo. Ne treba zanemariti ni Betovenov uticaj na srpsku kulturu i muziku. N\u0458egova ve\u0161tina instrumentacije proslavi\u0107e velike soliste, a o\u010digledna naklonost na\u0161eg idola ka teatru tako\u0111e ne bi trebalo da bude izostavl\u0458ena.&nbsp;<\/p>\n\n\n\n<p>Sve ovo je na\u0161a namera i ogroman izazov za nas. Nikada se jo\u0161 u svojoj istoriji Beogradska filharmonija nije tako sveobuhvatno i vi\u0161eslojno upustila u ovako intenzivno tuma\u010denje jednog kompozitora, njegove epohe i onoga \u0161to proizilazi iz njegovog stvarala\u010dkog opusa.&nbsp;<\/p>\n\n\n\n<p>Ve\u0107 sada vam mogu otkriti apsolutni vrhunac: 21. juna 2020. godine, Beogradska filharmonija i Dortmundska filharmonija (orkestar koji u Nema\u010dkoj vodim ve\u0107 7 godina), zajedno \u0107e, istog dana (!), izvesti svih devet Betovenovih simfonija! Mo\u017eda \u0107e nam tog dana po\u0107i za rukom, da na tako jedinstven na\u010din, odamo po\u010dast ovom velikom muzi\u010daru, i da ovaj dan \u201csimfonijskog maratona\u201d, kome \u0107emo se predati svim srcem i mislima, u\u010dinimo zauvek vrednim se\u0107anja.<\/p>\n\n\n\n<p>Nadamo se da \u0107emo se videti, a zasigurno \u0107ete nas \u010duti!<\/p>\n\n\n\n<p style=\"text-align:right\">\u00a0Srda\u010dno, <\/p>\n\n\n\n<p style=\"text-align:right\">va\u0161 Gabrijel Felc<\/p>\n\n\n\n<p>Kompletan repertoar i uslove prodaje mo\u017eete pogledati&nbsp;<a href=\"http:\/\/www.bgf.rs\/wp-content\/uploads\/2019\/05\/Plakat-zapratibetovena-za-stampu-TRIM-MARKS.pdf\">OVDE<\/a>.<\/p>\n","protected":false},"excerpt":{"rendered":"<p>Po\u0161tovane dame i gospodo, uva\u017eena publiko, dragi prijatel\u0458i! Ne zna se ta\u010dno da li je Ludvig van Betoven ro\u0111en 15, 16, ili 17. decembra 1770. godine. Jedine pouzdane informacije ostale su o njegovom kr\u0161tenju u crkvi Svetog Remigija u Bonu. Danas \u2013 250 godina kasnije, ceo svet vezuje muziku za Betovenovo ime na najlep\u0161i na\u010din, [&hellip;]<\/p>\n","protected":false},"author":1,"featured_media":24955,"comment_status":"open","ping_status":"open","sticky":false,"template":"","format":"standard","meta":{"_acf_changed":false,"footnotes":""},"categories":[113],"tags":[],"class_list":["post-24883","post","type-post","status-publish","format-standard","has-post-thumbnail","hentry","category-news-lt"],"acf":[],"yoast_head":"<!-- This site is optimized with the Yoast SEO plugin v23.4 - https:\/\/yoast.com\/wordpress\/plugins\/seo\/ -->\n<title>Nova sezona #ZapratiBetovena | Beogradska filharmonija<\/title>\n<meta name=\"robots\" content=\"index, follow, max-snippet:-1, max-image-preview:large, max-video-preview:-1\" \/>\n<link rel=\"canonical\" href=\"https:\/\/www.bgf.rs\/nova-sezona-zapratibetovena\/\" \/>\n<meta property=\"og:locale\" content=\"sr_RS\" \/>\n<meta property=\"og:type\" content=\"article\" \/>\n<meta property=\"og:title\" content=\"Nova sezona #ZapratiBetovena | Beogradska filharmonija\" \/>\n<meta property=\"og:description\" content=\"Po\u0161tovane dame i gospodo, uva\u017eena publiko, dragi prijatel\u0458i! Ne zna se ta\u010dno da li je Ludvig van Betoven ro\u0111en 15, 16, ili 17. decembra 1770. godine. Jedine pouzdane informacije ostale su o njegovom kr\u0161tenju u crkvi Svetog Remigija u Bonu. Danas \u2013 250 godina kasnije, ceo svet vezuje muziku za Betovenovo ime na najlep\u0161i na\u010din, [&hellip;]\" \/>\n<meta property=\"og:url\" content=\"https:\/\/www.bgf.rs\/lt\/nova-sezona-zapratibetovena\/\" \/>\n<meta property=\"og:site_name\" content=\"Beogradska filharmonija\" \/>\n<meta property=\"article:published_time\" content=\"2019-05-10T14:44:52+00:00\" \/>\n<meta property=\"article:modified_time\" content=\"2019-05-10T14:46:04+00:00\" \/>\n<meta property=\"og:image\" content=\"https:\/\/www.bgf.rs\/wp-content\/uploads\/2019\/05\/1170x450-Cirilica-2.jpg\" \/>\n\t<meta property=\"og:image:width\" content=\"1170\" \/>\n\t<meta property=\"og:image:height\" content=\"450\" \/>\n\t<meta property=\"og:image:type\" content=\"image\/jpeg\" \/>\n<meta name=\"author\" content=\"bgf\" \/>\n<meta name=\"twitter:card\" content=\"summary_large_image\" \/>\n<meta name=\"twitter:creator\" content=\"@BGFilharmonija\" \/>\n<meta name=\"twitter:site\" content=\"@BGFilharmonija\" \/>\n<meta name=\"twitter:label1\" content=\"\u041d\u0430\u043f\u0438\u0441\u0430\u043d\u043e \u043e\u0434\" \/>\n\t<meta name=\"twitter:data1\" content=\"bgf\" \/>\n\t<meta name=\"twitter:label2\" content=\"\u041f\u0440\u043e\u0446\u0435\u045a\u0435\u043d\u043e \u0432\u0440\u0435\u043c\u0435 \u0447\u0438\u0442\u0430\u045a\u0430\" \/>\n\t<meta name=\"twitter:data2\" content=\"2 \u043c\u0438\u043d\u0443\u0442\u0430\" \/>\n<script type=\"application\/ld+json\" class=\"yoast-schema-graph\">{\"@context\":\"https:\/\/schema.org\",\"@graph\":[{\"@type\":\"WebPage\",\"@id\":\"https:\/\/www.bgf.rs\/lt\/nova-sezona-zapratibetovena\/\",\"url\":\"https:\/\/www.bgf.rs\/lt\/nova-sezona-zapratibetovena\/\",\"name\":\"Nova sezona #ZapratiBetovena | Beogradska filharmonija\",\"isPartOf\":{\"@id\":\"https:\/\/www.bgf.rs\/#website\"},\"primaryImageOfPage\":{\"@id\":\"https:\/\/www.bgf.rs\/lt\/nova-sezona-zapratibetovena\/#primaryimage\"},\"image\":{\"@id\":\"https:\/\/www.bgf.rs\/lt\/nova-sezona-zapratibetovena\/#primaryimage\"},\"thumbnailUrl\":\"https:\/\/www.bgf.rs\/wp-content\/uploads\/2019\/05\/1170x450-Cirilica-2.jpg\",\"datePublished\":\"2019-05-10T14:44:52+00:00\",\"dateModified\":\"2019-05-10T14:46:04+00:00\",\"author\":{\"@id\":\"https:\/\/www.bgf.rs\/#\/schema\/person\/46fa53958df31282374baf403ec8bc64\"},\"breadcrumb\":{\"@id\":\"https:\/\/www.bgf.rs\/lt\/nova-sezona-zapratibetovena\/#breadcrumb\"},\"inLanguage\":\"sr-RS\",\"potentialAction\":[{\"@type\":\"ReadAction\",\"target\":[\"https:\/\/www.bgf.rs\/lt\/nova-sezona-zapratibetovena\/\"]}]},{\"@type\":\"ImageObject\",\"inLanguage\":\"sr-RS\",\"@id\":\"https:\/\/www.bgf.rs\/lt\/nova-sezona-zapratibetovena\/#primaryimage\",\"url\":\"https:\/\/www.bgf.rs\/wp-content\/uploads\/2019\/05\/1170x450-Cirilica-2.jpg\",\"contentUrl\":\"https:\/\/www.bgf.rs\/wp-content\/uploads\/2019\/05\/1170x450-Cirilica-2.jpg\",\"width\":1170,\"height\":450},{\"@type\":\"BreadcrumbList\",\"@id\":\"https:\/\/www.bgf.rs\/lt\/nova-sezona-zapratibetovena\/#breadcrumb\",\"itemListElement\":[{\"@type\":\"ListItem\",\"position\":1,\"name\":\"Home\",\"item\":\"https:\/\/www.bgf.rs\/\"},{\"@type\":\"ListItem\",\"position\":2,\"name\":\"Nova sezona #ZapratiBetovena\"}]},{\"@type\":\"WebSite\",\"@id\":\"https:\/\/www.bgf.rs\/#website\",\"url\":\"https:\/\/www.bgf.rs\/\",\"name\":\"Beogradska filharmonija\",\"description\":\"Samo muzika - jer do\u017eivljaj nema cenu!\",\"potentialAction\":[{\"@type\":\"SearchAction\",\"target\":{\"@type\":\"EntryPoint\",\"urlTemplate\":\"https:\/\/www.bgf.rs\/?s={search_term_string}\"},\"query-input\":{\"@type\":\"PropertyValueSpecification\",\"valueRequired\":true,\"valueName\":\"search_term_string\"}}],\"inLanguage\":\"sr-RS\"},{\"@type\":\"Person\",\"@id\":\"https:\/\/www.bgf.rs\/#\/schema\/person\/46fa53958df31282374baf403ec8bc64\",\"name\":\"bgf\",\"image\":{\"@type\":\"ImageObject\",\"inLanguage\":\"sr-RS\",\"@id\":\"https:\/\/www.bgf.rs\/#\/schema\/person\/image\/\",\"url\":\"https:\/\/secure.gravatar.com\/avatar\/d576158b2e0a82c6bb7c436f39acc82ca27f10e4a45f05f58b6288c4d1f83d11?s=96&d=mm&r=g\",\"contentUrl\":\"https:\/\/secure.gravatar.com\/avatar\/d576158b2e0a82c6bb7c436f39acc82ca27f10e4a45f05f58b6288c4d1f83d11?s=96&d=mm&r=g\",\"caption\":\"bgf\"},\"url\":\"https:\/\/www.bgf.rs\/author\/bgf\/\"}]}<\/script>\n<!-- \/ Yoast SEO plugin. -->","yoast_head_json":{"title":"Nova sezona #ZapratiBetovena | Beogradska filharmonija","robots":{"index":"index","follow":"follow","max-snippet":"max-snippet:-1","max-image-preview":"max-image-preview:large","max-video-preview":"max-video-preview:-1"},"canonical":"https:\/\/www.bgf.rs\/nova-sezona-zapratibetovena\/","og_locale":"sr_RS","og_type":"article","og_title":"Nova sezona #ZapratiBetovena | Beogradska filharmonija","og_description":"Po\u0161tovane dame i gospodo, uva\u017eena publiko, dragi prijatel\u0458i! Ne zna se ta\u010dno da li je Ludvig van Betoven ro\u0111en 15, 16, ili 17. decembra 1770. godine. Jedine pouzdane informacije ostale su o njegovom kr\u0161tenju u crkvi Svetog Remigija u Bonu. Danas \u2013 250 godina kasnije, ceo svet vezuje muziku za Betovenovo ime na najlep\u0161i na\u010din, [&hellip;]","og_url":"https:\/\/www.bgf.rs\/lt\/nova-sezona-zapratibetovena\/","og_site_name":"Beogradska filharmonija","article_published_time":"2019-05-10T14:44:52+00:00","article_modified_time":"2019-05-10T14:46:04+00:00","og_image":[{"width":1170,"height":450,"url":"https:\/\/www.bgf.rs\/wp-content\/uploads\/2019\/05\/1170x450-Cirilica-2.jpg","type":"image\/jpeg"}],"author":"bgf","twitter_card":"summary_large_image","twitter_creator":"@BGFilharmonija","twitter_site":"@BGFilharmonija","twitter_misc":{"\u041d\u0430\u043f\u0438\u0441\u0430\u043d\u043e \u043e\u0434":"bgf","\u041f\u0440\u043e\u0446\u0435\u045a\u0435\u043d\u043e \u0432\u0440\u0435\u043c\u0435 \u0447\u0438\u0442\u0430\u045a\u0430":"2 \u043c\u0438\u043d\u0443\u0442\u0430"},"schema":{"@context":"https:\/\/schema.org","@graph":[{"@type":"WebPage","@id":"https:\/\/www.bgf.rs\/lt\/nova-sezona-zapratibetovena\/","url":"https:\/\/www.bgf.rs\/lt\/nova-sezona-zapratibetovena\/","name":"Nova sezona #ZapratiBetovena | Beogradska filharmonija","isPartOf":{"@id":"https:\/\/www.bgf.rs\/#website"},"primaryImageOfPage":{"@id":"https:\/\/www.bgf.rs\/lt\/nova-sezona-zapratibetovena\/#primaryimage"},"image":{"@id":"https:\/\/www.bgf.rs\/lt\/nova-sezona-zapratibetovena\/#primaryimage"},"thumbnailUrl":"https:\/\/www.bgf.rs\/wp-content\/uploads\/2019\/05\/1170x450-Cirilica-2.jpg","datePublished":"2019-05-10T14:44:52+00:00","dateModified":"2019-05-10T14:46:04+00:00","author":{"@id":"https:\/\/www.bgf.rs\/#\/schema\/person\/46fa53958df31282374baf403ec8bc64"},"breadcrumb":{"@id":"https:\/\/www.bgf.rs\/lt\/nova-sezona-zapratibetovena\/#breadcrumb"},"inLanguage":"sr-RS","potentialAction":[{"@type":"ReadAction","target":["https:\/\/www.bgf.rs\/lt\/nova-sezona-zapratibetovena\/"]}]},{"@type":"ImageObject","inLanguage":"sr-RS","@id":"https:\/\/www.bgf.rs\/lt\/nova-sezona-zapratibetovena\/#primaryimage","url":"https:\/\/www.bgf.rs\/wp-content\/uploads\/2019\/05\/1170x450-Cirilica-2.jpg","contentUrl":"https:\/\/www.bgf.rs\/wp-content\/uploads\/2019\/05\/1170x450-Cirilica-2.jpg","width":1170,"height":450},{"@type":"BreadcrumbList","@id":"https:\/\/www.bgf.rs\/lt\/nova-sezona-zapratibetovena\/#breadcrumb","itemListElement":[{"@type":"ListItem","position":1,"name":"Home","item":"https:\/\/www.bgf.rs\/"},{"@type":"ListItem","position":2,"name":"Nova sezona #ZapratiBetovena"}]},{"@type":"WebSite","@id":"https:\/\/www.bgf.rs\/#website","url":"https:\/\/www.bgf.rs\/","name":"Beogradska filharmonija","description":"Samo muzika - jer do\u017eivljaj nema cenu!","potentialAction":[{"@type":"SearchAction","target":{"@type":"EntryPoint","urlTemplate":"https:\/\/www.bgf.rs\/?s={search_term_string}"},"query-input":{"@type":"PropertyValueSpecification","valueRequired":true,"valueName":"search_term_string"}}],"inLanguage":"sr-RS"},{"@type":"Person","@id":"https:\/\/www.bgf.rs\/#\/schema\/person\/46fa53958df31282374baf403ec8bc64","name":"bgf","image":{"@type":"ImageObject","inLanguage":"sr-RS","@id":"https:\/\/www.bgf.rs\/#\/schema\/person\/image\/","url":"https:\/\/secure.gravatar.com\/avatar\/d576158b2e0a82c6bb7c436f39acc82ca27f10e4a45f05f58b6288c4d1f83d11?s=96&d=mm&r=g","contentUrl":"https:\/\/secure.gravatar.com\/avatar\/d576158b2e0a82c6bb7c436f39acc82ca27f10e4a45f05f58b6288c4d1f83d11?s=96&d=mm&r=g","caption":"bgf"},"url":"https:\/\/www.bgf.rs\/author\/bgf\/"}]}},"_links":{"self":[{"href":"https:\/\/www.bgf.rs\/lt\/wp-json\/wp\/v2\/posts\/24883\/"}],"collection":[{"href":"https:\/\/www.bgf.rs\/lt\/wp-json\/wp\/v2\/posts\/"}],"about":[{"href":"https:\/\/www.bgf.rs\/lt\/wp-json\/wp\/v2\/types\/post\/"}],"author":[{"embeddable":true,"href":"https:\/\/www.bgf.rs\/lt\/wp-json\/wp\/v2\/users\/1\/"}],"replies":[{"embeddable":true,"href":"https:\/\/www.bgf.rs\/lt\/wp-json\/wp\/v2\/comments\/?post=24883"}],"version-history":[{"count":0,"href":"https:\/\/www.bgf.rs\/lt\/wp-json\/wp\/v2\/posts\/24883\/revisions\/"}],"wp:featuredmedia":[{"embeddable":true,"href":"https:\/\/www.bgf.rs\/lt\/wp-json\/wp\/v2\/media\/24955\/"}],"wp:attachment":[{"href":"https:\/\/www.bgf.rs\/lt\/wp-json\/wp\/v2\/media\/?parent=24883"}],"wp:term":[{"taxonomy":"category","embeddable":true,"href":"https:\/\/www.bgf.rs\/lt\/wp-json\/wp\/v2\/categories\/?post=24883"},{"taxonomy":"post_tag","embeddable":true,"href":"https:\/\/www.bgf.rs\/lt\/wp-json\/wp\/v2\/tags\/?post=24883"}],"curies":[{"name":"wp","href":"https:\/\/api.w.org\/{rel}","templated":true}]}}