{"id":20261,"date":"2018-11-08T23:34:09","date_gmt":"2018-11-08T22:34:09","guid":{"rendered":"http:\/\/www.bgf.rs\/?p=20261\/"},"modified":"2018-11-08T23:36:00","modified_gmt":"2018-11-08T22:36:00","slug":"mudroslovlje-u-filharmoniji","status":"publish","type":"post","link":"https:\/\/www.bgf.rs\/lt\/mudroslovlje-u-filharmoniji\/","title":{"rendered":"Mudroslovlje u Filharmoniji"},"content":{"rendered":"<p>Kako zvu\u010de blistavi umovi muzi\u010dke umetnosti, Beogradska filharmonija prikazuje u ciklusu koncerata \u201cMudroslovlje\u201d, a prvi u nizu zakazan je za petak 9. novembar na Kolarcu (20\u010d). Pod upravom <a href=\"http:\/\/www.bgf.rs\/lt\/dirigent_cp\/fabris-bolon\/\">Fabrisa Bolona<\/a>, sa orkestrom prvi put nastupa violinistkinja <a href=\"http:\/\/www.bgf.rs\/lt\/solista_cp\/aline-pogostkine\/\">Alina Pogostkina<\/a>, a na programu su dela Vagnera, Vasksa i \u0160ostakovi\u010da.<\/p>\n<p>Ciklus Mudroslovl\u0458e sasvim logi\u010dno po\u010dinje primerom iz Vagnerovog opusa, jednog od najve\u0107ih muzi\u010dkih umova, odnosno \u201eUskr\u0161njom \u010darolijom\u201c iz opere Parsifal.<\/p>\n<p>Duboko filozofski pristup karakteristi\u010dan je za letonskog kompozitora Peterisa Vasksa. Kroz violinski koncert \u201eUdal\u0458ena svetlost\u201c, kompozitor predstavl\u0458a uspomene iz detinjstva, ali tako\u0111e i sjaj zvezda udal\u0458enih milion svetlosnih godina. Sa orkestrom \u0107e scenu deliti Alina Pogostkina, nekada\u0161nja pobednica konkursa <em>Sibelijus<\/em>, a danas umetnica internacionalne reputacije. Publika \u0107e imati priliku posebno da u\u017eiva u zvucima njenog instrumenta &#8211; violine <em>Saserno<\/em> Antonija Stradivarija.<\/p>\n<p>Deveta simfonija D. \u0160ostakovi\u010da kruni\u0161e program kroz primer politi\u010dki blistavog uma. Umesto da stvori megalomansku simfoniju kakvu je o\u010dekivao Stal\u0458in u \u017eel\u0458i za sovjetskom, \u201enacionalnom Devetom\u201c, \u0160ostakovi\u010d je namerno napisao jedno koncizno i veselo ostvarenje, \u201ekoje \u0107e muzi\u010dari voleti da sviraju, a kriti\u010dari da kritikuju\u201d.<\/p>\n<p>Sto ulaznica za stajanje bi\u0107e u prodaji sat vremena uo\u010di koncerta, odnosno od 19 \u010dasova na balgajni Kolarca.<\/p>\n","protected":false},"excerpt":{"rendered":"<p>Kako zvu\u010de blistavi umovi muzi\u010dke umetnosti, Beogradska filharmonija prikazuje u ciklusu koncerata \u201cMudroslovlje\u201d, a prvi u nizu zakazan je za petak 9. novembar na Kolarcu (20\u010d). Pod upravom Fabrisa Bolona, sa orkestrom prvi put nastupa violinistkinja Alina Pogostkina, a na programu su dela Vagnera, Vasksa i \u0160ostakovi\u010da. Ciklus Mudroslovl\u0458e sasvim logi\u010dno po\u010dinje primerom iz Vagnerovog [&hellip;]<\/p>\n","protected":false},"author":1,"featured_media":20260,"comment_status":"open","ping_status":"open","sticky":false,"template":"","format":"standard","meta":{"_acf_changed":false,"footnotes":""},"categories":[113],"tags":[],"class_list":["post-20261","post","type-post","status-publish","format-standard","has-post-thumbnail","hentry","category-news-lt"],"acf":[],"yoast_head":"<!-- This site is optimized with the Yoast SEO plugin v23.4 - https:\/\/yoast.com\/wordpress\/plugins\/seo\/ -->\n<title>Mudroslovlje u Filharmoniji | Beogradska filharmonija<\/title>\n<meta name=\"robots\" content=\"index, follow, max-snippet:-1, max-image-preview:large, max-video-preview:-1\" \/>\n<link rel=\"canonical\" href=\"https:\/\/www.bgf.rs\/mudroslovlje-u-filharmoniji\/\" \/>\n<meta property=\"og:locale\" content=\"sr_RS\" \/>\n<meta property=\"og:type\" content=\"article\" \/>\n<meta property=\"og:title\" content=\"Mudroslovlje u Filharmoniji | Beogradska filharmonija\" \/>\n<meta property=\"og:description\" content=\"Kako zvu\u010de blistavi umovi muzi\u010dke umetnosti, Beogradska filharmonija prikazuje u ciklusu koncerata \u201cMudroslovlje\u201d, a prvi u nizu zakazan je za petak 9. novembar na Kolarcu (20\u010d). Pod upravom Fabrisa Bolona, sa orkestrom prvi put nastupa violinistkinja Alina Pogostkina, a na programu su dela Vagnera, Vasksa i \u0160ostakovi\u010da. Ciklus Mudroslovl\u0458e sasvim logi\u010dno po\u010dinje primerom iz Vagnerovog [&hellip;]\" \/>\n<meta property=\"og:url\" content=\"https:\/\/www.bgf.rs\/lt\/mudroslovlje-u-filharmoniji\/\" \/>\n<meta property=\"og:site_name\" content=\"Beogradska filharmonija\" \/>\n<meta property=\"article:published_time\" content=\"2018-11-08T22:34:09+00:00\" \/>\n<meta property=\"article:modified_time\" content=\"2018-11-08T22:36:00+00:00\" \/>\n<meta property=\"og:image\" content=\"https:\/\/www.bgf.rs\/wp-content\/uploads\/2018\/11\/fabris-bolon-foto-marko-djokovic.jpg\" \/>\n\t<meta property=\"og:image:width\" content=\"960\" \/>\n\t<meta property=\"og:image:height\" content=\"638\" \/>\n\t<meta property=\"og:image:type\" content=\"image\/jpeg\" \/>\n<meta name=\"author\" content=\"bgf\" \/>\n<meta name=\"twitter:card\" content=\"summary_large_image\" \/>\n<meta name=\"twitter:creator\" content=\"@BGFilharmonija\" \/>\n<meta name=\"twitter:site\" content=\"@BGFilharmonija\" \/>\n<meta name=\"twitter:label1\" content=\"\u041d\u0430\u043f\u0438\u0441\u0430\u043d\u043e \u043e\u0434\" \/>\n\t<meta name=\"twitter:data1\" content=\"bgf\" \/>\n\t<meta name=\"twitter:label2\" content=\"\u041f\u0440\u043e\u0446\u0435\u045a\u0435\u043d\u043e \u0432\u0440\u0435\u043c\u0435 \u0447\u0438\u0442\u0430\u045a\u0430\" \/>\n\t<meta name=\"twitter:data2\" content=\"1 \u043c\u0438\u043d\u0443\u0442\" \/>\n<script type=\"application\/ld+json\" class=\"yoast-schema-graph\">{\"@context\":\"https:\/\/schema.org\",\"@graph\":[{\"@type\":\"WebPage\",\"@id\":\"https:\/\/www.bgf.rs\/lt\/mudroslovlje-u-filharmoniji\/\",\"url\":\"https:\/\/www.bgf.rs\/lt\/mudroslovlje-u-filharmoniji\/\",\"name\":\"Mudroslovlje u Filharmoniji | Beogradska filharmonija\",\"isPartOf\":{\"@id\":\"https:\/\/www.bgf.rs\/#website\"},\"primaryImageOfPage\":{\"@id\":\"https:\/\/www.bgf.rs\/lt\/mudroslovlje-u-filharmoniji\/#primaryimage\"},\"image\":{\"@id\":\"https:\/\/www.bgf.rs\/lt\/mudroslovlje-u-filharmoniji\/#primaryimage\"},\"thumbnailUrl\":\"https:\/\/www.bgf.rs\/wp-content\/uploads\/2018\/11\/fabris-bolon-foto-marko-djokovic.jpg\",\"datePublished\":\"2018-11-08T22:34:09+00:00\",\"dateModified\":\"2018-11-08T22:36:00+00:00\",\"author\":{\"@id\":\"https:\/\/www.bgf.rs\/#\/schema\/person\/46fa53958df31282374baf403ec8bc64\"},\"breadcrumb\":{\"@id\":\"https:\/\/www.bgf.rs\/lt\/mudroslovlje-u-filharmoniji\/#breadcrumb\"},\"inLanguage\":\"sr-RS\",\"potentialAction\":[{\"@type\":\"ReadAction\",\"target\":[\"https:\/\/www.bgf.rs\/lt\/mudroslovlje-u-filharmoniji\/\"]}]},{\"@type\":\"ImageObject\",\"inLanguage\":\"sr-RS\",\"@id\":\"https:\/\/www.bgf.rs\/lt\/mudroslovlje-u-filharmoniji\/#primaryimage\",\"url\":\"https:\/\/www.bgf.rs\/wp-content\/uploads\/2018\/11\/fabris-bolon-foto-marko-djokovic.jpg\",\"contentUrl\":\"https:\/\/www.bgf.rs\/wp-content\/uploads\/2018\/11\/fabris-bolon-foto-marko-djokovic.jpg\",\"width\":960,\"height\":638},{\"@type\":\"BreadcrumbList\",\"@id\":\"https:\/\/www.bgf.rs\/lt\/mudroslovlje-u-filharmoniji\/#breadcrumb\",\"itemListElement\":[{\"@type\":\"ListItem\",\"position\":1,\"name\":\"Home\",\"item\":\"https:\/\/www.bgf.rs\/\"},{\"@type\":\"ListItem\",\"position\":2,\"name\":\"Mudroslovlje u Filharmoniji\"}]},{\"@type\":\"WebSite\",\"@id\":\"https:\/\/www.bgf.rs\/#website\",\"url\":\"https:\/\/www.bgf.rs\/\",\"name\":\"Beogradska filharmonija\",\"description\":\"Samo muzika - jer do\u017eivljaj nema cenu!\",\"potentialAction\":[{\"@type\":\"SearchAction\",\"target\":{\"@type\":\"EntryPoint\",\"urlTemplate\":\"https:\/\/www.bgf.rs\/?s={search_term_string}\"},\"query-input\":{\"@type\":\"PropertyValueSpecification\",\"valueRequired\":true,\"valueName\":\"search_term_string\"}}],\"inLanguage\":\"sr-RS\"},{\"@type\":\"Person\",\"@id\":\"https:\/\/www.bgf.rs\/#\/schema\/person\/46fa53958df31282374baf403ec8bc64\",\"name\":\"bgf\",\"image\":{\"@type\":\"ImageObject\",\"inLanguage\":\"sr-RS\",\"@id\":\"https:\/\/www.bgf.rs\/#\/schema\/person\/image\/\",\"url\":\"https:\/\/secure.gravatar.com\/avatar\/d576158b2e0a82c6bb7c436f39acc82ca27f10e4a45f05f58b6288c4d1f83d11?s=96&d=mm&r=g\",\"contentUrl\":\"https:\/\/secure.gravatar.com\/avatar\/d576158b2e0a82c6bb7c436f39acc82ca27f10e4a45f05f58b6288c4d1f83d11?s=96&d=mm&r=g\",\"caption\":\"bgf\"},\"url\":\"https:\/\/www.bgf.rs\/author\/bgf\/\"}]}<\/script>\n<!-- \/ Yoast SEO plugin. -->","yoast_head_json":{"title":"Mudroslovlje u Filharmoniji | Beogradska filharmonija","robots":{"index":"index","follow":"follow","max-snippet":"max-snippet:-1","max-image-preview":"max-image-preview:large","max-video-preview":"max-video-preview:-1"},"canonical":"https:\/\/www.bgf.rs\/mudroslovlje-u-filharmoniji\/","og_locale":"sr_RS","og_type":"article","og_title":"Mudroslovlje u Filharmoniji | Beogradska filharmonija","og_description":"Kako zvu\u010de blistavi umovi muzi\u010dke umetnosti, Beogradska filharmonija prikazuje u ciklusu koncerata \u201cMudroslovlje\u201d, a prvi u nizu zakazan je za petak 9. novembar na Kolarcu (20\u010d). Pod upravom Fabrisa Bolona, sa orkestrom prvi put nastupa violinistkinja Alina Pogostkina, a na programu su dela Vagnera, Vasksa i \u0160ostakovi\u010da. Ciklus Mudroslovl\u0458e sasvim logi\u010dno po\u010dinje primerom iz Vagnerovog [&hellip;]","og_url":"https:\/\/www.bgf.rs\/lt\/mudroslovlje-u-filharmoniji\/","og_site_name":"Beogradska filharmonija","article_published_time":"2018-11-08T22:34:09+00:00","article_modified_time":"2018-11-08T22:36:00+00:00","og_image":[{"width":960,"height":638,"url":"https:\/\/www.bgf.rs\/wp-content\/uploads\/2018\/11\/fabris-bolon-foto-marko-djokovic.jpg","type":"image\/jpeg"}],"author":"bgf","twitter_card":"summary_large_image","twitter_creator":"@BGFilharmonija","twitter_site":"@BGFilharmonija","twitter_misc":{"\u041d\u0430\u043f\u0438\u0441\u0430\u043d\u043e \u043e\u0434":"bgf","\u041f\u0440\u043e\u0446\u0435\u045a\u0435\u043d\u043e \u0432\u0440\u0435\u043c\u0435 \u0447\u0438\u0442\u0430\u045a\u0430":"1 \u043c\u0438\u043d\u0443\u0442"},"schema":{"@context":"https:\/\/schema.org","@graph":[{"@type":"WebPage","@id":"https:\/\/www.bgf.rs\/lt\/mudroslovlje-u-filharmoniji\/","url":"https:\/\/www.bgf.rs\/lt\/mudroslovlje-u-filharmoniji\/","name":"Mudroslovlje u Filharmoniji | Beogradska filharmonija","isPartOf":{"@id":"https:\/\/www.bgf.rs\/#website"},"primaryImageOfPage":{"@id":"https:\/\/www.bgf.rs\/lt\/mudroslovlje-u-filharmoniji\/#primaryimage"},"image":{"@id":"https:\/\/www.bgf.rs\/lt\/mudroslovlje-u-filharmoniji\/#primaryimage"},"thumbnailUrl":"https:\/\/www.bgf.rs\/wp-content\/uploads\/2018\/11\/fabris-bolon-foto-marko-djokovic.jpg","datePublished":"2018-11-08T22:34:09+00:00","dateModified":"2018-11-08T22:36:00+00:00","author":{"@id":"https:\/\/www.bgf.rs\/#\/schema\/person\/46fa53958df31282374baf403ec8bc64"},"breadcrumb":{"@id":"https:\/\/www.bgf.rs\/lt\/mudroslovlje-u-filharmoniji\/#breadcrumb"},"inLanguage":"sr-RS","potentialAction":[{"@type":"ReadAction","target":["https:\/\/www.bgf.rs\/lt\/mudroslovlje-u-filharmoniji\/"]}]},{"@type":"ImageObject","inLanguage":"sr-RS","@id":"https:\/\/www.bgf.rs\/lt\/mudroslovlje-u-filharmoniji\/#primaryimage","url":"https:\/\/www.bgf.rs\/wp-content\/uploads\/2018\/11\/fabris-bolon-foto-marko-djokovic.jpg","contentUrl":"https:\/\/www.bgf.rs\/wp-content\/uploads\/2018\/11\/fabris-bolon-foto-marko-djokovic.jpg","width":960,"height":638},{"@type":"BreadcrumbList","@id":"https:\/\/www.bgf.rs\/lt\/mudroslovlje-u-filharmoniji\/#breadcrumb","itemListElement":[{"@type":"ListItem","position":1,"name":"Home","item":"https:\/\/www.bgf.rs\/"},{"@type":"ListItem","position":2,"name":"Mudroslovlje u Filharmoniji"}]},{"@type":"WebSite","@id":"https:\/\/www.bgf.rs\/#website","url":"https:\/\/www.bgf.rs\/","name":"Beogradska filharmonija","description":"Samo muzika - jer do\u017eivljaj nema cenu!","potentialAction":[{"@type":"SearchAction","target":{"@type":"EntryPoint","urlTemplate":"https:\/\/www.bgf.rs\/?s={search_term_string}"},"query-input":{"@type":"PropertyValueSpecification","valueRequired":true,"valueName":"search_term_string"}}],"inLanguage":"sr-RS"},{"@type":"Person","@id":"https:\/\/www.bgf.rs\/#\/schema\/person\/46fa53958df31282374baf403ec8bc64","name":"bgf","image":{"@type":"ImageObject","inLanguage":"sr-RS","@id":"https:\/\/www.bgf.rs\/#\/schema\/person\/image\/","url":"https:\/\/secure.gravatar.com\/avatar\/d576158b2e0a82c6bb7c436f39acc82ca27f10e4a45f05f58b6288c4d1f83d11?s=96&d=mm&r=g","contentUrl":"https:\/\/secure.gravatar.com\/avatar\/d576158b2e0a82c6bb7c436f39acc82ca27f10e4a45f05f58b6288c4d1f83d11?s=96&d=mm&r=g","caption":"bgf"},"url":"https:\/\/www.bgf.rs\/author\/bgf\/"}]}},"_links":{"self":[{"href":"https:\/\/www.bgf.rs\/lt\/wp-json\/wp\/v2\/posts\/20261\/"}],"collection":[{"href":"https:\/\/www.bgf.rs\/lt\/wp-json\/wp\/v2\/posts\/"}],"about":[{"href":"https:\/\/www.bgf.rs\/lt\/wp-json\/wp\/v2\/types\/post\/"}],"author":[{"embeddable":true,"href":"https:\/\/www.bgf.rs\/lt\/wp-json\/wp\/v2\/users\/1\/"}],"replies":[{"embeddable":true,"href":"https:\/\/www.bgf.rs\/lt\/wp-json\/wp\/v2\/comments\/?post=20261"}],"version-history":[{"count":0,"href":"https:\/\/www.bgf.rs\/lt\/wp-json\/wp\/v2\/posts\/20261\/revisions\/"}],"wp:featuredmedia":[{"embeddable":true,"href":"https:\/\/www.bgf.rs\/lt\/wp-json\/wp\/v2\/media\/20260\/"}],"wp:attachment":[{"href":"https:\/\/www.bgf.rs\/lt\/wp-json\/wp\/v2\/media\/?parent=20261"}],"wp:term":[{"taxonomy":"category","embeddable":true,"href":"https:\/\/www.bgf.rs\/lt\/wp-json\/wp\/v2\/categories\/?post=20261"},{"taxonomy":"post_tag","embeddable":true,"href":"https:\/\/www.bgf.rs\/lt\/wp-json\/wp\/v2\/tags\/?post=20261"}],"curies":[{"name":"wp","href":"https:\/\/api.w.org\/{rel}","templated":true}]}}