{"id":20221,"date":"2018-11-02T10:08:58","date_gmt":"2018-11-02T09:08:58","guid":{"rendered":"http:\/\/www.bgf.rs\/?p=20221\/"},"modified":"2018-11-02T10:11:29","modified_gmt":"2018-11-02T09:11:29","slug":"bruknerova-osma-simfonija-nakon-dve-decenije","status":"publish","type":"post","link":"https:\/\/www.bgf.rs\/lt\/bruknerova-osma-simfonija-nakon-dve-decenije\/","title":{"rendered":"Bruknerova Osma simfonija nakon dve decenije"},"content":{"rendered":"<p>Beogradska filharmonija i \u0161ef-dirigent Gabrijel Felc, spremaju simfonijski poduhvat \u2013 Osmu Bruknerovu simfoniju, koju izvode u petak 2. novembra na Kolarcu (20\u010d). Koncert je posve\u0107en isklju\u010divo ovom delu, \u010dijih devedeset minuta \u201ezida\u201c gigantsku zvu\u010dnu gra\u0111evinu \u2013 idealnu za po\u010detak filharmonijskog ciklusa <a href=\"https:\/\/www.bgf.rs\/lt\/repertoar_cp\/uzvisenije-1\/\">Uzvi\u0161enije<\/a>.<\/p>\n<p>\u201eAko bi trebalo da ponesem ne\u0161to sa sobom na pusto ostrvo, to bi bila ova Bruknerova simfonija, pogotovo njen lagani stav\u201c, ka\u017ee Felc.<\/p>\n<p>\u201eNa mnogo na\u010dina sam povezan sa ovom simfonijom, \u010duo sam je jo\u0161 kao sedmogodi\u0161nji de\u010dak. Iako tada nisam mogao da je razumem, promenila mi je \u017eivot. Dok je radim sa orkestrom, vreme nekako druga\u010dije te\u010de. Pogotovo njen lagani stav, rekao bih da taj mir iz dubine partiture, uti\u010de toliko da bi medicinski moglo da se doka\u017ee da sni\u017eava krvni pritisak\u201c, zaklju\u010duje \u0161ef-dirigent Beogradske filharmonije, koji \u0107e najobimniju Bruknerovu simfoniju dirigovati napamet.<\/p>\n<p>Za Osmu simfoniju se ka\u017ee da je titanska kreacija, koja predstavlja kulminaciju kompozitorove mudrosti i zrelosti. Brukner je bio duboko religiozan \u010dovek, \u010dak je sahranjen u kripti manastira ispod orgulja na kojima je svirao. Muzi\u010dari Beogradske filharmonije \u0107e demonstrirati svu svoju ve\u0161tinu, koncentraciju i posve\u0107enost u delu koje dve decenije nije bilo na reprotaru orkestra. Svi koji su radoznali da to \u010duju, mogu kupiti ulaznice za stajanje, sat vremena uo\u010di koncerta, odnosno od 19 \u010dasova na blagajni Kolarca.<\/p>\n","protected":false},"excerpt":{"rendered":"<p>Beogradska filharmonija i \u0161ef-dirigent Gabrijel Felc, spremaju simfonijski poduhvat \u2013 Osmu Bruknerovu simfoniju, koju izvode u petak 2. novembra na Kolarcu (20\u010d). Koncert je posve\u0107en isklju\u010divo ovom delu, \u010dijih devedeset minuta \u201ezida\u201c gigantsku zvu\u010dnu gra\u0111evinu \u2013 idealnu za po\u010detak filharmonijskog ciklusa Uzvi\u0161enije. \u201eAko bi trebalo da ponesem ne\u0161to sa sobom na pusto ostrvo, to bi [&hellip;]<\/p>\n","protected":false},"author":1,"featured_media":20220,"comment_status":"open","ping_status":"open","sticky":false,"template":"","format":"standard","meta":{"_acf_changed":false,"footnotes":""},"categories":[113],"tags":[],"class_list":["post-20221","post","type-post","status-publish","format-standard","has-post-thumbnail","hentry","category-news-lt"],"acf":[],"yoast_head":"<!-- This site is optimized with the Yoast SEO plugin v23.4 - https:\/\/yoast.com\/wordpress\/plugins\/seo\/ -->\n<title>Bruknerova Osma simfonija nakon dve decenije | Beogradska filharmonija<\/title>\n<meta name=\"robots\" content=\"index, follow, max-snippet:-1, max-image-preview:large, max-video-preview:-1\" \/>\n<link rel=\"canonical\" href=\"https:\/\/www.bgf.rs\/bruknerova-osma-simfonija-nakon-dve-decenije\/\" \/>\n<meta property=\"og:locale\" content=\"sr_RS\" \/>\n<meta property=\"og:type\" content=\"article\" \/>\n<meta property=\"og:title\" content=\"Bruknerova Osma simfonija nakon dve decenije | Beogradska filharmonija\" \/>\n<meta property=\"og:description\" content=\"Beogradska filharmonija i \u0161ef-dirigent Gabrijel Felc, spremaju simfonijski poduhvat \u2013 Osmu Bruknerovu simfoniju, koju izvode u petak 2. novembra na Kolarcu (20\u010d). Koncert je posve\u0107en isklju\u010divo ovom delu, \u010dijih devedeset minuta \u201ezida\u201c gigantsku zvu\u010dnu gra\u0111evinu \u2013 idealnu za po\u010detak filharmonijskog ciklusa Uzvi\u0161enije. \u201eAko bi trebalo da ponesem ne\u0161to sa sobom na pusto ostrvo, to bi [&hellip;]\" \/>\n<meta property=\"og:url\" content=\"https:\/\/www.bgf.rs\/lt\/bruknerova-osma-simfonija-nakon-dve-decenije\/\" \/>\n<meta property=\"og:site_name\" content=\"Beogradska filharmonija\" \/>\n<meta property=\"article:published_time\" content=\"2018-11-02T09:08:58+00:00\" \/>\n<meta property=\"article:modified_time\" content=\"2018-11-02T09:11:29+00:00\" \/>\n<meta property=\"og:image\" content=\"https:\/\/www.bgf.rs\/wp-content\/uploads\/2018\/11\/Gabrijel-Felc-sef-dirigent-Beogradske-filharmonije.jpg\" \/>\n\t<meta property=\"og:image:width\" content=\"5184\" \/>\n\t<meta property=\"og:image:height\" content=\"3456\" \/>\n\t<meta property=\"og:image:type\" content=\"image\/jpeg\" \/>\n<meta name=\"author\" content=\"bgf\" \/>\n<meta name=\"twitter:card\" content=\"summary_large_image\" \/>\n<meta name=\"twitter:creator\" content=\"@BGFilharmonija\" \/>\n<meta name=\"twitter:site\" content=\"@BGFilharmonija\" \/>\n<meta name=\"twitter:label1\" content=\"\u041d\u0430\u043f\u0438\u0441\u0430\u043d\u043e \u043e\u0434\" \/>\n\t<meta name=\"twitter:data1\" content=\"bgf\" \/>\n\t<meta name=\"twitter:label2\" content=\"\u041f\u0440\u043e\u0446\u0435\u045a\u0435\u043d\u043e \u0432\u0440\u0435\u043c\u0435 \u0447\u0438\u0442\u0430\u045a\u0430\" \/>\n\t<meta name=\"twitter:data2\" content=\"1 \u043c\u0438\u043d\u0443\u0442\" \/>\n<script type=\"application\/ld+json\" class=\"yoast-schema-graph\">{\"@context\":\"https:\/\/schema.org\",\"@graph\":[{\"@type\":\"WebPage\",\"@id\":\"https:\/\/www.bgf.rs\/lt\/bruknerova-osma-simfonija-nakon-dve-decenije\/\",\"url\":\"https:\/\/www.bgf.rs\/lt\/bruknerova-osma-simfonija-nakon-dve-decenije\/\",\"name\":\"Bruknerova Osma simfonija nakon dve decenije | Beogradska filharmonija\",\"isPartOf\":{\"@id\":\"https:\/\/www.bgf.rs\/#website\"},\"primaryImageOfPage\":{\"@id\":\"https:\/\/www.bgf.rs\/lt\/bruknerova-osma-simfonija-nakon-dve-decenije\/#primaryimage\"},\"image\":{\"@id\":\"https:\/\/www.bgf.rs\/lt\/bruknerova-osma-simfonija-nakon-dve-decenije\/#primaryimage\"},\"thumbnailUrl\":\"https:\/\/www.bgf.rs\/wp-content\/uploads\/2018\/11\/Gabrijel-Felc-sef-dirigent-Beogradske-filharmonije.jpg\",\"datePublished\":\"2018-11-02T09:08:58+00:00\",\"dateModified\":\"2018-11-02T09:11:29+00:00\",\"author\":{\"@id\":\"https:\/\/www.bgf.rs\/#\/schema\/person\/46fa53958df31282374baf403ec8bc64\"},\"breadcrumb\":{\"@id\":\"https:\/\/www.bgf.rs\/lt\/bruknerova-osma-simfonija-nakon-dve-decenije\/#breadcrumb\"},\"inLanguage\":\"sr-RS\",\"potentialAction\":[{\"@type\":\"ReadAction\",\"target\":[\"https:\/\/www.bgf.rs\/lt\/bruknerova-osma-simfonija-nakon-dve-decenije\/\"]}]},{\"@type\":\"ImageObject\",\"inLanguage\":\"sr-RS\",\"@id\":\"https:\/\/www.bgf.rs\/lt\/bruknerova-osma-simfonija-nakon-dve-decenije\/#primaryimage\",\"url\":\"https:\/\/www.bgf.rs\/wp-content\/uploads\/2018\/11\/Gabrijel-Felc-sef-dirigent-Beogradske-filharmonije.jpg\",\"contentUrl\":\"https:\/\/www.bgf.rs\/wp-content\/uploads\/2018\/11\/Gabrijel-Felc-sef-dirigent-Beogradske-filharmonije.jpg\",\"width\":5184,\"height\":3456,\"caption\":\"6. februar 2015. Bizarrte 2014\/15 Dirigent: Gabrijel Felc Solista: Vadim Rjepin, violina S. Barber: Medejina meditacija i ples osvete Dz. Makmilan: Koncert za violinu i orkestar F. List: Mefisto valcer br. 1 O. Respigi: Belkis, kraljica od Sabe Beograd, 06.02.2015. foto Marko Djokovic\/BEOGRADSKA FILHARMONIJA\"},{\"@type\":\"BreadcrumbList\",\"@id\":\"https:\/\/www.bgf.rs\/lt\/bruknerova-osma-simfonija-nakon-dve-decenije\/#breadcrumb\",\"itemListElement\":[{\"@type\":\"ListItem\",\"position\":1,\"name\":\"Home\",\"item\":\"https:\/\/www.bgf.rs\/\"},{\"@type\":\"ListItem\",\"position\":2,\"name\":\"Bruknerova Osma simfonija nakon dve decenije\"}]},{\"@type\":\"WebSite\",\"@id\":\"https:\/\/www.bgf.rs\/#website\",\"url\":\"https:\/\/www.bgf.rs\/\",\"name\":\"Beogradska filharmonija\",\"description\":\"Samo muzika - jer do\u017eivljaj nema cenu!\",\"potentialAction\":[{\"@type\":\"SearchAction\",\"target\":{\"@type\":\"EntryPoint\",\"urlTemplate\":\"https:\/\/www.bgf.rs\/?s={search_term_string}\"},\"query-input\":{\"@type\":\"PropertyValueSpecification\",\"valueRequired\":true,\"valueName\":\"search_term_string\"}}],\"inLanguage\":\"sr-RS\"},{\"@type\":\"Person\",\"@id\":\"https:\/\/www.bgf.rs\/#\/schema\/person\/46fa53958df31282374baf403ec8bc64\",\"name\":\"bgf\",\"image\":{\"@type\":\"ImageObject\",\"inLanguage\":\"sr-RS\",\"@id\":\"https:\/\/www.bgf.rs\/#\/schema\/person\/image\/\",\"url\":\"https:\/\/secure.gravatar.com\/avatar\/d576158b2e0a82c6bb7c436f39acc82ca27f10e4a45f05f58b6288c4d1f83d11?s=96&d=mm&r=g\",\"contentUrl\":\"https:\/\/secure.gravatar.com\/avatar\/d576158b2e0a82c6bb7c436f39acc82ca27f10e4a45f05f58b6288c4d1f83d11?s=96&d=mm&r=g\",\"caption\":\"bgf\"},\"url\":\"https:\/\/www.bgf.rs\/author\/bgf\/\"}]}<\/script>\n<!-- \/ Yoast SEO plugin. -->","yoast_head_json":{"title":"Bruknerova Osma simfonija nakon dve decenije | Beogradska filharmonija","robots":{"index":"index","follow":"follow","max-snippet":"max-snippet:-1","max-image-preview":"max-image-preview:large","max-video-preview":"max-video-preview:-1"},"canonical":"https:\/\/www.bgf.rs\/bruknerova-osma-simfonija-nakon-dve-decenije\/","og_locale":"sr_RS","og_type":"article","og_title":"Bruknerova Osma simfonija nakon dve decenije | Beogradska filharmonija","og_description":"Beogradska filharmonija i \u0161ef-dirigent Gabrijel Felc, spremaju simfonijski poduhvat \u2013 Osmu Bruknerovu simfoniju, koju izvode u petak 2. novembra na Kolarcu (20\u010d). Koncert je posve\u0107en isklju\u010divo ovom delu, \u010dijih devedeset minuta \u201ezida\u201c gigantsku zvu\u010dnu gra\u0111evinu \u2013 idealnu za po\u010detak filharmonijskog ciklusa Uzvi\u0161enije. \u201eAko bi trebalo da ponesem ne\u0161to sa sobom na pusto ostrvo, to bi [&hellip;]","og_url":"https:\/\/www.bgf.rs\/lt\/bruknerova-osma-simfonija-nakon-dve-decenije\/","og_site_name":"Beogradska filharmonija","article_published_time":"2018-11-02T09:08:58+00:00","article_modified_time":"2018-11-02T09:11:29+00:00","og_image":[{"width":5184,"height":3456,"url":"https:\/\/www.bgf.rs\/wp-content\/uploads\/2018\/11\/Gabrijel-Felc-sef-dirigent-Beogradske-filharmonije.jpg","type":"image\/jpeg"}],"author":"bgf","twitter_card":"summary_large_image","twitter_creator":"@BGFilharmonija","twitter_site":"@BGFilharmonija","twitter_misc":{"\u041d\u0430\u043f\u0438\u0441\u0430\u043d\u043e \u043e\u0434":"bgf","\u041f\u0440\u043e\u0446\u0435\u045a\u0435\u043d\u043e \u0432\u0440\u0435\u043c\u0435 \u0447\u0438\u0442\u0430\u045a\u0430":"1 \u043c\u0438\u043d\u0443\u0442"},"schema":{"@context":"https:\/\/schema.org","@graph":[{"@type":"WebPage","@id":"https:\/\/www.bgf.rs\/lt\/bruknerova-osma-simfonija-nakon-dve-decenije\/","url":"https:\/\/www.bgf.rs\/lt\/bruknerova-osma-simfonija-nakon-dve-decenije\/","name":"Bruknerova Osma simfonija nakon dve decenije | Beogradska filharmonija","isPartOf":{"@id":"https:\/\/www.bgf.rs\/#website"},"primaryImageOfPage":{"@id":"https:\/\/www.bgf.rs\/lt\/bruknerova-osma-simfonija-nakon-dve-decenije\/#primaryimage"},"image":{"@id":"https:\/\/www.bgf.rs\/lt\/bruknerova-osma-simfonija-nakon-dve-decenije\/#primaryimage"},"thumbnailUrl":"https:\/\/www.bgf.rs\/wp-content\/uploads\/2018\/11\/Gabrijel-Felc-sef-dirigent-Beogradske-filharmonije.jpg","datePublished":"2018-11-02T09:08:58+00:00","dateModified":"2018-11-02T09:11:29+00:00","author":{"@id":"https:\/\/www.bgf.rs\/#\/schema\/person\/46fa53958df31282374baf403ec8bc64"},"breadcrumb":{"@id":"https:\/\/www.bgf.rs\/lt\/bruknerova-osma-simfonija-nakon-dve-decenije\/#breadcrumb"},"inLanguage":"sr-RS","potentialAction":[{"@type":"ReadAction","target":["https:\/\/www.bgf.rs\/lt\/bruknerova-osma-simfonija-nakon-dve-decenije\/"]}]},{"@type":"ImageObject","inLanguage":"sr-RS","@id":"https:\/\/www.bgf.rs\/lt\/bruknerova-osma-simfonija-nakon-dve-decenije\/#primaryimage","url":"https:\/\/www.bgf.rs\/wp-content\/uploads\/2018\/11\/Gabrijel-Felc-sef-dirigent-Beogradske-filharmonije.jpg","contentUrl":"https:\/\/www.bgf.rs\/wp-content\/uploads\/2018\/11\/Gabrijel-Felc-sef-dirigent-Beogradske-filharmonije.jpg","width":5184,"height":3456,"caption":"6. februar 2015. Bizarrte 2014\/15 Dirigent: Gabrijel Felc Solista: Vadim Rjepin, violina S. Barber: Medejina meditacija i ples osvete Dz. Makmilan: Koncert za violinu i orkestar F. List: Mefisto valcer br. 1 O. Respigi: Belkis, kraljica od Sabe Beograd, 06.02.2015. foto Marko Djokovic\/BEOGRADSKA FILHARMONIJA"},{"@type":"BreadcrumbList","@id":"https:\/\/www.bgf.rs\/lt\/bruknerova-osma-simfonija-nakon-dve-decenije\/#breadcrumb","itemListElement":[{"@type":"ListItem","position":1,"name":"Home","item":"https:\/\/www.bgf.rs\/"},{"@type":"ListItem","position":2,"name":"Bruknerova Osma simfonija nakon dve decenije"}]},{"@type":"WebSite","@id":"https:\/\/www.bgf.rs\/#website","url":"https:\/\/www.bgf.rs\/","name":"Beogradska filharmonija","description":"Samo muzika - jer do\u017eivljaj nema cenu!","potentialAction":[{"@type":"SearchAction","target":{"@type":"EntryPoint","urlTemplate":"https:\/\/www.bgf.rs\/?s={search_term_string}"},"query-input":{"@type":"PropertyValueSpecification","valueRequired":true,"valueName":"search_term_string"}}],"inLanguage":"sr-RS"},{"@type":"Person","@id":"https:\/\/www.bgf.rs\/#\/schema\/person\/46fa53958df31282374baf403ec8bc64","name":"bgf","image":{"@type":"ImageObject","inLanguage":"sr-RS","@id":"https:\/\/www.bgf.rs\/#\/schema\/person\/image\/","url":"https:\/\/secure.gravatar.com\/avatar\/d576158b2e0a82c6bb7c436f39acc82ca27f10e4a45f05f58b6288c4d1f83d11?s=96&d=mm&r=g","contentUrl":"https:\/\/secure.gravatar.com\/avatar\/d576158b2e0a82c6bb7c436f39acc82ca27f10e4a45f05f58b6288c4d1f83d11?s=96&d=mm&r=g","caption":"bgf"},"url":"https:\/\/www.bgf.rs\/author\/bgf\/"}]}},"_links":{"self":[{"href":"https:\/\/www.bgf.rs\/lt\/wp-json\/wp\/v2\/posts\/20221\/"}],"collection":[{"href":"https:\/\/www.bgf.rs\/lt\/wp-json\/wp\/v2\/posts\/"}],"about":[{"href":"https:\/\/www.bgf.rs\/lt\/wp-json\/wp\/v2\/types\/post\/"}],"author":[{"embeddable":true,"href":"https:\/\/www.bgf.rs\/lt\/wp-json\/wp\/v2\/users\/1\/"}],"replies":[{"embeddable":true,"href":"https:\/\/www.bgf.rs\/lt\/wp-json\/wp\/v2\/comments\/?post=20221"}],"version-history":[{"count":0,"href":"https:\/\/www.bgf.rs\/lt\/wp-json\/wp\/v2\/posts\/20221\/revisions\/"}],"wp:featuredmedia":[{"embeddable":true,"href":"https:\/\/www.bgf.rs\/lt\/wp-json\/wp\/v2\/media\/20220\/"}],"wp:attachment":[{"href":"https:\/\/www.bgf.rs\/lt\/wp-json\/wp\/v2\/media\/?parent=20221"}],"wp:term":[{"taxonomy":"category","embeddable":true,"href":"https:\/\/www.bgf.rs\/lt\/wp-json\/wp\/v2\/categories\/?post=20221"},{"taxonomy":"post_tag","embeddable":true,"href":"https:\/\/www.bgf.rs\/lt\/wp-json\/wp\/v2\/tags\/?post=20221"}],"curies":[{"name":"wp","href":"https:\/\/api.w.org\/{rel}","templated":true}]}}