{"id":20202,"date":"2018-10-30T09:57:46","date_gmt":"2018-10-30T08:57:46","guid":{"rendered":"http:\/\/www.bgf.rs\/?p=20202\/"},"modified":"2018-10-30T10:03:52","modified_gmt":"2018-10-30T09:03:52","slug":"nova-tura-muzickih-razgovora-u-filharmoniji","status":"publish","type":"post","link":"https:\/\/www.bgf.rs\/lt\/nova-tura-muzickih-razgovora-u-filharmoniji\/","title":{"rendered":"Nova tura Muzi\u010dkih razgovora u Filharmoniji"},"content":{"rendered":"<p>Nakon velike popularnosti dnevnih koncerata \u2013 <a href=\"https:\/\/www.bgf.rs\/lt\/repertoar_cp\/muzicki-razgovori-sa-gabrijelom-felcom-18-19\/\">\u201eMuzi\u010dkih razgovora sa Gabrijelom Felcom\u201c<\/a> u pro\u0161loj sezoni, Filharmonija je zakazala novih pet \u201erandevua\u201c na kojima publika mo\u017ee jo\u0161 bli\u017ee da upozna \u0161efa-dirigenta, a i muzi\u010dare iz orkestra. Prvi u nizu kratkih i neformalnih koncertnih susreta, zakazan je za sredu 31. oktobra u 14h u Sali Filharmonije, kada \u0107e Felc svirati i razgovarati sa <a href=\"https:\/\/www.bgf.rs\/lt\/orkestar_cp\/snjezana-pavicevic\/\">flautistkinjom Snje\u017eanom Pavi\u0107evi\u0107<\/a>.<\/p>\n<p>\u0160ef-dirigent Gabrijel Felc, ina\u010de i diplomirani pijanista, \u0161armantni je \u201edoma\u0107in\u201c specijalnih dnevnih koncerata, a ove srede prati\u0107e na klaviru koleginicu iz orkestra i voditi razgovor u kome \u0107e Snje\u017ea otkriti brojne pojedinosti svog specifi\u010dnog instrumenta \u2013 pikolo flaute. Pored toga \u0161to \u0107e mo\u0107i da \u010duje njen raznoliki zvuk u delima Pulanka, Rahmanjinova i Galija, publika \u0107e imati priliku i da pita muzi\u010dare sve \u0161to je interesuje.<\/p>\n<p>Muzi\u010dki razgovori su nastali upravo kao inicijativa Gabrijela Felca da se na \u0161to prisniji i direktniji na\u010din pove\u017ee sa publikom koja \u0107e biti i na samoj bini oko izvo\u0111a\u010da. Pet malih koncerata nude odu\u0161ak od dnevnih aktivnosti, a ako je suditi prema pro\u0161logodi\u0161njim iskustvima, publiku o\u010dekuje puno zabave, korisnih odgovora ali i \u010duvenih muzi\u010dkih viceva. Ulaz na ove koncerte je besplatan.<\/p>\n","protected":false},"excerpt":{"rendered":"<p>Nakon velike popularnosti dnevnih koncerata \u2013 \u201eMuzi\u010dkih razgovora sa Gabrijelom Felcom\u201c u pro\u0161loj sezoni, Filharmonija je zakazala novih pet \u201erandevua\u201c na kojima publika mo\u017ee jo\u0161 bli\u017ee da upozna \u0161efa-dirigenta, a i muzi\u010dare iz orkestra. Prvi u nizu kratkih i neformalnih koncertnih susreta, zakazan je za sredu 31. oktobra u 14h u Sali Filharmonije, kada \u0107e [&hellip;]<\/p>\n","protected":false},"author":1,"featured_media":20200,"comment_status":"open","ping_status":"open","sticky":false,"template":"","format":"standard","meta":{"_acf_changed":false,"footnotes":""},"categories":[113],"tags":[],"class_list":["post-20202","post","type-post","status-publish","format-standard","has-post-thumbnail","hentry","category-news-lt"],"acf":[],"yoast_head":"<!-- This site is optimized with the Yoast SEO plugin v23.4 - https:\/\/yoast.com\/wordpress\/plugins\/seo\/ -->\n<title>Nova tura Muzi\u010dkih razgovora u Filharmoniji | Beogradska filharmonija<\/title>\n<meta name=\"robots\" content=\"index, follow, max-snippet:-1, max-image-preview:large, max-video-preview:-1\" \/>\n<link rel=\"canonical\" href=\"https:\/\/www.bgf.rs\/nova-tura-muzickih-razgovora-u-filharmoniji\/\" \/>\n<meta property=\"og:locale\" content=\"sr_RS\" \/>\n<meta property=\"og:type\" content=\"article\" \/>\n<meta property=\"og:title\" content=\"Nova tura Muzi\u010dkih razgovora u Filharmoniji | Beogradska filharmonija\" \/>\n<meta property=\"og:description\" content=\"Nakon velike popularnosti dnevnih koncerata \u2013 \u201eMuzi\u010dkih razgovora sa Gabrijelom Felcom\u201c u pro\u0161loj sezoni, Filharmonija je zakazala novih pet \u201erandevua\u201c na kojima publika mo\u017ee jo\u0161 bli\u017ee da upozna \u0161efa-dirigenta, a i muzi\u010dare iz orkestra. Prvi u nizu kratkih i neformalnih koncertnih susreta, zakazan je za sredu 31. oktobra u 14h u Sali Filharmonije, kada \u0107e [&hellip;]\" \/>\n<meta property=\"og:url\" content=\"https:\/\/www.bgf.rs\/lt\/nova-tura-muzickih-razgovora-u-filharmoniji\/\" \/>\n<meta property=\"og:site_name\" content=\"Beogradska filharmonija\" \/>\n<meta property=\"article:published_time\" content=\"2018-10-30T08:57:46+00:00\" \/>\n<meta property=\"article:modified_time\" content=\"2018-10-30T09:03:52+00:00\" \/>\n<meta property=\"og:image\" content=\"https:\/\/www.bgf.rs\/wp-content\/uploads\/2018\/10\/snjeza-pavicevic.jpg\" \/>\n\t<meta property=\"og:image:width\" content=\"5000\" \/>\n\t<meta property=\"og:image:height\" content=\"3333\" \/>\n\t<meta property=\"og:image:type\" content=\"image\/jpeg\" \/>\n<meta name=\"author\" content=\"bgf\" \/>\n<meta name=\"twitter:card\" content=\"summary_large_image\" \/>\n<meta name=\"twitter:creator\" content=\"@BGFilharmonija\" \/>\n<meta name=\"twitter:site\" content=\"@BGFilharmonija\" \/>\n<meta name=\"twitter:label1\" content=\"\u041d\u0430\u043f\u0438\u0441\u0430\u043d\u043e \u043e\u0434\" \/>\n\t<meta name=\"twitter:data1\" content=\"bgf\" \/>\n\t<meta name=\"twitter:label2\" content=\"\u041f\u0440\u043e\u0446\u0435\u045a\u0435\u043d\u043e \u0432\u0440\u0435\u043c\u0435 \u0447\u0438\u0442\u0430\u045a\u0430\" \/>\n\t<meta name=\"twitter:data2\" content=\"1 \u043c\u0438\u043d\u0443\u0442\" \/>\n<script type=\"application\/ld+json\" class=\"yoast-schema-graph\">{\"@context\":\"https:\/\/schema.org\",\"@graph\":[{\"@type\":\"WebPage\",\"@id\":\"https:\/\/www.bgf.rs\/lt\/nova-tura-muzickih-razgovora-u-filharmoniji\/\",\"url\":\"https:\/\/www.bgf.rs\/lt\/nova-tura-muzickih-razgovora-u-filharmoniji\/\",\"name\":\"Nova tura Muzi\u010dkih razgovora u Filharmoniji | Beogradska filharmonija\",\"isPartOf\":{\"@id\":\"https:\/\/www.bgf.rs\/#website\"},\"primaryImageOfPage\":{\"@id\":\"https:\/\/www.bgf.rs\/lt\/nova-tura-muzickih-razgovora-u-filharmoniji\/#primaryimage\"},\"image\":{\"@id\":\"https:\/\/www.bgf.rs\/lt\/nova-tura-muzickih-razgovora-u-filharmoniji\/#primaryimage\"},\"thumbnailUrl\":\"https:\/\/www.bgf.rs\/wp-content\/uploads\/2018\/10\/snjeza-pavicevic.jpg\",\"datePublished\":\"2018-10-30T08:57:46+00:00\",\"dateModified\":\"2018-10-30T09:03:52+00:00\",\"author\":{\"@id\":\"https:\/\/www.bgf.rs\/#\/schema\/person\/46fa53958df31282374baf403ec8bc64\"},\"breadcrumb\":{\"@id\":\"https:\/\/www.bgf.rs\/lt\/nova-tura-muzickih-razgovora-u-filharmoniji\/#breadcrumb\"},\"inLanguage\":\"sr-RS\",\"potentialAction\":[{\"@type\":\"ReadAction\",\"target\":[\"https:\/\/www.bgf.rs\/lt\/nova-tura-muzickih-razgovora-u-filharmoniji\/\"]}]},{\"@type\":\"ImageObject\",\"inLanguage\":\"sr-RS\",\"@id\":\"https:\/\/www.bgf.rs\/lt\/nova-tura-muzickih-razgovora-u-filharmoniji\/#primaryimage\",\"url\":\"https:\/\/www.bgf.rs\/wp-content\/uploads\/2018\/10\/snjeza-pavicevic.jpg\",\"contentUrl\":\"https:\/\/www.bgf.rs\/wp-content\/uploads\/2018\/10\/snjeza-pavicevic.jpg\",\"width\":5000,\"height\":3333,\"caption\":\"Snjezana Pavicevic, pikolo flauta Portreti muzicara i zaposlenih u produkciji Beograd, 22.01.-11.02.2013. foto Marko Djokovic\/BEOGRADSKA FILHARMONIJA\"},{\"@type\":\"BreadcrumbList\",\"@id\":\"https:\/\/www.bgf.rs\/lt\/nova-tura-muzickih-razgovora-u-filharmoniji\/#breadcrumb\",\"itemListElement\":[{\"@type\":\"ListItem\",\"position\":1,\"name\":\"Home\",\"item\":\"https:\/\/www.bgf.rs\/\"},{\"@type\":\"ListItem\",\"position\":2,\"name\":\"Nova tura Muzi\u010dkih razgovora u Filharmoniji\"}]},{\"@type\":\"WebSite\",\"@id\":\"https:\/\/www.bgf.rs\/#website\",\"url\":\"https:\/\/www.bgf.rs\/\",\"name\":\"Beogradska filharmonija\",\"description\":\"Samo muzika - jer do\u017eivljaj nema cenu!\",\"potentialAction\":[{\"@type\":\"SearchAction\",\"target\":{\"@type\":\"EntryPoint\",\"urlTemplate\":\"https:\/\/www.bgf.rs\/?s={search_term_string}\"},\"query-input\":{\"@type\":\"PropertyValueSpecification\",\"valueRequired\":true,\"valueName\":\"search_term_string\"}}],\"inLanguage\":\"sr-RS\"},{\"@type\":\"Person\",\"@id\":\"https:\/\/www.bgf.rs\/#\/schema\/person\/46fa53958df31282374baf403ec8bc64\",\"name\":\"bgf\",\"image\":{\"@type\":\"ImageObject\",\"inLanguage\":\"sr-RS\",\"@id\":\"https:\/\/www.bgf.rs\/#\/schema\/person\/image\/\",\"url\":\"https:\/\/secure.gravatar.com\/avatar\/d576158b2e0a82c6bb7c436f39acc82ca27f10e4a45f05f58b6288c4d1f83d11?s=96&d=mm&r=g\",\"contentUrl\":\"https:\/\/secure.gravatar.com\/avatar\/d576158b2e0a82c6bb7c436f39acc82ca27f10e4a45f05f58b6288c4d1f83d11?s=96&d=mm&r=g\",\"caption\":\"bgf\"},\"url\":\"https:\/\/www.bgf.rs\/author\/bgf\/\"}]}<\/script>\n<!-- \/ Yoast SEO plugin. -->","yoast_head_json":{"title":"Nova tura Muzi\u010dkih razgovora u Filharmoniji | Beogradska filharmonija","robots":{"index":"index","follow":"follow","max-snippet":"max-snippet:-1","max-image-preview":"max-image-preview:large","max-video-preview":"max-video-preview:-1"},"canonical":"https:\/\/www.bgf.rs\/nova-tura-muzickih-razgovora-u-filharmoniji\/","og_locale":"sr_RS","og_type":"article","og_title":"Nova tura Muzi\u010dkih razgovora u Filharmoniji | Beogradska filharmonija","og_description":"Nakon velike popularnosti dnevnih koncerata \u2013 \u201eMuzi\u010dkih razgovora sa Gabrijelom Felcom\u201c u pro\u0161loj sezoni, Filharmonija je zakazala novih pet \u201erandevua\u201c na kojima publika mo\u017ee jo\u0161 bli\u017ee da upozna \u0161efa-dirigenta, a i muzi\u010dare iz orkestra. Prvi u nizu kratkih i neformalnih koncertnih susreta, zakazan je za sredu 31. oktobra u 14h u Sali Filharmonije, kada \u0107e [&hellip;]","og_url":"https:\/\/www.bgf.rs\/lt\/nova-tura-muzickih-razgovora-u-filharmoniji\/","og_site_name":"Beogradska filharmonija","article_published_time":"2018-10-30T08:57:46+00:00","article_modified_time":"2018-10-30T09:03:52+00:00","og_image":[{"width":5000,"height":3333,"url":"https:\/\/www.bgf.rs\/wp-content\/uploads\/2018\/10\/snjeza-pavicevic.jpg","type":"image\/jpeg"}],"author":"bgf","twitter_card":"summary_large_image","twitter_creator":"@BGFilharmonija","twitter_site":"@BGFilharmonija","twitter_misc":{"\u041d\u0430\u043f\u0438\u0441\u0430\u043d\u043e \u043e\u0434":"bgf","\u041f\u0440\u043e\u0446\u0435\u045a\u0435\u043d\u043e \u0432\u0440\u0435\u043c\u0435 \u0447\u0438\u0442\u0430\u045a\u0430":"1 \u043c\u0438\u043d\u0443\u0442"},"schema":{"@context":"https:\/\/schema.org","@graph":[{"@type":"WebPage","@id":"https:\/\/www.bgf.rs\/lt\/nova-tura-muzickih-razgovora-u-filharmoniji\/","url":"https:\/\/www.bgf.rs\/lt\/nova-tura-muzickih-razgovora-u-filharmoniji\/","name":"Nova tura Muzi\u010dkih razgovora u Filharmoniji | Beogradska filharmonija","isPartOf":{"@id":"https:\/\/www.bgf.rs\/#website"},"primaryImageOfPage":{"@id":"https:\/\/www.bgf.rs\/lt\/nova-tura-muzickih-razgovora-u-filharmoniji\/#primaryimage"},"image":{"@id":"https:\/\/www.bgf.rs\/lt\/nova-tura-muzickih-razgovora-u-filharmoniji\/#primaryimage"},"thumbnailUrl":"https:\/\/www.bgf.rs\/wp-content\/uploads\/2018\/10\/snjeza-pavicevic.jpg","datePublished":"2018-10-30T08:57:46+00:00","dateModified":"2018-10-30T09:03:52+00:00","author":{"@id":"https:\/\/www.bgf.rs\/#\/schema\/person\/46fa53958df31282374baf403ec8bc64"},"breadcrumb":{"@id":"https:\/\/www.bgf.rs\/lt\/nova-tura-muzickih-razgovora-u-filharmoniji\/#breadcrumb"},"inLanguage":"sr-RS","potentialAction":[{"@type":"ReadAction","target":["https:\/\/www.bgf.rs\/lt\/nova-tura-muzickih-razgovora-u-filharmoniji\/"]}]},{"@type":"ImageObject","inLanguage":"sr-RS","@id":"https:\/\/www.bgf.rs\/lt\/nova-tura-muzickih-razgovora-u-filharmoniji\/#primaryimage","url":"https:\/\/www.bgf.rs\/wp-content\/uploads\/2018\/10\/snjeza-pavicevic.jpg","contentUrl":"https:\/\/www.bgf.rs\/wp-content\/uploads\/2018\/10\/snjeza-pavicevic.jpg","width":5000,"height":3333,"caption":"Snjezana Pavicevic, pikolo flauta Portreti muzicara i zaposlenih u produkciji Beograd, 22.01.-11.02.2013. foto Marko Djokovic\/BEOGRADSKA FILHARMONIJA"},{"@type":"BreadcrumbList","@id":"https:\/\/www.bgf.rs\/lt\/nova-tura-muzickih-razgovora-u-filharmoniji\/#breadcrumb","itemListElement":[{"@type":"ListItem","position":1,"name":"Home","item":"https:\/\/www.bgf.rs\/"},{"@type":"ListItem","position":2,"name":"Nova tura Muzi\u010dkih razgovora u Filharmoniji"}]},{"@type":"WebSite","@id":"https:\/\/www.bgf.rs\/#website","url":"https:\/\/www.bgf.rs\/","name":"Beogradska filharmonija","description":"Samo muzika - jer do\u017eivljaj nema cenu!","potentialAction":[{"@type":"SearchAction","target":{"@type":"EntryPoint","urlTemplate":"https:\/\/www.bgf.rs\/?s={search_term_string}"},"query-input":{"@type":"PropertyValueSpecification","valueRequired":true,"valueName":"search_term_string"}}],"inLanguage":"sr-RS"},{"@type":"Person","@id":"https:\/\/www.bgf.rs\/#\/schema\/person\/46fa53958df31282374baf403ec8bc64","name":"bgf","image":{"@type":"ImageObject","inLanguage":"sr-RS","@id":"https:\/\/www.bgf.rs\/#\/schema\/person\/image\/","url":"https:\/\/secure.gravatar.com\/avatar\/d576158b2e0a82c6bb7c436f39acc82ca27f10e4a45f05f58b6288c4d1f83d11?s=96&d=mm&r=g","contentUrl":"https:\/\/secure.gravatar.com\/avatar\/d576158b2e0a82c6bb7c436f39acc82ca27f10e4a45f05f58b6288c4d1f83d11?s=96&d=mm&r=g","caption":"bgf"},"url":"https:\/\/www.bgf.rs\/author\/bgf\/"}]}},"_links":{"self":[{"href":"https:\/\/www.bgf.rs\/lt\/wp-json\/wp\/v2\/posts\/20202\/"}],"collection":[{"href":"https:\/\/www.bgf.rs\/lt\/wp-json\/wp\/v2\/posts\/"}],"about":[{"href":"https:\/\/www.bgf.rs\/lt\/wp-json\/wp\/v2\/types\/post\/"}],"author":[{"embeddable":true,"href":"https:\/\/www.bgf.rs\/lt\/wp-json\/wp\/v2\/users\/1\/"}],"replies":[{"embeddable":true,"href":"https:\/\/www.bgf.rs\/lt\/wp-json\/wp\/v2\/comments\/?post=20202"}],"version-history":[{"count":0,"href":"https:\/\/www.bgf.rs\/lt\/wp-json\/wp\/v2\/posts\/20202\/revisions\/"}],"wp:featuredmedia":[{"embeddable":true,"href":"https:\/\/www.bgf.rs\/lt\/wp-json\/wp\/v2\/media\/20200\/"}],"wp:attachment":[{"href":"https:\/\/www.bgf.rs\/lt\/wp-json\/wp\/v2\/media\/?parent=20202"}],"wp:term":[{"taxonomy":"category","embeddable":true,"href":"https:\/\/www.bgf.rs\/lt\/wp-json\/wp\/v2\/categories\/?post=20202"},{"taxonomy":"post_tag","embeddable":true,"href":"https:\/\/www.bgf.rs\/lt\/wp-json\/wp\/v2\/tags\/?post=20202"}],"curies":[{"name":"wp","href":"https:\/\/api.w.org\/{rel}","templated":true}]}}