{"id":1949,"date":"2016-01-20T14:07:20","date_gmt":"2016-01-20T14:07:20","guid":{"rendered":"http:\/\/www.bgf.rs\/lt\/?p=1949"},"modified":"2016-03-17T12:33:01","modified_gmt":"2016-03-17T12:33:01","slug":"kamerno-putovanje-po-norveskoj","status":"publish","type":"post","link":"https:\/\/www.bgf.rs\/lt\/kamerno-putovanje-po-norveskoj\/","title":{"rendered":"Kamerno putovanje po Norve\u0161koj"},"content":{"rendered":"<p>Drugi koncert iz kamernog ciklusa \u2013 \u201cVo\u0111eni muzikom\u201c, zakazan je za \u010detvrtak, 21. januar, od 19h, u Sali Beogradske filharmonije. Ve\u010de posve\u0107eno norve\u0161koj muzici u interpretaciji ansambla limenih duva\u010da Beogradske filharmonije predvodi\u0107e Jan Fredrik Kristijansen, truba\u010d u ulozi umetni\u010dkog vo\u0111e.<br \/>\n&nbsp;<br \/>\nNorve\u0161ki \u201cmuzi\u010dki meni\u201d po\u010dinje \u201cRekvijemom za devet limenih duva\u010dkih instrumenata\u201d Knuta Nisteda. Putovanje ovom zemljom se nastavlja kroz \u201cPet komada iz 100 narodnih pesama iz Hardangera\u201d, Geira Tveita, a zavr\u0161ava se Grigovim \u201cPosmrtnim mar\u0161em\u201d. Finale koncerta bi\u0107e u trijumfalnom zvuku karakteristi\u010dnom za limene duva\u010de uz \u201cFanfare za obi\u010dnog \u010doveka\u201d, Arona Koplanda.<br \/>\n&nbsp;<br \/>\nKamerni ansambl koji se predstavlja na drugom koncertu ovog ciklusa \u010dine Tarek Bezvik, Gordana Stojni\u0107, Sini\u0161a Rokni\u0107, Milo\u0161 Milo\u0161evi\u0107, horne, Aleksandar Solunac, Vladimir Jovanovi\u0107, Jovan Savi\u0107, trube, Tibor Balint, Nikola Milanov, Igor Rankovi\u0107, tromboni, Ivan Jovanovi\u0107, eufonijum, Kornel Papi\u0161ta, tuba, Boris Bunjac, tipmani, Aleksandar Radulovi\u0107 i Nikola Krasnjuk, udaral\u0458ke.<br \/>\n&nbsp;<br \/>\nU fokusu sezone \u201cVo\u0111eni muzikom\u201c su ve\u0107i kamerni ansambli, uz koncept umetni\u010dkog vo\u0111stva. Osim \u0161to svojom atraktivno\u0161\u0107u ovakvi programi privla\u010de publiku, veoma su zna\u010dajni i za muzi\u010dare, koji kroz kamerno muziciranje usavr\u0161avaju kvalitet interpretacije, a kroz rad u manjim ansamblima unapre\u0111uju me\u0111usobnu komunikaciju. Slede\u0107i koncert iz kamernog ciklusa zakazan je za 11. februar, pod umetni\u010dkim vo\u0111stvom violiniste Hagaja \u0160ahama.<\/p>\n","protected":false},"excerpt":{"rendered":"<p>Drugi koncert iz kamernog ciklusa \u2013 \u201cVo\u0111eni muzikom\u201c, zakazan je za \u010detvrtak, 21. januar, od 19h, u Sali Beogradske filharmonije. Ve\u010de posve\u0107eno norve\u0161koj muzici u interpretaciji ansambla limenih duva\u010da Beogradske filharmonije predvodi\u0107e Jan Fredrik Kristijansen, truba\u010d u ulozi umetni\u010dkog vo\u0111e. &nbsp; Norve\u0161ki \u201cmuzi\u010dki meni\u201d po\u010dinje \u201cRekvijemom za devet limenih duva\u010dkih instrumenata\u201d Knuta Nisteda. Putovanje ovom [&hellip;]<\/p>\n","protected":false},"author":1,"featured_media":1975,"comment_status":"open","ping_status":"open","sticky":false,"template":"","format":"standard","meta":{"_acf_changed":false,"footnotes":""},"categories":[113],"tags":[],"class_list":["post-1949","post","type-post","status-publish","format-standard","has-post-thumbnail","hentry","category-news-lt"],"acf":[],"yoast_head":"<!-- This site is optimized with the Yoast SEO plugin v23.4 - https:\/\/yoast.com\/wordpress\/plugins\/seo\/ -->\n<title>Kamerno putovanje po Norve\u0161koj | Beogradska filharmonija<\/title>\n<meta name=\"robots\" content=\"index, follow, max-snippet:-1, max-image-preview:large, max-video-preview:-1\" \/>\n<link rel=\"canonical\" href=\"https:\/\/www.bgf.rs\/kamerno-putovanje-po-norveskoj\/\" \/>\n<meta property=\"og:locale\" content=\"sr_RS\" \/>\n<meta property=\"og:type\" content=\"article\" \/>\n<meta property=\"og:title\" content=\"Kamerno putovanje po Norve\u0161koj | Beogradska filharmonija\" \/>\n<meta property=\"og:description\" content=\"Drugi koncert iz kamernog ciklusa \u2013 \u201cVo\u0111eni muzikom\u201c, zakazan je za \u010detvrtak, 21. januar, od 19h, u Sali Beogradske filharmonije. Ve\u010de posve\u0107eno norve\u0161koj muzici u interpretaciji ansambla limenih duva\u010da Beogradske filharmonije predvodi\u0107e Jan Fredrik Kristijansen, truba\u010d u ulozi umetni\u010dkog vo\u0111e. &nbsp; Norve\u0161ki \u201cmuzi\u010dki meni\u201d po\u010dinje \u201cRekvijemom za devet limenih duva\u010dkih instrumenata\u201d Knuta Nisteda. Putovanje ovom [&hellip;]\" \/>\n<meta property=\"og:url\" content=\"https:\/\/www.bgf.rs\/lt\/kamerno-putovanje-po-norveskoj\/\" \/>\n<meta property=\"og:site_name\" content=\"Beogradska filharmonija\" \/>\n<meta property=\"article:published_time\" content=\"2016-01-20T14:07:20+00:00\" \/>\n<meta property=\"article:modified_time\" content=\"2016-03-17T12:33:01+00:00\" \/>\n<meta property=\"og:image\" content=\"https:\/\/www.bgf.rs\/wp-content\/uploads\/2016\/02\/20.01.-Kristijansen-Kamerni.jpg\" \/>\n\t<meta property=\"og:image:width\" content=\"1170\" \/>\n\t<meta property=\"og:image:height\" content=\"450\" \/>\n\t<meta property=\"og:image:type\" content=\"image\/jpeg\" \/>\n<meta name=\"author\" content=\"bgf\" \/>\n<meta name=\"twitter:card\" content=\"summary_large_image\" \/>\n<meta name=\"twitter:creator\" content=\"@BGFilharmonija\" \/>\n<meta name=\"twitter:site\" content=\"@BGFilharmonija\" \/>\n<meta name=\"twitter:label1\" content=\"\u041d\u0430\u043f\u0438\u0441\u0430\u043d\u043e \u043e\u0434\" \/>\n\t<meta name=\"twitter:data1\" content=\"bgf\" \/>\n\t<meta name=\"twitter:label2\" content=\"\u041f\u0440\u043e\u0446\u0435\u045a\u0435\u043d\u043e \u0432\u0440\u0435\u043c\u0435 \u0447\u0438\u0442\u0430\u045a\u0430\" \/>\n\t<meta name=\"twitter:data2\" content=\"1 \u043c\u0438\u043d\u0443\u0442\" \/>\n<script type=\"application\/ld+json\" class=\"yoast-schema-graph\">{\"@context\":\"https:\/\/schema.org\",\"@graph\":[{\"@type\":\"WebPage\",\"@id\":\"https:\/\/www.bgf.rs\/lt\/kamerno-putovanje-po-norveskoj\/\",\"url\":\"https:\/\/www.bgf.rs\/lt\/kamerno-putovanje-po-norveskoj\/\",\"name\":\"Kamerno putovanje po Norve\u0161koj | Beogradska filharmonija\",\"isPartOf\":{\"@id\":\"https:\/\/www.bgf.rs\/#website\"},\"primaryImageOfPage\":{\"@id\":\"https:\/\/www.bgf.rs\/lt\/kamerno-putovanje-po-norveskoj\/#primaryimage\"},\"image\":{\"@id\":\"https:\/\/www.bgf.rs\/lt\/kamerno-putovanje-po-norveskoj\/#primaryimage\"},\"thumbnailUrl\":\"https:\/\/www.bgf.rs\/wp-content\/uploads\/2016\/02\/20.01.-Kristijansen-Kamerni.jpg\",\"datePublished\":\"2016-01-20T14:07:20+00:00\",\"dateModified\":\"2016-03-17T12:33:01+00:00\",\"author\":{\"@id\":\"https:\/\/www.bgf.rs\/#\/schema\/person\/46fa53958df31282374baf403ec8bc64\"},\"breadcrumb\":{\"@id\":\"https:\/\/www.bgf.rs\/lt\/kamerno-putovanje-po-norveskoj\/#breadcrumb\"},\"inLanguage\":\"sr-RS\",\"potentialAction\":[{\"@type\":\"ReadAction\",\"target\":[\"https:\/\/www.bgf.rs\/lt\/kamerno-putovanje-po-norveskoj\/\"]}]},{\"@type\":\"ImageObject\",\"inLanguage\":\"sr-RS\",\"@id\":\"https:\/\/www.bgf.rs\/lt\/kamerno-putovanje-po-norveskoj\/#primaryimage\",\"url\":\"https:\/\/www.bgf.rs\/wp-content\/uploads\/2016\/02\/20.01.-Kristijansen-Kamerni.jpg\",\"contentUrl\":\"https:\/\/www.bgf.rs\/wp-content\/uploads\/2016\/02\/20.01.-Kristijansen-Kamerni.jpg\",\"width\":1170,\"height\":450},{\"@type\":\"BreadcrumbList\",\"@id\":\"https:\/\/www.bgf.rs\/lt\/kamerno-putovanje-po-norveskoj\/#breadcrumb\",\"itemListElement\":[{\"@type\":\"ListItem\",\"position\":1,\"name\":\"Home\",\"item\":\"https:\/\/www.bgf.rs\/\"},{\"@type\":\"ListItem\",\"position\":2,\"name\":\"Kamerno putovanje po Norve\u0161koj\"}]},{\"@type\":\"WebSite\",\"@id\":\"https:\/\/www.bgf.rs\/#website\",\"url\":\"https:\/\/www.bgf.rs\/\",\"name\":\"Beogradska filharmonija\",\"description\":\"Samo muzika - jer do\u017eivljaj nema cenu!\",\"potentialAction\":[{\"@type\":\"SearchAction\",\"target\":{\"@type\":\"EntryPoint\",\"urlTemplate\":\"https:\/\/www.bgf.rs\/?s={search_term_string}\"},\"query-input\":{\"@type\":\"PropertyValueSpecification\",\"valueRequired\":true,\"valueName\":\"search_term_string\"}}],\"inLanguage\":\"sr-RS\"},{\"@type\":\"Person\",\"@id\":\"https:\/\/www.bgf.rs\/#\/schema\/person\/46fa53958df31282374baf403ec8bc64\",\"name\":\"bgf\",\"image\":{\"@type\":\"ImageObject\",\"inLanguage\":\"sr-RS\",\"@id\":\"https:\/\/www.bgf.rs\/#\/schema\/person\/image\/\",\"url\":\"https:\/\/secure.gravatar.com\/avatar\/d576158b2e0a82c6bb7c436f39acc82ca27f10e4a45f05f58b6288c4d1f83d11?s=96&d=mm&r=g\",\"contentUrl\":\"https:\/\/secure.gravatar.com\/avatar\/d576158b2e0a82c6bb7c436f39acc82ca27f10e4a45f05f58b6288c4d1f83d11?s=96&d=mm&r=g\",\"caption\":\"bgf\"},\"url\":\"https:\/\/www.bgf.rs\/author\/bgf\/\"}]}<\/script>\n<!-- \/ Yoast SEO plugin. -->","yoast_head_json":{"title":"Kamerno putovanje po Norve\u0161koj | Beogradska filharmonija","robots":{"index":"index","follow":"follow","max-snippet":"max-snippet:-1","max-image-preview":"max-image-preview:large","max-video-preview":"max-video-preview:-1"},"canonical":"https:\/\/www.bgf.rs\/kamerno-putovanje-po-norveskoj\/","og_locale":"sr_RS","og_type":"article","og_title":"Kamerno putovanje po Norve\u0161koj | Beogradska filharmonija","og_description":"Drugi koncert iz kamernog ciklusa \u2013 \u201cVo\u0111eni muzikom\u201c, zakazan je za \u010detvrtak, 21. januar, od 19h, u Sali Beogradske filharmonije. Ve\u010de posve\u0107eno norve\u0161koj muzici u interpretaciji ansambla limenih duva\u010da Beogradske filharmonije predvodi\u0107e Jan Fredrik Kristijansen, truba\u010d u ulozi umetni\u010dkog vo\u0111e. &nbsp; Norve\u0161ki \u201cmuzi\u010dki meni\u201d po\u010dinje \u201cRekvijemom za devet limenih duva\u010dkih instrumenata\u201d Knuta Nisteda. Putovanje ovom [&hellip;]","og_url":"https:\/\/www.bgf.rs\/lt\/kamerno-putovanje-po-norveskoj\/","og_site_name":"Beogradska filharmonija","article_published_time":"2016-01-20T14:07:20+00:00","article_modified_time":"2016-03-17T12:33:01+00:00","og_image":[{"width":1170,"height":450,"url":"https:\/\/www.bgf.rs\/wp-content\/uploads\/2016\/02\/20.01.-Kristijansen-Kamerni.jpg","type":"image\/jpeg"}],"author":"bgf","twitter_card":"summary_large_image","twitter_creator":"@BGFilharmonija","twitter_site":"@BGFilharmonija","twitter_misc":{"\u041d\u0430\u043f\u0438\u0441\u0430\u043d\u043e \u043e\u0434":"bgf","\u041f\u0440\u043e\u0446\u0435\u045a\u0435\u043d\u043e \u0432\u0440\u0435\u043c\u0435 \u0447\u0438\u0442\u0430\u045a\u0430":"1 \u043c\u0438\u043d\u0443\u0442"},"schema":{"@context":"https:\/\/schema.org","@graph":[{"@type":"WebPage","@id":"https:\/\/www.bgf.rs\/lt\/kamerno-putovanje-po-norveskoj\/","url":"https:\/\/www.bgf.rs\/lt\/kamerno-putovanje-po-norveskoj\/","name":"Kamerno putovanje po Norve\u0161koj | Beogradska filharmonija","isPartOf":{"@id":"https:\/\/www.bgf.rs\/#website"},"primaryImageOfPage":{"@id":"https:\/\/www.bgf.rs\/lt\/kamerno-putovanje-po-norveskoj\/#primaryimage"},"image":{"@id":"https:\/\/www.bgf.rs\/lt\/kamerno-putovanje-po-norveskoj\/#primaryimage"},"thumbnailUrl":"https:\/\/www.bgf.rs\/wp-content\/uploads\/2016\/02\/20.01.-Kristijansen-Kamerni.jpg","datePublished":"2016-01-20T14:07:20+00:00","dateModified":"2016-03-17T12:33:01+00:00","author":{"@id":"https:\/\/www.bgf.rs\/#\/schema\/person\/46fa53958df31282374baf403ec8bc64"},"breadcrumb":{"@id":"https:\/\/www.bgf.rs\/lt\/kamerno-putovanje-po-norveskoj\/#breadcrumb"},"inLanguage":"sr-RS","potentialAction":[{"@type":"ReadAction","target":["https:\/\/www.bgf.rs\/lt\/kamerno-putovanje-po-norveskoj\/"]}]},{"@type":"ImageObject","inLanguage":"sr-RS","@id":"https:\/\/www.bgf.rs\/lt\/kamerno-putovanje-po-norveskoj\/#primaryimage","url":"https:\/\/www.bgf.rs\/wp-content\/uploads\/2016\/02\/20.01.-Kristijansen-Kamerni.jpg","contentUrl":"https:\/\/www.bgf.rs\/wp-content\/uploads\/2016\/02\/20.01.-Kristijansen-Kamerni.jpg","width":1170,"height":450},{"@type":"BreadcrumbList","@id":"https:\/\/www.bgf.rs\/lt\/kamerno-putovanje-po-norveskoj\/#breadcrumb","itemListElement":[{"@type":"ListItem","position":1,"name":"Home","item":"https:\/\/www.bgf.rs\/"},{"@type":"ListItem","position":2,"name":"Kamerno putovanje po Norve\u0161koj"}]},{"@type":"WebSite","@id":"https:\/\/www.bgf.rs\/#website","url":"https:\/\/www.bgf.rs\/","name":"Beogradska filharmonija","description":"Samo muzika - jer do\u017eivljaj nema cenu!","potentialAction":[{"@type":"SearchAction","target":{"@type":"EntryPoint","urlTemplate":"https:\/\/www.bgf.rs\/?s={search_term_string}"},"query-input":{"@type":"PropertyValueSpecification","valueRequired":true,"valueName":"search_term_string"}}],"inLanguage":"sr-RS"},{"@type":"Person","@id":"https:\/\/www.bgf.rs\/#\/schema\/person\/46fa53958df31282374baf403ec8bc64","name":"bgf","image":{"@type":"ImageObject","inLanguage":"sr-RS","@id":"https:\/\/www.bgf.rs\/#\/schema\/person\/image\/","url":"https:\/\/secure.gravatar.com\/avatar\/d576158b2e0a82c6bb7c436f39acc82ca27f10e4a45f05f58b6288c4d1f83d11?s=96&d=mm&r=g","contentUrl":"https:\/\/secure.gravatar.com\/avatar\/d576158b2e0a82c6bb7c436f39acc82ca27f10e4a45f05f58b6288c4d1f83d11?s=96&d=mm&r=g","caption":"bgf"},"url":"https:\/\/www.bgf.rs\/author\/bgf\/"}]}},"_links":{"self":[{"href":"https:\/\/www.bgf.rs\/lt\/wp-json\/wp\/v2\/posts\/1949\/"}],"collection":[{"href":"https:\/\/www.bgf.rs\/lt\/wp-json\/wp\/v2\/posts\/"}],"about":[{"href":"https:\/\/www.bgf.rs\/lt\/wp-json\/wp\/v2\/types\/post\/"}],"author":[{"embeddable":true,"href":"https:\/\/www.bgf.rs\/lt\/wp-json\/wp\/v2\/users\/1\/"}],"replies":[{"embeddable":true,"href":"https:\/\/www.bgf.rs\/lt\/wp-json\/wp\/v2\/comments\/?post=1949"}],"version-history":[{"count":0,"href":"https:\/\/www.bgf.rs\/lt\/wp-json\/wp\/v2\/posts\/1949\/revisions\/"}],"wp:featuredmedia":[{"embeddable":true,"href":"https:\/\/www.bgf.rs\/lt\/wp-json\/wp\/v2\/media\/1975\/"}],"wp:attachment":[{"href":"https:\/\/www.bgf.rs\/lt\/wp-json\/wp\/v2\/media\/?parent=1949"}],"wp:term":[{"taxonomy":"category","embeddable":true,"href":"https:\/\/www.bgf.rs\/lt\/wp-json\/wp\/v2\/categories\/?post=1949"},{"taxonomy":"post_tag","embeddable":true,"href":"https:\/\/www.bgf.rs\/lt\/wp-json\/wp\/v2\/tags\/?post=1949"}],"curies":[{"name":"wp","href":"https:\/\/api.w.org\/{rel}","templated":true}]}}