{"id":19395,"date":"2018-06-18T10:39:54","date_gmt":"2018-06-18T09:39:54","guid":{"rendered":"http:\/\/www.bgf.rs\/?p=19395\/"},"modified":"2018-06-18T13:16:57","modified_gmt":"2018-06-18T12:16:57","slug":"dirigentski-forum-5-dirigenata-pred-beogradskom-filharmonijom","status":"publish","type":"post","link":"https:\/\/www.bgf.rs\/lt\/dirigentski-forum-5-dirigenata-pred-beogradskom-filharmonijom\/","title":{"rendered":"Dirigentski forum: 5 dirigenata pred Beogradskom filharmonijom"},"content":{"rendered":"<p>U Beogradskoj filharmoniji se prvi put odr\u017eava Dirigentski forum \u2013 majstorski kurs za dirigente mla\u0111e generacije, od 17 \u2013 21. juna. \u0160ef-dirigent Gabrijel Felc, bi\u0107e mentor polaznicima me\u0111u kojima su dve dame \u2013 srpske predstavnice i tri nema\u010dka mlada dirigenta. Svih pet dirigenata u\u010destvova\u0107e na zavr\u0161nom koncertu i predvoditi orkestar 21. juna u 20 \u010dasova u Sali Beogradske filharmonije.<\/p>\n<p>Dirigentski forum je nema\u010dki program namenjen mladim profesionalcima u cilju njihove pripreme za budu\u0107e vode\u0107e pozicije na me\u0111unarodnoj muzi\u010dkoj sceni. Ideja foruma je da se ostvari kontinuirani dijalog izme\u0111u mladih generacija dirigenata i velikana ovog posla, kao i \u0161irenje van granica Nema\u010dke. Saradnja sa me\u0111unarodnim partnerima upotpunjuje njegov op\u0161irni program, pa se tako Beogradska filharmonija priklju\u010dila ovom zna\u010dajnom projektu 2017. godine.<\/p>\n<p>Mnogi nekada\u0161nji stipendisti Dirigentskog foruma sada zauzimaju istaknute pozicije na me\u0111unarodnoj muzi\u010dkoj sceni. Me\u0111u njima je i Gabrijel Felc, \u0161ef-dirigent Beogradske filharmonije i glavni muzi\u010dki direktor Dortmundske filharmonije i Opere u Dortmundu. U\u010de\u0161\u0107e u ovom programu je bilo veoma zna\u010dajano za Felcovu karijeru, tako da smatra svojom du\u017eno\u0161\u0107u da kao u\u010ditelj pomogne drugima.<\/p>\n<p>Tu priliku \u0107e imati Olivera Sekulic-Barac i Natalija Mi\u0107i\u0107 kao srpske predstavnice i Feliks Mildenberger, Valentin Egel i Aleksander Sinan Binder iz Nema\u010dke. Na zavr\u0161nom koncertu 21. juna, oni \u0107e predvoditi Beogradsku filharmoniju u izvo\u0111enju Prelida i Ljubavne smrti iz Vagnerove opere <em>Tristan i Izolda<\/em>, zajedno sa sopranom Emilijom Njutn; zatim Mocartovu <em>Pra\u0161ku simfoniju<\/em>, Risti\u0107evu Simfoniju br. 2 i Ravelov <em>Valcer<\/em>. Ulaz na zavr\u0161ni koncert Dirigentskog foruma je slobodan.<\/p>\n","protected":false},"excerpt":{"rendered":"<p>U Beogradskoj filharmoniji se prvi put odr\u017eava Dirigentski forum \u2013 majstorski kurs za dirigente mla\u0111e generacije, od 17 \u2013 21. juna. \u0160ef-dirigent Gabrijel Felc, bi\u0107e mentor polaznicima me\u0111u kojima su dve dame \u2013 srpske predstavnice i tri nema\u010dka mlada dirigenta. Svih pet dirigenata u\u010destvova\u0107e na zavr\u0161nom koncertu i predvoditi orkestar 21. juna u 20 \u010dasova [&hellip;]<\/p>\n","protected":false},"author":1,"featured_media":18256,"comment_status":"open","ping_status":"open","sticky":false,"template":"","format":"standard","meta":{"_acf_changed":false,"footnotes":""},"categories":[113],"tags":[],"class_list":["post-19395","post","type-post","status-publish","format-standard","has-post-thumbnail","hentry","category-news-lt"],"acf":[],"yoast_head":"<!-- This site is optimized with the Yoast SEO plugin v23.4 - https:\/\/yoast.com\/wordpress\/plugins\/seo\/ -->\n<title>Dirigentski forum: 5 dirigenata pred Beogradskom filharmonijom | Beogradska filharmonija<\/title>\n<meta name=\"robots\" content=\"index, follow, max-snippet:-1, max-image-preview:large, max-video-preview:-1\" \/>\n<link rel=\"canonical\" href=\"https:\/\/www.bgf.rs\/dirigentski-forum-5-dirigenata-pred-beogradskom-filharmonijom\/\" \/>\n<meta property=\"og:locale\" content=\"sr_RS\" \/>\n<meta property=\"og:type\" content=\"article\" \/>\n<meta property=\"og:title\" content=\"Dirigentski forum: 5 dirigenata pred Beogradskom filharmonijom | Beogradska filharmonija\" \/>\n<meta property=\"og:description\" content=\"U Beogradskoj filharmoniji se prvi put odr\u017eava Dirigentski forum \u2013 majstorski kurs za dirigente mla\u0111e generacije, od 17 \u2013 21. juna. \u0160ef-dirigent Gabrijel Felc, bi\u0107e mentor polaznicima me\u0111u kojima su dve dame \u2013 srpske predstavnice i tri nema\u010dka mlada dirigenta. Svih pet dirigenata u\u010destvova\u0107e na zavr\u0161nom koncertu i predvoditi orkestar 21. juna u 20 \u010dasova [&hellip;]\" \/>\n<meta property=\"og:url\" content=\"https:\/\/www.bgf.rs\/lt\/dirigentski-forum-5-dirigenata-pred-beogradskom-filharmonijom\/\" \/>\n<meta property=\"og:site_name\" content=\"Beogradska filharmonija\" \/>\n<meta property=\"article:published_time\" content=\"2018-06-18T09:39:54+00:00\" \/>\n<meta property=\"article:modified_time\" content=\"2018-06-18T12:16:57+00:00\" \/>\n<meta property=\"og:image\" content=\"https:\/\/www.bgf.rs\/wp-content\/uploads\/2018\/01\/Malerova-Deveta-simfonija-sa-Gabrijelom-Felcom.jpeg\" \/>\n\t<meta property=\"og:image:width\" content=\"1170\" \/>\n\t<meta property=\"og:image:height\" content=\"450\" \/>\n\t<meta property=\"og:image:type\" content=\"image\/jpeg\" \/>\n<meta name=\"author\" content=\"bgf\" \/>\n<meta name=\"twitter:card\" content=\"summary_large_image\" \/>\n<meta name=\"twitter:creator\" content=\"@BGFilharmonija\" \/>\n<meta name=\"twitter:site\" content=\"@BGFilharmonija\" \/>\n<meta name=\"twitter:label1\" content=\"\u041d\u0430\u043f\u0438\u0441\u0430\u043d\u043e \u043e\u0434\" \/>\n\t<meta name=\"twitter:data1\" content=\"bgf\" \/>\n\t<meta name=\"twitter:label2\" content=\"\u041f\u0440\u043e\u0446\u0435\u045a\u0435\u043d\u043e \u0432\u0440\u0435\u043c\u0435 \u0447\u0438\u0442\u0430\u045a\u0430\" \/>\n\t<meta name=\"twitter:data2\" content=\"1 \u043c\u0438\u043d\u0443\u0442\" \/>\n<script type=\"application\/ld+json\" class=\"yoast-schema-graph\">{\"@context\":\"https:\/\/schema.org\",\"@graph\":[{\"@type\":\"WebPage\",\"@id\":\"https:\/\/www.bgf.rs\/lt\/dirigentski-forum-5-dirigenata-pred-beogradskom-filharmonijom\/\",\"url\":\"https:\/\/www.bgf.rs\/lt\/dirigentski-forum-5-dirigenata-pred-beogradskom-filharmonijom\/\",\"name\":\"Dirigentski forum: 5 dirigenata pred Beogradskom filharmonijom | Beogradska filharmonija\",\"isPartOf\":{\"@id\":\"https:\/\/www.bgf.rs\/#website\"},\"primaryImageOfPage\":{\"@id\":\"https:\/\/www.bgf.rs\/lt\/dirigentski-forum-5-dirigenata-pred-beogradskom-filharmonijom\/#primaryimage\"},\"image\":{\"@id\":\"https:\/\/www.bgf.rs\/lt\/dirigentski-forum-5-dirigenata-pred-beogradskom-filharmonijom\/#primaryimage\"},\"thumbnailUrl\":\"https:\/\/www.bgf.rs\/wp-content\/uploads\/2018\/01\/Malerova-Deveta-simfonija-sa-Gabrijelom-Felcom.jpeg\",\"datePublished\":\"2018-06-18T09:39:54+00:00\",\"dateModified\":\"2018-06-18T12:16:57+00:00\",\"author\":{\"@id\":\"https:\/\/www.bgf.rs\/#\/schema\/person\/46fa53958df31282374baf403ec8bc64\"},\"breadcrumb\":{\"@id\":\"https:\/\/www.bgf.rs\/lt\/dirigentski-forum-5-dirigenata-pred-beogradskom-filharmonijom\/#breadcrumb\"},\"inLanguage\":\"sr-RS\",\"potentialAction\":[{\"@type\":\"ReadAction\",\"target\":[\"https:\/\/www.bgf.rs\/lt\/dirigentski-forum-5-dirigenata-pred-beogradskom-filharmonijom\/\"]}]},{\"@type\":\"ImageObject\",\"inLanguage\":\"sr-RS\",\"@id\":\"https:\/\/www.bgf.rs\/lt\/dirigentski-forum-5-dirigenata-pred-beogradskom-filharmonijom\/#primaryimage\",\"url\":\"https:\/\/www.bgf.rs\/wp-content\/uploads\/2018\/01\/Malerova-Deveta-simfonija-sa-Gabrijelom-Felcom.jpeg\",\"contentUrl\":\"https:\/\/www.bgf.rs\/wp-content\/uploads\/2018\/01\/Malerova-Deveta-simfonija-sa-Gabrijelom-Felcom.jpeg\",\"width\":1170,\"height\":450},{\"@type\":\"BreadcrumbList\",\"@id\":\"https:\/\/www.bgf.rs\/lt\/dirigentski-forum-5-dirigenata-pred-beogradskom-filharmonijom\/#breadcrumb\",\"itemListElement\":[{\"@type\":\"ListItem\",\"position\":1,\"name\":\"Home\",\"item\":\"https:\/\/www.bgf.rs\/\"},{\"@type\":\"ListItem\",\"position\":2,\"name\":\"Dirigentski forum: 5 dirigenata pred Beogradskom filharmonijom\"}]},{\"@type\":\"WebSite\",\"@id\":\"https:\/\/www.bgf.rs\/#website\",\"url\":\"https:\/\/www.bgf.rs\/\",\"name\":\"Beogradska filharmonija\",\"description\":\"Samo muzika - jer do\u017eivljaj nema cenu!\",\"potentialAction\":[{\"@type\":\"SearchAction\",\"target\":{\"@type\":\"EntryPoint\",\"urlTemplate\":\"https:\/\/www.bgf.rs\/?s={search_term_string}\"},\"query-input\":{\"@type\":\"PropertyValueSpecification\",\"valueRequired\":true,\"valueName\":\"search_term_string\"}}],\"inLanguage\":\"sr-RS\"},{\"@type\":\"Person\",\"@id\":\"https:\/\/www.bgf.rs\/#\/schema\/person\/46fa53958df31282374baf403ec8bc64\",\"name\":\"bgf\",\"image\":{\"@type\":\"ImageObject\",\"inLanguage\":\"sr-RS\",\"@id\":\"https:\/\/www.bgf.rs\/#\/schema\/person\/image\/\",\"url\":\"https:\/\/secure.gravatar.com\/avatar\/d576158b2e0a82c6bb7c436f39acc82ca27f10e4a45f05f58b6288c4d1f83d11?s=96&d=mm&r=g\",\"contentUrl\":\"https:\/\/secure.gravatar.com\/avatar\/d576158b2e0a82c6bb7c436f39acc82ca27f10e4a45f05f58b6288c4d1f83d11?s=96&d=mm&r=g\",\"caption\":\"bgf\"},\"url\":\"https:\/\/www.bgf.rs\/author\/bgf\/\"}]}<\/script>\n<!-- \/ Yoast SEO plugin. -->","yoast_head_json":{"title":"Dirigentski forum: 5 dirigenata pred Beogradskom filharmonijom | Beogradska filharmonija","robots":{"index":"index","follow":"follow","max-snippet":"max-snippet:-1","max-image-preview":"max-image-preview:large","max-video-preview":"max-video-preview:-1"},"canonical":"https:\/\/www.bgf.rs\/dirigentski-forum-5-dirigenata-pred-beogradskom-filharmonijom\/","og_locale":"sr_RS","og_type":"article","og_title":"Dirigentski forum: 5 dirigenata pred Beogradskom filharmonijom | Beogradska filharmonija","og_description":"U Beogradskoj filharmoniji se prvi put odr\u017eava Dirigentski forum \u2013 majstorski kurs za dirigente mla\u0111e generacije, od 17 \u2013 21. juna. \u0160ef-dirigent Gabrijel Felc, bi\u0107e mentor polaznicima me\u0111u kojima su dve dame \u2013 srpske predstavnice i tri nema\u010dka mlada dirigenta. Svih pet dirigenata u\u010destvova\u0107e na zavr\u0161nom koncertu i predvoditi orkestar 21. juna u 20 \u010dasova [&hellip;]","og_url":"https:\/\/www.bgf.rs\/lt\/dirigentski-forum-5-dirigenata-pred-beogradskom-filharmonijom\/","og_site_name":"Beogradska filharmonija","article_published_time":"2018-06-18T09:39:54+00:00","article_modified_time":"2018-06-18T12:16:57+00:00","og_image":[{"width":1170,"height":450,"url":"https:\/\/www.bgf.rs\/wp-content\/uploads\/2018\/01\/Malerova-Deveta-simfonija-sa-Gabrijelom-Felcom.jpeg","type":"image\/jpeg"}],"author":"bgf","twitter_card":"summary_large_image","twitter_creator":"@BGFilharmonija","twitter_site":"@BGFilharmonija","twitter_misc":{"\u041d\u0430\u043f\u0438\u0441\u0430\u043d\u043e \u043e\u0434":"bgf","\u041f\u0440\u043e\u0446\u0435\u045a\u0435\u043d\u043e \u0432\u0440\u0435\u043c\u0435 \u0447\u0438\u0442\u0430\u045a\u0430":"1 \u043c\u0438\u043d\u0443\u0442"},"schema":{"@context":"https:\/\/schema.org","@graph":[{"@type":"WebPage","@id":"https:\/\/www.bgf.rs\/lt\/dirigentski-forum-5-dirigenata-pred-beogradskom-filharmonijom\/","url":"https:\/\/www.bgf.rs\/lt\/dirigentski-forum-5-dirigenata-pred-beogradskom-filharmonijom\/","name":"Dirigentski forum: 5 dirigenata pred Beogradskom filharmonijom | Beogradska filharmonija","isPartOf":{"@id":"https:\/\/www.bgf.rs\/#website"},"primaryImageOfPage":{"@id":"https:\/\/www.bgf.rs\/lt\/dirigentski-forum-5-dirigenata-pred-beogradskom-filharmonijom\/#primaryimage"},"image":{"@id":"https:\/\/www.bgf.rs\/lt\/dirigentski-forum-5-dirigenata-pred-beogradskom-filharmonijom\/#primaryimage"},"thumbnailUrl":"https:\/\/www.bgf.rs\/wp-content\/uploads\/2018\/01\/Malerova-Deveta-simfonija-sa-Gabrijelom-Felcom.jpeg","datePublished":"2018-06-18T09:39:54+00:00","dateModified":"2018-06-18T12:16:57+00:00","author":{"@id":"https:\/\/www.bgf.rs\/#\/schema\/person\/46fa53958df31282374baf403ec8bc64"},"breadcrumb":{"@id":"https:\/\/www.bgf.rs\/lt\/dirigentski-forum-5-dirigenata-pred-beogradskom-filharmonijom\/#breadcrumb"},"inLanguage":"sr-RS","potentialAction":[{"@type":"ReadAction","target":["https:\/\/www.bgf.rs\/lt\/dirigentski-forum-5-dirigenata-pred-beogradskom-filharmonijom\/"]}]},{"@type":"ImageObject","inLanguage":"sr-RS","@id":"https:\/\/www.bgf.rs\/lt\/dirigentski-forum-5-dirigenata-pred-beogradskom-filharmonijom\/#primaryimage","url":"https:\/\/www.bgf.rs\/wp-content\/uploads\/2018\/01\/Malerova-Deveta-simfonija-sa-Gabrijelom-Felcom.jpeg","contentUrl":"https:\/\/www.bgf.rs\/wp-content\/uploads\/2018\/01\/Malerova-Deveta-simfonija-sa-Gabrijelom-Felcom.jpeg","width":1170,"height":450},{"@type":"BreadcrumbList","@id":"https:\/\/www.bgf.rs\/lt\/dirigentski-forum-5-dirigenata-pred-beogradskom-filharmonijom\/#breadcrumb","itemListElement":[{"@type":"ListItem","position":1,"name":"Home","item":"https:\/\/www.bgf.rs\/"},{"@type":"ListItem","position":2,"name":"Dirigentski forum: 5 dirigenata pred Beogradskom filharmonijom"}]},{"@type":"WebSite","@id":"https:\/\/www.bgf.rs\/#website","url":"https:\/\/www.bgf.rs\/","name":"Beogradska filharmonija","description":"Samo muzika - jer do\u017eivljaj nema cenu!","potentialAction":[{"@type":"SearchAction","target":{"@type":"EntryPoint","urlTemplate":"https:\/\/www.bgf.rs\/?s={search_term_string}"},"query-input":{"@type":"PropertyValueSpecification","valueRequired":true,"valueName":"search_term_string"}}],"inLanguage":"sr-RS"},{"@type":"Person","@id":"https:\/\/www.bgf.rs\/#\/schema\/person\/46fa53958df31282374baf403ec8bc64","name":"bgf","image":{"@type":"ImageObject","inLanguage":"sr-RS","@id":"https:\/\/www.bgf.rs\/#\/schema\/person\/image\/","url":"https:\/\/secure.gravatar.com\/avatar\/d576158b2e0a82c6bb7c436f39acc82ca27f10e4a45f05f58b6288c4d1f83d11?s=96&d=mm&r=g","contentUrl":"https:\/\/secure.gravatar.com\/avatar\/d576158b2e0a82c6bb7c436f39acc82ca27f10e4a45f05f58b6288c4d1f83d11?s=96&d=mm&r=g","caption":"bgf"},"url":"https:\/\/www.bgf.rs\/author\/bgf\/"}]}},"_links":{"self":[{"href":"https:\/\/www.bgf.rs\/lt\/wp-json\/wp\/v2\/posts\/19395\/"}],"collection":[{"href":"https:\/\/www.bgf.rs\/lt\/wp-json\/wp\/v2\/posts\/"}],"about":[{"href":"https:\/\/www.bgf.rs\/lt\/wp-json\/wp\/v2\/types\/post\/"}],"author":[{"embeddable":true,"href":"https:\/\/www.bgf.rs\/lt\/wp-json\/wp\/v2\/users\/1\/"}],"replies":[{"embeddable":true,"href":"https:\/\/www.bgf.rs\/lt\/wp-json\/wp\/v2\/comments\/?post=19395"}],"version-history":[{"count":0,"href":"https:\/\/www.bgf.rs\/lt\/wp-json\/wp\/v2\/posts\/19395\/revisions\/"}],"wp:featuredmedia":[{"embeddable":true,"href":"https:\/\/www.bgf.rs\/lt\/wp-json\/wp\/v2\/media\/18256\/"}],"wp:attachment":[{"href":"https:\/\/www.bgf.rs\/lt\/wp-json\/wp\/v2\/media\/?parent=19395"}],"wp:term":[{"taxonomy":"category","embeddable":true,"href":"https:\/\/www.bgf.rs\/lt\/wp-json\/wp\/v2\/categories\/?post=19395"},{"taxonomy":"post_tag","embeddable":true,"href":"https:\/\/www.bgf.rs\/lt\/wp-json\/wp\/v2\/tags\/?post=19395"}],"curies":[{"name":"wp","href":"https:\/\/api.w.org\/{rel}","templated":true}]}}