{"id":19188,"date":"2018-06-06T08:15:23","date_gmt":"2018-06-06T07:15:23","guid":{"rendered":"http:\/\/www.bgf.rs\/ekskluzivan-program-beogradske-filharmonije-2\/"},"modified":"2018-06-06T08:50:34","modified_gmt":"2018-06-06T07:50:34","slug":"ekskluzivan-program-beogradske-filharmonije","status":"publish","type":"post","link":"https:\/\/www.bgf.rs\/lt\/ekskluzivan-program-beogradske-filharmonije\/","title":{"rendered":"Ekskluzivan program Beogradske filharmonije"},"content":{"rendered":"<p>Zajedno sa \u010duvenim dirigentom Ei\u0111ijem Oueom, Beogradska filharmonija izvodi nesvakida\u0161nji repertoar i to dve koncertne ve\u010deri zaredom, u \u010detvrtak i petak (7. i 8. juna, Kolarac od 20\u010d). Publika \u0107e imati priliku da \u010duje \u201cRekvijem za guda\u010de\u201d Torua Takemicua, \u201cZamrznut u vremenu\u201d Avnera Dormana sa virtuoznim perkusionistom Simonom Rubinom, i za kraj \u201cPlanete\u201d Gustava Holsta u kojima se orkestru pridru\u017euje i hor.<\/p>\n<p>&nbsp;<\/p>\n<p>Ekscentri\u010dni Ei\u0111i Oue, dirigent \u010detrdeset godina burne karijere, nastupa \u0161irom sveta sa najpoznatijim orkestrima. Nekada\u0161nji Bern\u0161tajnov \u0161ti\u0107enik je pored vrhunskog umetni\u010dkog rada, tako\u0111e poznat po susretima sa superstarovima popularne kulture. Ve\u0107 \u010detiri sezone je gost Beogradske filharmonije, a ovoga puta sa orkestrom predstavlja neke od najzna\u010dajnijih svetskih kompozitora koji zalaze van uobi\u010dajenih muzi\u010dkih okvira.<\/p>\n<p>&nbsp;<\/p>\n<p>Atraktivan repertoar otvara \u201cRekvijem za guda\u010de\u201d Torua Takemicua, jednog od najuticajnijih japanskih kompozitora 20. veka. Potom \u0107e doma\u0107a publika prvi put \u010duti \u201cZamrznut u vremenu\u201d Avnera Dormana, izraelskog kompozitora u kojoj je glavna zvezda neobi\u010dan solista na udaraljkama Simone Rubino. Dvadesetpetogodi\u0161nji perkusionista je poznat ne samo po neverovatnoj virtuoznosti ve\u0107 i po plesnim koreografijama dok svira. Kako zvu\u010de Mars, Merkur Venera, Jupiter, Satrun, Uran i Neptun, \u010du\u0107e se u \u010duvenim Holstovim \u201cPlanetama\u201d u kojima se orkestru pridru\u017euje Akademski hor Collegium Musicum.<\/p>\n<p>&nbsp;<\/p>\n<p>Sto ulaznica za stajanje, za oba koncerta, bi\u0107e u prodaji sat vremena uo\u010di po\u010detka, odnosno od 19 \u010dasova na blagajni Kolarca.<\/p>\n","protected":false},"excerpt":{"rendered":"<p>Zajedno sa \u010duvenim dirigentom Ei\u0111ijem Oueom, Beogradska filharmonija izvodi nesvakida\u0161nji repertoar i to dve koncertne ve\u010deri zaredom, u \u010detvrtak i petak (7. i 8. juna, Kolarac od 20\u010d). Publika \u0107e imati priliku da \u010duje \u201cRekvijem za guda\u010de\u201d Torua Takemicua, \u201cZamrznut u vremenu\u201d Avnera Dormana sa virtuoznim perkusionistom Simonom Rubinom, i za kraj \u201cPlanete\u201d Gustava Holsta [&hellip;]<\/p>\n","protected":false},"author":1,"featured_media":19183,"comment_status":"open","ping_status":"open","sticky":false,"template":"","format":"standard","meta":{"_acf_changed":false,"footnotes":""},"categories":[113],"tags":[],"class_list":["post-19188","post","type-post","status-publish","format-standard","has-post-thumbnail","hentry","category-news-lt"],"acf":[],"yoast_head":"<!-- This site is optimized with the Yoast SEO plugin v23.4 - https:\/\/yoast.com\/wordpress\/plugins\/seo\/ -->\n<title>Ekskluzivan program Beogradske filharmonije | Beogradska filharmonija<\/title>\n<meta name=\"robots\" content=\"index, follow, max-snippet:-1, max-image-preview:large, max-video-preview:-1\" \/>\n<link rel=\"canonical\" href=\"https:\/\/www.bgf.rs\/ekskluzivan-program-beogradske-filharmonije\/\" \/>\n<meta property=\"og:locale\" content=\"sr_RS\" \/>\n<meta property=\"og:type\" content=\"article\" \/>\n<meta property=\"og:title\" content=\"Ekskluzivan program Beogradske filharmonije | Beogradska filharmonija\" \/>\n<meta property=\"og:description\" content=\"Zajedno sa \u010duvenim dirigentom Ei\u0111ijem Oueom, Beogradska filharmonija izvodi nesvakida\u0161nji repertoar i to dve koncertne ve\u010deri zaredom, u \u010detvrtak i petak (7. i 8. juna, Kolarac od 20\u010d). Publika \u0107e imati priliku da \u010duje \u201cRekvijem za guda\u010de\u201d Torua Takemicua, \u201cZamrznut u vremenu\u201d Avnera Dormana sa virtuoznim perkusionistom Simonom Rubinom, i za kraj \u201cPlanete\u201d Gustava Holsta [&hellip;]\" \/>\n<meta property=\"og:url\" content=\"https:\/\/www.bgf.rs\/lt\/ekskluzivan-program-beogradske-filharmonije\/\" \/>\n<meta property=\"og:site_name\" content=\"Beogradska filharmonija\" \/>\n<meta property=\"article:published_time\" content=\"2018-06-06T07:15:23+00:00\" \/>\n<meta property=\"article:modified_time\" content=\"2018-06-06T07:50:34+00:00\" \/>\n<meta property=\"og:image\" content=\"https:\/\/www.bgf.rs\/wp-content\/uploads\/2018\/06\/Ei-i-Oue-foto-Marko-okovi-crop.jpg\" \/>\n\t<meta property=\"og:image:width\" content=\"1980\" \/>\n\t<meta property=\"og:image:height\" content=\"988\" \/>\n\t<meta property=\"og:image:type\" content=\"image\/jpeg\" \/>\n<meta name=\"author\" content=\"bgf\" \/>\n<meta name=\"twitter:card\" content=\"summary_large_image\" \/>\n<meta name=\"twitter:creator\" content=\"@BGFilharmonija\" \/>\n<meta name=\"twitter:site\" content=\"@BGFilharmonija\" \/>\n<meta name=\"twitter:label1\" content=\"\u041d\u0430\u043f\u0438\u0441\u0430\u043d\u043e \u043e\u0434\" \/>\n\t<meta name=\"twitter:data1\" content=\"bgf\" \/>\n\t<meta name=\"twitter:label2\" content=\"\u041f\u0440\u043e\u0446\u0435\u045a\u0435\u043d\u043e \u0432\u0440\u0435\u043c\u0435 \u0447\u0438\u0442\u0430\u045a\u0430\" \/>\n\t<meta name=\"twitter:data2\" content=\"1 \u043c\u0438\u043d\u0443\u0442\" \/>\n<script type=\"application\/ld+json\" class=\"yoast-schema-graph\">{\"@context\":\"https:\/\/schema.org\",\"@graph\":[{\"@type\":\"WebPage\",\"@id\":\"https:\/\/www.bgf.rs\/lt\/ekskluzivan-program-beogradske-filharmonije\/\",\"url\":\"https:\/\/www.bgf.rs\/lt\/ekskluzivan-program-beogradske-filharmonije\/\",\"name\":\"Ekskluzivan program Beogradske filharmonije | Beogradska filharmonija\",\"isPartOf\":{\"@id\":\"https:\/\/www.bgf.rs\/#website\"},\"primaryImageOfPage\":{\"@id\":\"https:\/\/www.bgf.rs\/lt\/ekskluzivan-program-beogradske-filharmonije\/#primaryimage\"},\"image\":{\"@id\":\"https:\/\/www.bgf.rs\/lt\/ekskluzivan-program-beogradske-filharmonije\/#primaryimage\"},\"thumbnailUrl\":\"https:\/\/www.bgf.rs\/wp-content\/uploads\/2018\/06\/Ei-i-Oue-foto-Marko-okovi-crop.jpg\",\"datePublished\":\"2018-06-06T07:15:23+00:00\",\"dateModified\":\"2018-06-06T07:50:34+00:00\",\"author\":{\"@id\":\"https:\/\/www.bgf.rs\/#\/schema\/person\/46fa53958df31282374baf403ec8bc64\"},\"breadcrumb\":{\"@id\":\"https:\/\/www.bgf.rs\/lt\/ekskluzivan-program-beogradske-filharmonije\/#breadcrumb\"},\"inLanguage\":\"sr-RS\",\"potentialAction\":[{\"@type\":\"ReadAction\",\"target\":[\"https:\/\/www.bgf.rs\/lt\/ekskluzivan-program-beogradske-filharmonije\/\"]}]},{\"@type\":\"ImageObject\",\"inLanguage\":\"sr-RS\",\"@id\":\"https:\/\/www.bgf.rs\/lt\/ekskluzivan-program-beogradske-filharmonije\/#primaryimage\",\"url\":\"https:\/\/www.bgf.rs\/wp-content\/uploads\/2018\/06\/Ei-i-Oue-foto-Marko-okovi-crop.jpg\",\"contentUrl\":\"https:\/\/www.bgf.rs\/wp-content\/uploads\/2018\/06\/Ei-i-Oue-foto-Marko-okovi-crop.jpg\",\"width\":1980,\"height\":988},{\"@type\":\"BreadcrumbList\",\"@id\":\"https:\/\/www.bgf.rs\/lt\/ekskluzivan-program-beogradske-filharmonije\/#breadcrumb\",\"itemListElement\":[{\"@type\":\"ListItem\",\"position\":1,\"name\":\"Home\",\"item\":\"https:\/\/www.bgf.rs\/\"},{\"@type\":\"ListItem\",\"position\":2,\"name\":\"Ekskluzivan program Beogradske filharmonije\"}]},{\"@type\":\"WebSite\",\"@id\":\"https:\/\/www.bgf.rs\/#website\",\"url\":\"https:\/\/www.bgf.rs\/\",\"name\":\"Beogradska filharmonija\",\"description\":\"Samo muzika - jer do\u017eivljaj nema cenu!\",\"potentialAction\":[{\"@type\":\"SearchAction\",\"target\":{\"@type\":\"EntryPoint\",\"urlTemplate\":\"https:\/\/www.bgf.rs\/?s={search_term_string}\"},\"query-input\":{\"@type\":\"PropertyValueSpecification\",\"valueRequired\":true,\"valueName\":\"search_term_string\"}}],\"inLanguage\":\"sr-RS\"},{\"@type\":\"Person\",\"@id\":\"https:\/\/www.bgf.rs\/#\/schema\/person\/46fa53958df31282374baf403ec8bc64\",\"name\":\"bgf\",\"image\":{\"@type\":\"ImageObject\",\"inLanguage\":\"sr-RS\",\"@id\":\"https:\/\/www.bgf.rs\/#\/schema\/person\/image\/\",\"url\":\"https:\/\/secure.gravatar.com\/avatar\/d576158b2e0a82c6bb7c436f39acc82ca27f10e4a45f05f58b6288c4d1f83d11?s=96&d=mm&r=g\",\"contentUrl\":\"https:\/\/secure.gravatar.com\/avatar\/d576158b2e0a82c6bb7c436f39acc82ca27f10e4a45f05f58b6288c4d1f83d11?s=96&d=mm&r=g\",\"caption\":\"bgf\"},\"url\":\"https:\/\/www.bgf.rs\/author\/bgf\/\"}]}<\/script>\n<!-- \/ Yoast SEO plugin. -->","yoast_head_json":{"title":"Ekskluzivan program Beogradske filharmonije | Beogradska filharmonija","robots":{"index":"index","follow":"follow","max-snippet":"max-snippet:-1","max-image-preview":"max-image-preview:large","max-video-preview":"max-video-preview:-1"},"canonical":"https:\/\/www.bgf.rs\/ekskluzivan-program-beogradske-filharmonije\/","og_locale":"sr_RS","og_type":"article","og_title":"Ekskluzivan program Beogradske filharmonije | Beogradska filharmonija","og_description":"Zajedno sa \u010duvenim dirigentom Ei\u0111ijem Oueom, Beogradska filharmonija izvodi nesvakida\u0161nji repertoar i to dve koncertne ve\u010deri zaredom, u \u010detvrtak i petak (7. i 8. juna, Kolarac od 20\u010d). Publika \u0107e imati priliku da \u010duje \u201cRekvijem za guda\u010de\u201d Torua Takemicua, \u201cZamrznut u vremenu\u201d Avnera Dormana sa virtuoznim perkusionistom Simonom Rubinom, i za kraj \u201cPlanete\u201d Gustava Holsta [&hellip;]","og_url":"https:\/\/www.bgf.rs\/lt\/ekskluzivan-program-beogradske-filharmonije\/","og_site_name":"Beogradska filharmonija","article_published_time":"2018-06-06T07:15:23+00:00","article_modified_time":"2018-06-06T07:50:34+00:00","og_image":[{"width":1980,"height":988,"url":"https:\/\/www.bgf.rs\/wp-content\/uploads\/2018\/06\/Ei-i-Oue-foto-Marko-okovi-crop.jpg","type":"image\/jpeg"}],"author":"bgf","twitter_card":"summary_large_image","twitter_creator":"@BGFilharmonija","twitter_site":"@BGFilharmonija","twitter_misc":{"\u041d\u0430\u043f\u0438\u0441\u0430\u043d\u043e \u043e\u0434":"bgf","\u041f\u0440\u043e\u0446\u0435\u045a\u0435\u043d\u043e \u0432\u0440\u0435\u043c\u0435 \u0447\u0438\u0442\u0430\u045a\u0430":"1 \u043c\u0438\u043d\u0443\u0442"},"schema":{"@context":"https:\/\/schema.org","@graph":[{"@type":"WebPage","@id":"https:\/\/www.bgf.rs\/lt\/ekskluzivan-program-beogradske-filharmonije\/","url":"https:\/\/www.bgf.rs\/lt\/ekskluzivan-program-beogradske-filharmonije\/","name":"Ekskluzivan program Beogradske filharmonije | Beogradska filharmonija","isPartOf":{"@id":"https:\/\/www.bgf.rs\/#website"},"primaryImageOfPage":{"@id":"https:\/\/www.bgf.rs\/lt\/ekskluzivan-program-beogradske-filharmonije\/#primaryimage"},"image":{"@id":"https:\/\/www.bgf.rs\/lt\/ekskluzivan-program-beogradske-filharmonije\/#primaryimage"},"thumbnailUrl":"https:\/\/www.bgf.rs\/wp-content\/uploads\/2018\/06\/Ei-i-Oue-foto-Marko-okovi-crop.jpg","datePublished":"2018-06-06T07:15:23+00:00","dateModified":"2018-06-06T07:50:34+00:00","author":{"@id":"https:\/\/www.bgf.rs\/#\/schema\/person\/46fa53958df31282374baf403ec8bc64"},"breadcrumb":{"@id":"https:\/\/www.bgf.rs\/lt\/ekskluzivan-program-beogradske-filharmonije\/#breadcrumb"},"inLanguage":"sr-RS","potentialAction":[{"@type":"ReadAction","target":["https:\/\/www.bgf.rs\/lt\/ekskluzivan-program-beogradske-filharmonije\/"]}]},{"@type":"ImageObject","inLanguage":"sr-RS","@id":"https:\/\/www.bgf.rs\/lt\/ekskluzivan-program-beogradske-filharmonije\/#primaryimage","url":"https:\/\/www.bgf.rs\/wp-content\/uploads\/2018\/06\/Ei-i-Oue-foto-Marko-okovi-crop.jpg","contentUrl":"https:\/\/www.bgf.rs\/wp-content\/uploads\/2018\/06\/Ei-i-Oue-foto-Marko-okovi-crop.jpg","width":1980,"height":988},{"@type":"BreadcrumbList","@id":"https:\/\/www.bgf.rs\/lt\/ekskluzivan-program-beogradske-filharmonije\/#breadcrumb","itemListElement":[{"@type":"ListItem","position":1,"name":"Home","item":"https:\/\/www.bgf.rs\/"},{"@type":"ListItem","position":2,"name":"Ekskluzivan program Beogradske filharmonije"}]},{"@type":"WebSite","@id":"https:\/\/www.bgf.rs\/#website","url":"https:\/\/www.bgf.rs\/","name":"Beogradska filharmonija","description":"Samo muzika - jer do\u017eivljaj nema cenu!","potentialAction":[{"@type":"SearchAction","target":{"@type":"EntryPoint","urlTemplate":"https:\/\/www.bgf.rs\/?s={search_term_string}"},"query-input":{"@type":"PropertyValueSpecification","valueRequired":true,"valueName":"search_term_string"}}],"inLanguage":"sr-RS"},{"@type":"Person","@id":"https:\/\/www.bgf.rs\/#\/schema\/person\/46fa53958df31282374baf403ec8bc64","name":"bgf","image":{"@type":"ImageObject","inLanguage":"sr-RS","@id":"https:\/\/www.bgf.rs\/#\/schema\/person\/image\/","url":"https:\/\/secure.gravatar.com\/avatar\/d576158b2e0a82c6bb7c436f39acc82ca27f10e4a45f05f58b6288c4d1f83d11?s=96&d=mm&r=g","contentUrl":"https:\/\/secure.gravatar.com\/avatar\/d576158b2e0a82c6bb7c436f39acc82ca27f10e4a45f05f58b6288c4d1f83d11?s=96&d=mm&r=g","caption":"bgf"},"url":"https:\/\/www.bgf.rs\/author\/bgf\/"}]}},"_links":{"self":[{"href":"https:\/\/www.bgf.rs\/lt\/wp-json\/wp\/v2\/posts\/19188\/"}],"collection":[{"href":"https:\/\/www.bgf.rs\/lt\/wp-json\/wp\/v2\/posts\/"}],"about":[{"href":"https:\/\/www.bgf.rs\/lt\/wp-json\/wp\/v2\/types\/post\/"}],"author":[{"embeddable":true,"href":"https:\/\/www.bgf.rs\/lt\/wp-json\/wp\/v2\/users\/1\/"}],"replies":[{"embeddable":true,"href":"https:\/\/www.bgf.rs\/lt\/wp-json\/wp\/v2\/comments\/?post=19188"}],"version-history":[{"count":0,"href":"https:\/\/www.bgf.rs\/lt\/wp-json\/wp\/v2\/posts\/19188\/revisions\/"}],"wp:featuredmedia":[{"embeddable":true,"href":"https:\/\/www.bgf.rs\/lt\/wp-json\/wp\/v2\/media\/19183\/"}],"wp:attachment":[{"href":"https:\/\/www.bgf.rs\/lt\/wp-json\/wp\/v2\/media\/?parent=19188"}],"wp:term":[{"taxonomy":"category","embeddable":true,"href":"https:\/\/www.bgf.rs\/lt\/wp-json\/wp\/v2\/categories\/?post=19188"},{"taxonomy":"post_tag","embeddable":true,"href":"https:\/\/www.bgf.rs\/lt\/wp-json\/wp\/v2\/tags\/?post=19188"}],"curies":[{"name":"wp","href":"https:\/\/api.w.org\/{rel}","templated":true}]}}