{"id":1915,"date":"2016-01-13T13:38:00","date_gmt":"2016-01-13T13:38:00","guid":{"rendered":"http:\/\/www.bgf.rs\/lt\/?p=1915"},"modified":"2016-03-17T12:34:08","modified_gmt":"2016-03-17T12:34:08","slug":"zimski-koncert-beogradske-filharmonije","status":"publish","type":"post","link":"https:\/\/www.bgf.rs\/lt\/zimski-koncert-beogradske-filharmonije\/","title":{"rendered":"Zimski koncert Beogradske filharmonije"},"content":{"rendered":"<p>Kompozicije inspirisane zimom u interpretaciji doma\u0107ih muzi\u010dkih zvezdi, tema su prvog koncerta u 2016. godini, koji je zakazan za petak, 15. januar (Kolarac, 20 \u010d.) Dirigent Srbol\u0458ub Dini\u0107 i violinistkinja Tijana Milo\u0161evi\u0107, izve\u0161\u0107e sa orkestrom Filharmonije zimske teme iz opusa Glazunova, Glasa, Pjacole, Vivaldija i \u010cajkovskog.<br \/>\n&nbsp;<br \/>\nMuzi\u010dki opis zime kroz razli\u010dite stilske izraze, od baroka pa do danas, u fokusu je tre\u0107eg koncerta iz ciklusa \u201cZa megalomane\u201c. Nakon \u201cZime\u201d, odlomka iz baleta \u201c\u010cetiri godi\u0161nja doba\u201d Aleksandra Glazunova, koncertmajstor Beogradske filharmonije Tijana Milo\u0161evi\u0107 done\u0107e razli\u010dite vizure ovog godi\u0161njeg doba kroz muzi\u010dko pismo Filipa Glasa, Astora Pjacole i Antonija Vivaldija. Zimsko muzi\u010dko putovanje zavr\u0161ava se Prvom simfonijom \u010cajkovskog, koja zahval\u0458uju\u0107i svojoj tematskoj pozadini, nosi podnaslov \u201cZimski snovi\u201d.<br \/>\n&nbsp;<br \/>\n\u201cVeliko mi je zadovol\u0458stvo \u0161to ponovo sara\u0111ujem sa Beogradskom filharmonijom, zato \u0161to su to izvrsni muzi\u010dari i moji prijatel\u0458i. Raduje me raznovrsnost programa \u010dija je tematika vezana za ovo doba godine. Od baletske muzike Glazunova, preko popularnih dela Vivaldija, Glasa i Pijacole, do retko izvo\u0111ene Prve simfonije \u010cajkovskog, za koju je potrebna velika discplina u sviranju\u201d, ka\u017ee Srbol\u0458ub Dini\u0107, umetni\u010dki direktor i \u0161ef-dirigent Orkestra Pozori\u0161ta lepih umetnosti iz Meksiko Sitija.<br \/>\n&nbsp;<br \/>\nZimski zvuci prirode iz Vivaldijevih \u201cGodi\u0161njih doba\u201d poslu\u017eili su kao inspiracija mnogim autorima. Tako \u0107e Tijana Milo\u0161evi\u0107 do\u010darati zimu u ritmu tanga iz \u201c\u010cetiri godi\u0161nja doba u Buenos Ajresu\u201d, Astora Pjacole i njenu repetativnu verziju iz \u201cAmeri\u010dkih godi\u0161njih doba\u201d, minimaliste Filipa Glasa.<br \/>\n&nbsp;<br \/>\nCiklus \u201cZa megalomane\u201d Beogradske filharmonije posve\u0107en je publici kojoj ni previ\u0161e muzike nije dovol\u0458no. Nakon \u201czimske megalomanije\u201d, za naredni koncert iz ovog ciklusa sprema se muzi\u010dki maraton \u2013 svih pet Betovenovih klavirskih koncerata u izvo\u0111enju Alekseja Volodina, 13. maja, 2016. godine.<\/p>\n","protected":false},"excerpt":{"rendered":"<p>Kompozicije inspirisane zimom u interpretaciji doma\u0107ih muzi\u010dkih zvezdi, tema su prvog koncerta u 2016. godini, koji je zakazan za petak, 15. januar (Kolarac, 20 \u010d.) Dirigent Srbol\u0458ub Dini\u0107 i violinistkinja Tijana Milo\u0161evi\u0107, izve\u0161\u0107e sa orkestrom Filharmonije zimske teme iz opusa Glazunova, Glasa, Pjacole, Vivaldija i \u010cajkovskog. &nbsp; Muzi\u010dki opis zime kroz razli\u010dite stilske izraze, od [&hellip;]<\/p>\n","protected":false},"author":1,"featured_media":1998,"comment_status":"open","ping_status":"open","sticky":false,"template":"","format":"standard","meta":{"_acf_changed":false,"footnotes":""},"categories":[113],"tags":[],"class_list":["post-1915","post","type-post","status-publish","format-standard","has-post-thumbnail","hentry","category-news-lt"],"acf":[],"yoast_head":"<!-- This site is optimized with the Yoast SEO plugin v23.4 - https:\/\/yoast.com\/wordpress\/plugins\/seo\/ -->\n<title>Zimski koncert Beogradske filharmonije | Beogradska filharmonija<\/title>\n<meta name=\"robots\" content=\"index, follow, max-snippet:-1, max-image-preview:large, max-video-preview:-1\" \/>\n<link rel=\"canonical\" href=\"https:\/\/www.bgf.rs\/zimski-koncert-beogradske-filharmonije\/\" \/>\n<meta property=\"og:locale\" content=\"sr_RS\" \/>\n<meta property=\"og:type\" content=\"article\" \/>\n<meta property=\"og:title\" content=\"Zimski koncert Beogradske filharmonije | Beogradska filharmonija\" \/>\n<meta property=\"og:description\" content=\"Kompozicije inspirisane zimom u interpretaciji doma\u0107ih muzi\u010dkih zvezdi, tema su prvog koncerta u 2016. godini, koji je zakazan za petak, 15. januar (Kolarac, 20 \u010d.) Dirigent Srbol\u0458ub Dini\u0107 i violinistkinja Tijana Milo\u0161evi\u0107, izve\u0161\u0107e sa orkestrom Filharmonije zimske teme iz opusa Glazunova, Glasa, Pjacole, Vivaldija i \u010cajkovskog. &nbsp; Muzi\u010dki opis zime kroz razli\u010dite stilske izraze, od [&hellip;]\" \/>\n<meta property=\"og:url\" content=\"https:\/\/www.bgf.rs\/lt\/zimski-koncert-beogradske-filharmonije\/\" \/>\n<meta property=\"og:site_name\" content=\"Beogradska filharmonija\" \/>\n<meta property=\"article:published_time\" content=\"2016-01-13T13:38:00+00:00\" \/>\n<meta property=\"article:modified_time\" content=\"2016-03-17T12:34:08+00:00\" \/>\n<meta property=\"og:image\" content=\"https:\/\/www.bgf.rs\/wp-content\/uploads\/2016\/02\/13.01.-Zima.jpg\" \/>\n\t<meta property=\"og:image:width\" content=\"1170\" \/>\n\t<meta property=\"og:image:height\" content=\"450\" \/>\n\t<meta property=\"og:image:type\" content=\"image\/jpeg\" \/>\n<meta name=\"author\" content=\"bgf\" \/>\n<meta name=\"twitter:card\" content=\"summary_large_image\" \/>\n<meta name=\"twitter:creator\" content=\"@BGFilharmonija\" \/>\n<meta name=\"twitter:site\" content=\"@BGFilharmonija\" \/>\n<meta name=\"twitter:label1\" content=\"\u041d\u0430\u043f\u0438\u0441\u0430\u043d\u043e \u043e\u0434\" \/>\n\t<meta name=\"twitter:data1\" content=\"bgf\" \/>\n\t<meta name=\"twitter:label2\" content=\"\u041f\u0440\u043e\u0446\u0435\u045a\u0435\u043d\u043e \u0432\u0440\u0435\u043c\u0435 \u0447\u0438\u0442\u0430\u045a\u0430\" \/>\n\t<meta name=\"twitter:data2\" content=\"2 \u043c\u0438\u043d\u0443\u0442\u0430\" \/>\n<script type=\"application\/ld+json\" class=\"yoast-schema-graph\">{\"@context\":\"https:\/\/schema.org\",\"@graph\":[{\"@type\":\"WebPage\",\"@id\":\"https:\/\/www.bgf.rs\/lt\/zimski-koncert-beogradske-filharmonije\/\",\"url\":\"https:\/\/www.bgf.rs\/lt\/zimski-koncert-beogradske-filharmonije\/\",\"name\":\"Zimski koncert Beogradske filharmonije | Beogradska filharmonija\",\"isPartOf\":{\"@id\":\"https:\/\/www.bgf.rs\/#website\"},\"primaryImageOfPage\":{\"@id\":\"https:\/\/www.bgf.rs\/lt\/zimski-koncert-beogradske-filharmonije\/#primaryimage\"},\"image\":{\"@id\":\"https:\/\/www.bgf.rs\/lt\/zimski-koncert-beogradske-filharmonije\/#primaryimage\"},\"thumbnailUrl\":\"https:\/\/www.bgf.rs\/wp-content\/uploads\/2016\/02\/13.01.-Zima.jpg\",\"datePublished\":\"2016-01-13T13:38:00+00:00\",\"dateModified\":\"2016-03-17T12:34:08+00:00\",\"author\":{\"@id\":\"https:\/\/www.bgf.rs\/#\/schema\/person\/46fa53958df31282374baf403ec8bc64\"},\"breadcrumb\":{\"@id\":\"https:\/\/www.bgf.rs\/lt\/zimski-koncert-beogradske-filharmonije\/#breadcrumb\"},\"inLanguage\":\"sr-RS\",\"potentialAction\":[{\"@type\":\"ReadAction\",\"target\":[\"https:\/\/www.bgf.rs\/lt\/zimski-koncert-beogradske-filharmonije\/\"]}]},{\"@type\":\"ImageObject\",\"inLanguage\":\"sr-RS\",\"@id\":\"https:\/\/www.bgf.rs\/lt\/zimski-koncert-beogradske-filharmonije\/#primaryimage\",\"url\":\"https:\/\/www.bgf.rs\/wp-content\/uploads\/2016\/02\/13.01.-Zima.jpg\",\"contentUrl\":\"https:\/\/www.bgf.rs\/wp-content\/uploads\/2016\/02\/13.01.-Zima.jpg\",\"width\":1170,\"height\":450},{\"@type\":\"BreadcrumbList\",\"@id\":\"https:\/\/www.bgf.rs\/lt\/zimski-koncert-beogradske-filharmonije\/#breadcrumb\",\"itemListElement\":[{\"@type\":\"ListItem\",\"position\":1,\"name\":\"Home\",\"item\":\"https:\/\/www.bgf.rs\/\"},{\"@type\":\"ListItem\",\"position\":2,\"name\":\"Zimski koncert Beogradske filharmonije\"}]},{\"@type\":\"WebSite\",\"@id\":\"https:\/\/www.bgf.rs\/#website\",\"url\":\"https:\/\/www.bgf.rs\/\",\"name\":\"Beogradska filharmonija\",\"description\":\"Samo muzika - jer do\u017eivljaj nema cenu!\",\"potentialAction\":[{\"@type\":\"SearchAction\",\"target\":{\"@type\":\"EntryPoint\",\"urlTemplate\":\"https:\/\/www.bgf.rs\/?s={search_term_string}\"},\"query-input\":{\"@type\":\"PropertyValueSpecification\",\"valueRequired\":true,\"valueName\":\"search_term_string\"}}],\"inLanguage\":\"sr-RS\"},{\"@type\":\"Person\",\"@id\":\"https:\/\/www.bgf.rs\/#\/schema\/person\/46fa53958df31282374baf403ec8bc64\",\"name\":\"bgf\",\"image\":{\"@type\":\"ImageObject\",\"inLanguage\":\"sr-RS\",\"@id\":\"https:\/\/www.bgf.rs\/#\/schema\/person\/image\/\",\"url\":\"https:\/\/secure.gravatar.com\/avatar\/d576158b2e0a82c6bb7c436f39acc82ca27f10e4a45f05f58b6288c4d1f83d11?s=96&d=mm&r=g\",\"contentUrl\":\"https:\/\/secure.gravatar.com\/avatar\/d576158b2e0a82c6bb7c436f39acc82ca27f10e4a45f05f58b6288c4d1f83d11?s=96&d=mm&r=g\",\"caption\":\"bgf\"},\"url\":\"https:\/\/www.bgf.rs\/author\/bgf\/\"}]}<\/script>\n<!-- \/ Yoast SEO plugin. -->","yoast_head_json":{"title":"Zimski koncert Beogradske filharmonije | Beogradska filharmonija","robots":{"index":"index","follow":"follow","max-snippet":"max-snippet:-1","max-image-preview":"max-image-preview:large","max-video-preview":"max-video-preview:-1"},"canonical":"https:\/\/www.bgf.rs\/zimski-koncert-beogradske-filharmonije\/","og_locale":"sr_RS","og_type":"article","og_title":"Zimski koncert Beogradske filharmonije | Beogradska filharmonija","og_description":"Kompozicije inspirisane zimom u interpretaciji doma\u0107ih muzi\u010dkih zvezdi, tema su prvog koncerta u 2016. godini, koji je zakazan za petak, 15. januar (Kolarac, 20 \u010d.) Dirigent Srbol\u0458ub Dini\u0107 i violinistkinja Tijana Milo\u0161evi\u0107, izve\u0161\u0107e sa orkestrom Filharmonije zimske teme iz opusa Glazunova, Glasa, Pjacole, Vivaldija i \u010cajkovskog. &nbsp; Muzi\u010dki opis zime kroz razli\u010dite stilske izraze, od [&hellip;]","og_url":"https:\/\/www.bgf.rs\/lt\/zimski-koncert-beogradske-filharmonije\/","og_site_name":"Beogradska filharmonija","article_published_time":"2016-01-13T13:38:00+00:00","article_modified_time":"2016-03-17T12:34:08+00:00","og_image":[{"width":1170,"height":450,"url":"https:\/\/www.bgf.rs\/wp-content\/uploads\/2016\/02\/13.01.-Zima.jpg","type":"image\/jpeg"}],"author":"bgf","twitter_card":"summary_large_image","twitter_creator":"@BGFilharmonija","twitter_site":"@BGFilharmonija","twitter_misc":{"\u041d\u0430\u043f\u0438\u0441\u0430\u043d\u043e \u043e\u0434":"bgf","\u041f\u0440\u043e\u0446\u0435\u045a\u0435\u043d\u043e \u0432\u0440\u0435\u043c\u0435 \u0447\u0438\u0442\u0430\u045a\u0430":"2 \u043c\u0438\u043d\u0443\u0442\u0430"},"schema":{"@context":"https:\/\/schema.org","@graph":[{"@type":"WebPage","@id":"https:\/\/www.bgf.rs\/lt\/zimski-koncert-beogradske-filharmonije\/","url":"https:\/\/www.bgf.rs\/lt\/zimski-koncert-beogradske-filharmonije\/","name":"Zimski koncert Beogradske filharmonije | Beogradska filharmonija","isPartOf":{"@id":"https:\/\/www.bgf.rs\/#website"},"primaryImageOfPage":{"@id":"https:\/\/www.bgf.rs\/lt\/zimski-koncert-beogradske-filharmonije\/#primaryimage"},"image":{"@id":"https:\/\/www.bgf.rs\/lt\/zimski-koncert-beogradske-filharmonije\/#primaryimage"},"thumbnailUrl":"https:\/\/www.bgf.rs\/wp-content\/uploads\/2016\/02\/13.01.-Zima.jpg","datePublished":"2016-01-13T13:38:00+00:00","dateModified":"2016-03-17T12:34:08+00:00","author":{"@id":"https:\/\/www.bgf.rs\/#\/schema\/person\/46fa53958df31282374baf403ec8bc64"},"breadcrumb":{"@id":"https:\/\/www.bgf.rs\/lt\/zimski-koncert-beogradske-filharmonije\/#breadcrumb"},"inLanguage":"sr-RS","potentialAction":[{"@type":"ReadAction","target":["https:\/\/www.bgf.rs\/lt\/zimski-koncert-beogradske-filharmonije\/"]}]},{"@type":"ImageObject","inLanguage":"sr-RS","@id":"https:\/\/www.bgf.rs\/lt\/zimski-koncert-beogradske-filharmonije\/#primaryimage","url":"https:\/\/www.bgf.rs\/wp-content\/uploads\/2016\/02\/13.01.-Zima.jpg","contentUrl":"https:\/\/www.bgf.rs\/wp-content\/uploads\/2016\/02\/13.01.-Zima.jpg","width":1170,"height":450},{"@type":"BreadcrumbList","@id":"https:\/\/www.bgf.rs\/lt\/zimski-koncert-beogradske-filharmonije\/#breadcrumb","itemListElement":[{"@type":"ListItem","position":1,"name":"Home","item":"https:\/\/www.bgf.rs\/"},{"@type":"ListItem","position":2,"name":"Zimski koncert Beogradske filharmonije"}]},{"@type":"WebSite","@id":"https:\/\/www.bgf.rs\/#website","url":"https:\/\/www.bgf.rs\/","name":"Beogradska filharmonija","description":"Samo muzika - jer do\u017eivljaj nema cenu!","potentialAction":[{"@type":"SearchAction","target":{"@type":"EntryPoint","urlTemplate":"https:\/\/www.bgf.rs\/?s={search_term_string}"},"query-input":{"@type":"PropertyValueSpecification","valueRequired":true,"valueName":"search_term_string"}}],"inLanguage":"sr-RS"},{"@type":"Person","@id":"https:\/\/www.bgf.rs\/#\/schema\/person\/46fa53958df31282374baf403ec8bc64","name":"bgf","image":{"@type":"ImageObject","inLanguage":"sr-RS","@id":"https:\/\/www.bgf.rs\/#\/schema\/person\/image\/","url":"https:\/\/secure.gravatar.com\/avatar\/d576158b2e0a82c6bb7c436f39acc82ca27f10e4a45f05f58b6288c4d1f83d11?s=96&d=mm&r=g","contentUrl":"https:\/\/secure.gravatar.com\/avatar\/d576158b2e0a82c6bb7c436f39acc82ca27f10e4a45f05f58b6288c4d1f83d11?s=96&d=mm&r=g","caption":"bgf"},"url":"https:\/\/www.bgf.rs\/author\/bgf\/"}]}},"_links":{"self":[{"href":"https:\/\/www.bgf.rs\/lt\/wp-json\/wp\/v2\/posts\/1915\/"}],"collection":[{"href":"https:\/\/www.bgf.rs\/lt\/wp-json\/wp\/v2\/posts\/"}],"about":[{"href":"https:\/\/www.bgf.rs\/lt\/wp-json\/wp\/v2\/types\/post\/"}],"author":[{"embeddable":true,"href":"https:\/\/www.bgf.rs\/lt\/wp-json\/wp\/v2\/users\/1\/"}],"replies":[{"embeddable":true,"href":"https:\/\/www.bgf.rs\/lt\/wp-json\/wp\/v2\/comments\/?post=1915"}],"version-history":[{"count":0,"href":"https:\/\/www.bgf.rs\/lt\/wp-json\/wp\/v2\/posts\/1915\/revisions\/"}],"wp:featuredmedia":[{"embeddable":true,"href":"https:\/\/www.bgf.rs\/lt\/wp-json\/wp\/v2\/media\/1998\/"}],"wp:attachment":[{"href":"https:\/\/www.bgf.rs\/lt\/wp-json\/wp\/v2\/media\/?parent=1915"}],"wp:term":[{"taxonomy":"category","embeddable":true,"href":"https:\/\/www.bgf.rs\/lt\/wp-json\/wp\/v2\/categories\/?post=1915"},{"taxonomy":"post_tag","embeddable":true,"href":"https:\/\/www.bgf.rs\/lt\/wp-json\/wp\/v2\/tags\/?post=1915"}],"curies":[{"name":"wp","href":"https:\/\/api.w.org\/{rel}","templated":true}]}}