{"id":18989,"date":"2018-04-25T19:14:23","date_gmt":"2018-04-25T18:14:23","guid":{"rendered":"http:\/\/www.bgf.rs\/cuveni-benjamin-smid-zajedno-sa-filharmonijom-gabrijelom-felcom\/"},"modified":"2018-04-25T19:23:14","modified_gmt":"2018-04-25T18:23:14","slug":"cuveni-benjamin-smid-zajedno-sa-filharmonijom-gabrijelom-felcom","status":"publish","type":"post","link":"https:\/\/www.bgf.rs\/lt\/cuveni-benjamin-smid-zajedno-sa-filharmonijom-gabrijelom-felcom\/","title":{"rendered":"\u010cuveni Benjamin \u0160mid zajedno sa Filharmonijom i Gabrijelom Felcom"},"content":{"rendered":"<h3><em>Zvezda na violini i remek-dela klasi\u010dne muzike u Filharmoniji<\/em><\/h3>\n<p>&nbsp;<\/p>\n<p>Beogradska filharmonija i \u0161ef-dirigent Gabrijel Felc beogradskoj publici predstavljaju Benjamina \u0160mida, jednog od najboljih violinista sveta, i to dve ve\u010deri zaredom, 26. i 27. aprila (Kolarac, 20\u010d). Na programu su najpopularnije kompozicije muzi\u010dke literature \u2013 izme\u0111u Violinskog koncerta \u010cajkovskog su \u201cPolovetske igre\u201d Borodina, a na kraju, najve\u0107i skandal u istoriji muzike, \u201cPosve\u0107enje prole\u0107a\u201d Stravinskog.<\/p>\n<p>Benjamin \u0160mid pravi je primer superstara u klasi\u010dnoj muzici. \u0160iroki repertoar, od uobi\u010dajenih kompozicija do d\u017eez improvizacija, violinista je zabele\u017eio na preko 50 albuma, a o njegovoj svestranoj karijeri snimljeno je i nekoliko filmova. \u0160mid je uvr\u0161ten u najve\u0107e violiniste 20. veka, a nakom prve probe sa Filharmonijom ka\u017ee:<\/p>\n<p>\u201cVeoma sam sre\u0107an \u0161to napokon imam priliku da nastupam sa Beogradskom filharmonijom. Orkestar zvu\u010di odli\u010dno, pogotovo zajedno sa fantasti\u010dnim Gabrijelom Felcom. Odsvira\u0107emo \u010duveni Koncert \u010cajkovskog na malo druga\u010diji na\u010din. Tra\u017eim ne\u0161to klasi\u010dniji pristup ovom remek-delu, odnosno njegovu sve\u017eu i malo trezveniju perspektivu.\u201d<\/p>\n<p>Filharmonija nastavlja sa predstavljanjem najtra\u017eenijih solista sveta i izvo\u0111enjem remek-dela klasi\u010dne muzike. Nakon nezaboravnog pijaniste Gavriljuka u Tre\u0107em koncertu Rahmanjinova, publika \u0107e ove nedelje, pored nastupa \u010duvenog violiniste, u\u017eivati u \u201cPolovetskim igrama\u201d Borodina i kontroverznom \u201cPosve\u0107enju prole\u0107a\u201d Stravinskog. Na premijeri je, pre vi\u0161e od 100 godina, ovo delo izazvalo \u0161okantnu reakciju, ne samo zbog do tada nezamislive muzike koju je izvodio ogroman orkestar, ve\u0107 i \u201evarvarske\u201c koreografije Ni\u017einskog. Nekada\u0161nje brutalno negodovanje publike, danas zamenjuju ovacije, a svi koji \u017eele u to da se uvere, mogu kupiti 100 ulaznica za stajanje za obe ve\u010deri, budu\u0107i da su koncerti rasprodati.<\/p>\n<p>&nbsp;<\/p>\n","protected":false},"excerpt":{"rendered":"<p>Zvezda na violini i remek-dela klasi\u010dne muzike u Filharmoniji &nbsp; Beogradska filharmonija i \u0161ef-dirigent Gabrijel Felc beogradskoj publici predstavljaju Benjamina \u0160mida, jednog od najboljih violinista sveta, i to dve ve\u010deri zaredom, 26. i 27. aprila (Kolarac, 20\u010d). Na programu su najpopularnije kompozicije muzi\u010dke literature \u2013 izme\u0111u Violinskog koncerta \u010cajkovskog su \u201cPolovetske igre\u201d Borodina, a na [&hellip;]<\/p>\n","protected":false},"author":2,"featured_media":18987,"comment_status":"open","ping_status":"open","sticky":false,"template":"","format":"standard","meta":{"_acf_changed":false,"footnotes":""},"categories":[113],"tags":[],"class_list":["post-18989","post","type-post","status-publish","format-standard","has-post-thumbnail","hentry","category-news-lt"],"acf":[],"yoast_head":"<!-- This site is optimized with the Yoast SEO plugin v23.4 - https:\/\/yoast.com\/wordpress\/plugins\/seo\/ -->\n<title>\u010cuveni Benjamin \u0160mid zajedno sa Filharmonijom i Gabrijelom Felcom | Beogradska filharmonija<\/title>\n<meta name=\"robots\" content=\"index, follow, max-snippet:-1, max-image-preview:large, max-video-preview:-1\" \/>\n<link rel=\"canonical\" href=\"https:\/\/www.bgf.rs\/cuveni-benjamin-smid-zajedno-sa-filharmonijom-gabrijelom-felcom\/\" \/>\n<meta property=\"og:locale\" content=\"sr_RS\" \/>\n<meta property=\"og:type\" content=\"article\" \/>\n<meta property=\"og:title\" content=\"\u010cuveni Benjamin \u0160mid zajedno sa Filharmonijom i Gabrijelom Felcom | Beogradska filharmonija\" \/>\n<meta property=\"og:description\" content=\"Zvezda na violini i remek-dela klasi\u010dne muzike u Filharmoniji &nbsp; Beogradska filharmonija i \u0161ef-dirigent Gabrijel Felc beogradskoj publici predstavljaju Benjamina \u0160mida, jednog od najboljih violinista sveta, i to dve ve\u010deri zaredom, 26. i 27. aprila (Kolarac, 20\u010d). Na programu su najpopularnije kompozicije muzi\u010dke literature \u2013 izme\u0111u Violinskog koncerta \u010cajkovskog su \u201cPolovetske igre\u201d Borodina, a na [&hellip;]\" \/>\n<meta property=\"og:url\" content=\"https:\/\/www.bgf.rs\/lt\/cuveni-benjamin-smid-zajedno-sa-filharmonijom-gabrijelom-felcom\/\" \/>\n<meta property=\"og:site_name\" content=\"Beogradska filharmonija\" \/>\n<meta property=\"article:published_time\" content=\"2018-04-25T18:14:23+00:00\" \/>\n<meta property=\"article:modified_time\" content=\"2018-04-25T18:23:14+00:00\" \/>\n<meta property=\"og:image\" content=\"https:\/\/www.bgf.rs\/wp-content\/uploads\/2018\/04\/rsz_benjamin_smid_violinista_sa_bgf.jpg\" \/>\n\t<meta property=\"og:image:width\" content=\"1298\" \/>\n\t<meta property=\"og:image:height\" content=\"663\" \/>\n\t<meta property=\"og:image:type\" content=\"image\/jpeg\" \/>\n<meta name=\"author\" content=\"Simple Task\" \/>\n<meta name=\"twitter:card\" content=\"summary_large_image\" \/>\n<meta name=\"twitter:creator\" content=\"@BGFilharmonija\" \/>\n<meta name=\"twitter:site\" content=\"@BGFilharmonija\" \/>\n<meta name=\"twitter:label1\" content=\"\u041d\u0430\u043f\u0438\u0441\u0430\u043d\u043e \u043e\u0434\" \/>\n\t<meta name=\"twitter:data1\" content=\"Simple Task\" \/>\n\t<meta name=\"twitter:label2\" content=\"\u041f\u0440\u043e\u0446\u0435\u045a\u0435\u043d\u043e \u0432\u0440\u0435\u043c\u0435 \u0447\u0438\u0442\u0430\u045a\u0430\" \/>\n\t<meta name=\"twitter:data2\" content=\"1 \u043c\u0438\u043d\u0443\u0442\" \/>\n<script type=\"application\/ld+json\" class=\"yoast-schema-graph\">{\"@context\":\"https:\/\/schema.org\",\"@graph\":[{\"@type\":\"WebPage\",\"@id\":\"https:\/\/www.bgf.rs\/lt\/cuveni-benjamin-smid-zajedno-sa-filharmonijom-gabrijelom-felcom\/\",\"url\":\"https:\/\/www.bgf.rs\/lt\/cuveni-benjamin-smid-zajedno-sa-filharmonijom-gabrijelom-felcom\/\",\"name\":\"\u010cuveni Benjamin \u0160mid zajedno sa Filharmonijom i Gabrijelom Felcom | Beogradska filharmonija\",\"isPartOf\":{\"@id\":\"https:\/\/www.bgf.rs\/#website\"},\"primaryImageOfPage\":{\"@id\":\"https:\/\/www.bgf.rs\/lt\/cuveni-benjamin-smid-zajedno-sa-filharmonijom-gabrijelom-felcom\/#primaryimage\"},\"image\":{\"@id\":\"https:\/\/www.bgf.rs\/lt\/cuveni-benjamin-smid-zajedno-sa-filharmonijom-gabrijelom-felcom\/#primaryimage\"},\"thumbnailUrl\":\"https:\/\/www.bgf.rs\/wp-content\/uploads\/2018\/04\/rsz_benjamin_smid_violinista_sa_bgf.jpg\",\"datePublished\":\"2018-04-25T18:14:23+00:00\",\"dateModified\":\"2018-04-25T18:23:14+00:00\",\"author\":{\"@id\":\"https:\/\/www.bgf.rs\/#\/schema\/person\/6d0be15b46d81d8a53dcf9f0ed3c7f9b\"},\"breadcrumb\":{\"@id\":\"https:\/\/www.bgf.rs\/lt\/cuveni-benjamin-smid-zajedno-sa-filharmonijom-gabrijelom-felcom\/#breadcrumb\"},\"inLanguage\":\"sr-RS\",\"potentialAction\":[{\"@type\":\"ReadAction\",\"target\":[\"https:\/\/www.bgf.rs\/lt\/cuveni-benjamin-smid-zajedno-sa-filharmonijom-gabrijelom-felcom\/\"]}]},{\"@type\":\"ImageObject\",\"inLanguage\":\"sr-RS\",\"@id\":\"https:\/\/www.bgf.rs\/lt\/cuveni-benjamin-smid-zajedno-sa-filharmonijom-gabrijelom-felcom\/#primaryimage\",\"url\":\"https:\/\/www.bgf.rs\/wp-content\/uploads\/2018\/04\/rsz_benjamin_smid_violinista_sa_bgf.jpg\",\"contentUrl\":\"https:\/\/www.bgf.rs\/wp-content\/uploads\/2018\/04\/rsz_benjamin_smid_violinista_sa_bgf.jpg\",\"width\":1298,\"height\":663},{\"@type\":\"BreadcrumbList\",\"@id\":\"https:\/\/www.bgf.rs\/lt\/cuveni-benjamin-smid-zajedno-sa-filharmonijom-gabrijelom-felcom\/#breadcrumb\",\"itemListElement\":[{\"@type\":\"ListItem\",\"position\":1,\"name\":\"Home\",\"item\":\"https:\/\/www.bgf.rs\/\"},{\"@type\":\"ListItem\",\"position\":2,\"name\":\"\u010cuveni Benjamin \u0160mid zajedno sa Filharmonijom i Gabrijelom Felcom\"}]},{\"@type\":\"WebSite\",\"@id\":\"https:\/\/www.bgf.rs\/#website\",\"url\":\"https:\/\/www.bgf.rs\/\",\"name\":\"Beogradska filharmonija\",\"description\":\"Samo muzika - jer do\u017eivljaj nema cenu!\",\"potentialAction\":[{\"@type\":\"SearchAction\",\"target\":{\"@type\":\"EntryPoint\",\"urlTemplate\":\"https:\/\/www.bgf.rs\/?s={search_term_string}\"},\"query-input\":{\"@type\":\"PropertyValueSpecification\",\"valueRequired\":true,\"valueName\":\"search_term_string\"}}],\"inLanguage\":\"sr-RS\"},{\"@type\":\"Person\",\"@id\":\"https:\/\/www.bgf.rs\/#\/schema\/person\/6d0be15b46d81d8a53dcf9f0ed3c7f9b\",\"name\":\"Simple Task\",\"image\":{\"@type\":\"ImageObject\",\"inLanguage\":\"sr-RS\",\"@id\":\"https:\/\/www.bgf.rs\/#\/schema\/person\/image\/\",\"url\":\"https:\/\/secure.gravatar.com\/avatar\/db5c011606d3c853afac90307c96032deff9655d4d5c3182fd3d6fce886b2dd9?s=96&d=mm&r=g\",\"contentUrl\":\"https:\/\/secure.gravatar.com\/avatar\/db5c011606d3c853afac90307c96032deff9655d4d5c3182fd3d6fce886b2dd9?s=96&d=mm&r=g\",\"caption\":\"Simple Task\"},\"url\":\"https:\/\/www.bgf.rs\/author\/simpletask\/\"}]}<\/script>\n<!-- \/ Yoast SEO plugin. -->","yoast_head_json":{"title":"\u010cuveni Benjamin \u0160mid zajedno sa Filharmonijom i Gabrijelom Felcom | Beogradska filharmonija","robots":{"index":"index","follow":"follow","max-snippet":"max-snippet:-1","max-image-preview":"max-image-preview:large","max-video-preview":"max-video-preview:-1"},"canonical":"https:\/\/www.bgf.rs\/cuveni-benjamin-smid-zajedno-sa-filharmonijom-gabrijelom-felcom\/","og_locale":"sr_RS","og_type":"article","og_title":"\u010cuveni Benjamin \u0160mid zajedno sa Filharmonijom i Gabrijelom Felcom | Beogradska filharmonija","og_description":"Zvezda na violini i remek-dela klasi\u010dne muzike u Filharmoniji &nbsp; Beogradska filharmonija i \u0161ef-dirigent Gabrijel Felc beogradskoj publici predstavljaju Benjamina \u0160mida, jednog od najboljih violinista sveta, i to dve ve\u010deri zaredom, 26. i 27. aprila (Kolarac, 20\u010d). Na programu su najpopularnije kompozicije muzi\u010dke literature \u2013 izme\u0111u Violinskog koncerta \u010cajkovskog su \u201cPolovetske igre\u201d Borodina, a na [&hellip;]","og_url":"https:\/\/www.bgf.rs\/lt\/cuveni-benjamin-smid-zajedno-sa-filharmonijom-gabrijelom-felcom\/","og_site_name":"Beogradska filharmonija","article_published_time":"2018-04-25T18:14:23+00:00","article_modified_time":"2018-04-25T18:23:14+00:00","og_image":[{"width":1298,"height":663,"url":"https:\/\/www.bgf.rs\/wp-content\/uploads\/2018\/04\/rsz_benjamin_smid_violinista_sa_bgf.jpg","type":"image\/jpeg"}],"author":"Simple Task","twitter_card":"summary_large_image","twitter_creator":"@BGFilharmonija","twitter_site":"@BGFilharmonija","twitter_misc":{"\u041d\u0430\u043f\u0438\u0441\u0430\u043d\u043e \u043e\u0434":"Simple Task","\u041f\u0440\u043e\u0446\u0435\u045a\u0435\u043d\u043e \u0432\u0440\u0435\u043c\u0435 \u0447\u0438\u0442\u0430\u045a\u0430":"1 \u043c\u0438\u043d\u0443\u0442"},"schema":{"@context":"https:\/\/schema.org","@graph":[{"@type":"WebPage","@id":"https:\/\/www.bgf.rs\/lt\/cuveni-benjamin-smid-zajedno-sa-filharmonijom-gabrijelom-felcom\/","url":"https:\/\/www.bgf.rs\/lt\/cuveni-benjamin-smid-zajedno-sa-filharmonijom-gabrijelom-felcom\/","name":"\u010cuveni Benjamin \u0160mid zajedno sa Filharmonijom i Gabrijelom Felcom | Beogradska filharmonija","isPartOf":{"@id":"https:\/\/www.bgf.rs\/#website"},"primaryImageOfPage":{"@id":"https:\/\/www.bgf.rs\/lt\/cuveni-benjamin-smid-zajedno-sa-filharmonijom-gabrijelom-felcom\/#primaryimage"},"image":{"@id":"https:\/\/www.bgf.rs\/lt\/cuveni-benjamin-smid-zajedno-sa-filharmonijom-gabrijelom-felcom\/#primaryimage"},"thumbnailUrl":"https:\/\/www.bgf.rs\/wp-content\/uploads\/2018\/04\/rsz_benjamin_smid_violinista_sa_bgf.jpg","datePublished":"2018-04-25T18:14:23+00:00","dateModified":"2018-04-25T18:23:14+00:00","author":{"@id":"https:\/\/www.bgf.rs\/#\/schema\/person\/6d0be15b46d81d8a53dcf9f0ed3c7f9b"},"breadcrumb":{"@id":"https:\/\/www.bgf.rs\/lt\/cuveni-benjamin-smid-zajedno-sa-filharmonijom-gabrijelom-felcom\/#breadcrumb"},"inLanguage":"sr-RS","potentialAction":[{"@type":"ReadAction","target":["https:\/\/www.bgf.rs\/lt\/cuveni-benjamin-smid-zajedno-sa-filharmonijom-gabrijelom-felcom\/"]}]},{"@type":"ImageObject","inLanguage":"sr-RS","@id":"https:\/\/www.bgf.rs\/lt\/cuveni-benjamin-smid-zajedno-sa-filharmonijom-gabrijelom-felcom\/#primaryimage","url":"https:\/\/www.bgf.rs\/wp-content\/uploads\/2018\/04\/rsz_benjamin_smid_violinista_sa_bgf.jpg","contentUrl":"https:\/\/www.bgf.rs\/wp-content\/uploads\/2018\/04\/rsz_benjamin_smid_violinista_sa_bgf.jpg","width":1298,"height":663},{"@type":"BreadcrumbList","@id":"https:\/\/www.bgf.rs\/lt\/cuveni-benjamin-smid-zajedno-sa-filharmonijom-gabrijelom-felcom\/#breadcrumb","itemListElement":[{"@type":"ListItem","position":1,"name":"Home","item":"https:\/\/www.bgf.rs\/"},{"@type":"ListItem","position":2,"name":"\u010cuveni Benjamin \u0160mid zajedno sa Filharmonijom i Gabrijelom Felcom"}]},{"@type":"WebSite","@id":"https:\/\/www.bgf.rs\/#website","url":"https:\/\/www.bgf.rs\/","name":"Beogradska filharmonija","description":"Samo muzika - jer do\u017eivljaj nema cenu!","potentialAction":[{"@type":"SearchAction","target":{"@type":"EntryPoint","urlTemplate":"https:\/\/www.bgf.rs\/?s={search_term_string}"},"query-input":{"@type":"PropertyValueSpecification","valueRequired":true,"valueName":"search_term_string"}}],"inLanguage":"sr-RS"},{"@type":"Person","@id":"https:\/\/www.bgf.rs\/#\/schema\/person\/6d0be15b46d81d8a53dcf9f0ed3c7f9b","name":"Simple Task","image":{"@type":"ImageObject","inLanguage":"sr-RS","@id":"https:\/\/www.bgf.rs\/#\/schema\/person\/image\/","url":"https:\/\/secure.gravatar.com\/avatar\/db5c011606d3c853afac90307c96032deff9655d4d5c3182fd3d6fce886b2dd9?s=96&d=mm&r=g","contentUrl":"https:\/\/secure.gravatar.com\/avatar\/db5c011606d3c853afac90307c96032deff9655d4d5c3182fd3d6fce886b2dd9?s=96&d=mm&r=g","caption":"Simple Task"},"url":"https:\/\/www.bgf.rs\/author\/simpletask\/"}]}},"_links":{"self":[{"href":"https:\/\/www.bgf.rs\/lt\/wp-json\/wp\/v2\/posts\/18989\/"}],"collection":[{"href":"https:\/\/www.bgf.rs\/lt\/wp-json\/wp\/v2\/posts\/"}],"about":[{"href":"https:\/\/www.bgf.rs\/lt\/wp-json\/wp\/v2\/types\/post\/"}],"author":[{"embeddable":true,"href":"https:\/\/www.bgf.rs\/lt\/wp-json\/wp\/v2\/users\/2\/"}],"replies":[{"embeddable":true,"href":"https:\/\/www.bgf.rs\/lt\/wp-json\/wp\/v2\/comments\/?post=18989"}],"version-history":[{"count":0,"href":"https:\/\/www.bgf.rs\/lt\/wp-json\/wp\/v2\/posts\/18989\/revisions\/"}],"wp:featuredmedia":[{"embeddable":true,"href":"https:\/\/www.bgf.rs\/lt\/wp-json\/wp\/v2\/media\/18987\/"}],"wp:attachment":[{"href":"https:\/\/www.bgf.rs\/lt\/wp-json\/wp\/v2\/media\/?parent=18989"}],"wp:term":[{"taxonomy":"category","embeddable":true,"href":"https:\/\/www.bgf.rs\/lt\/wp-json\/wp\/v2\/categories\/?post=18989"},{"taxonomy":"post_tag","embeddable":true,"href":"https:\/\/www.bgf.rs\/lt\/wp-json\/wp\/v2\/tags\/?post=18989"}],"curies":[{"name":"wp","href":"https:\/\/api.w.org\/{rel}","templated":true}]}}