{"id":18957,"date":"2018-04-20T14:26:44","date_gmt":"2018-04-20T13:26:44","guid":{"rendered":"http:\/\/www.bgf.rs\/?p=18957\/"},"modified":"2018-04-20T14:28:15","modified_gmt":"2018-04-20T13:28:15","slug":"filharmonija-pomaze-mladim-muzicarima","status":"publish","type":"post","link":"https:\/\/www.bgf.rs\/lt\/filharmonija-pomaze-mladim-muzicarima\/","title":{"rendered":"Filharmonija poma\u017ee mladim muzi\u010darima"},"content":{"rendered":"<p>Orkestar harmonika iz Kragujevca odr\u017ea\u0107e koncert u nedelju, 22. aprila u 12 \u010dasova u sali Beogradske filharmonije i promovisati svoje prvo CD izdanje \u201cPad Berlina\u201d. Publika \u0107e imati jedinstvenu priliku da \u010duje kako na harmonikama zvu\u010de kompozicije od \u0160ostakovi\u010da do Vagnera, i od Mokranjca do grupe Smak.<\/p>\n<p>\u201cU vreme mukotrpnih poku\u0161aja da prona\u0111emo prikladan prostor za promociju na\u0161eg audio albuma kako bi poku\u0161ali da motivi\u0161emo potencijalne donatore za odlazak na presti\u017ean Festival harmonika u Puli, susreli smo se sa iskrenim razumevanjem i podr\u0161kom direktora Ivana Tasovca i celog tima Beogradske filharmonije. Uspostavl\u0458anjem ove saradnje, koncert predstavl\u0458a ispunjenje velikog cil\u0458a Orkestra harmonika &#8211; Kragujevac, da se \u0161to kvalitetnije predstavi beogradskoj publici\u201d, rekao je vo\u0111a orkestra, profesor Bojan \u0160pica.<\/p>\n<p>\u201cJo\u0161 jednom se pokazuje da je pored upornosti i truda, za veliki uspeh neophodan entuzijazam. Pored ovog kvaliteta, koji nedvosmisleno poseduje Orkestar harmonika iz Kragujevca, potpuna posve\u0107enost cilju i razvoju kreativnosti upravo su vrednosti koje neguje Beogradska filharmonija. Institucija je sna\u017ena onoliko koliko je spremna da pomogne manjima da na\u0111u svoj put ka uspehu, zato iz sve snage navijamo da na\u0161i mladi harmonika\u0161i ostvare svoje snove\u201d, rekao je Ivan Tasovac, direktor Filharmonije.<\/p>\n<p>Orkestar harmonika Kragujevac jedan je od zna\u010dajnijih orkestara akordeonista u sferi ozbiljne muzike. \u010cine ga najuspe\u0161niji u\u010denici odseka za harmoniku srednje muzi\u010dke \u0161kole \u201edr Miloje Milojevi\u0107\u201c u Kragujevcu, uz poja\u010danje profesora ove \u0161kole i studenata Filolo\u0161ko-umetni\u010dkog fakulteta Univerziteta u Kragujevcu.<\/p>\n<p>Pored toga \u0161to organizuje koncert ovog jedinstvenog orkestra, Beogradska filharmonija poklanja mladim harmonika\u0161ima ulaznice za koncert iz naredne sezone kada \u0107e sa Filharmonijom nastupiti Ksenija Sidorova, najbolja harmonika\u0161ica sveta (24. maj 2019).<\/p>\n","protected":false},"excerpt":{"rendered":"<p>Orkestar harmonika iz Kragujevca odr\u017ea\u0107e koncert u nedelju, 22. aprila u 12 \u010dasova u sali Beogradske filharmonije i promovisati svoje prvo CD izdanje \u201cPad Berlina\u201d. Publika \u0107e imati jedinstvenu priliku da \u010duje kako na harmonikama zvu\u010de kompozicije od \u0160ostakovi\u010da do Vagnera, i od Mokranjca do grupe Smak. \u201cU vreme mukotrpnih poku\u0161aja da prona\u0111emo prikladan prostor [&hellip;]<\/p>\n","protected":false},"author":2,"featured_media":18956,"comment_status":"open","ping_status":"open","sticky":false,"template":"","format":"standard","meta":{"_acf_changed":false,"footnotes":""},"categories":[113],"tags":[],"class_list":["post-18957","post","type-post","status-publish","format-standard","has-post-thumbnail","hentry","category-news-lt"],"acf":[],"yoast_head":"<!-- This site is optimized with the Yoast SEO plugin v23.4 - https:\/\/yoast.com\/wordpress\/plugins\/seo\/ -->\n<title>Filharmonija poma\u017ee mladim muzi\u010darima | Beogradska filharmonija<\/title>\n<meta name=\"robots\" content=\"index, follow, max-snippet:-1, max-image-preview:large, max-video-preview:-1\" \/>\n<link rel=\"canonical\" href=\"https:\/\/www.bgf.rs\/filharmonija-pomaze-mladim-muzicarima\/\" \/>\n<meta property=\"og:locale\" content=\"sr_RS\" \/>\n<meta property=\"og:type\" content=\"article\" \/>\n<meta property=\"og:title\" content=\"Filharmonija poma\u017ee mladim muzi\u010darima | Beogradska filharmonija\" \/>\n<meta property=\"og:description\" content=\"Orkestar harmonika iz Kragujevca odr\u017ea\u0107e koncert u nedelju, 22. aprila u 12 \u010dasova u sali Beogradske filharmonije i promovisati svoje prvo CD izdanje \u201cPad Berlina\u201d. Publika \u0107e imati jedinstvenu priliku da \u010duje kako na harmonikama zvu\u010de kompozicije od \u0160ostakovi\u010da do Vagnera, i od Mokranjca do grupe Smak. \u201cU vreme mukotrpnih poku\u0161aja da prona\u0111emo prikladan prostor [&hellip;]\" \/>\n<meta property=\"og:url\" content=\"https:\/\/www.bgf.rs\/lt\/filharmonija-pomaze-mladim-muzicarima\/\" \/>\n<meta property=\"og:site_name\" content=\"Beogradska filharmonija\" \/>\n<meta property=\"article:published_time\" content=\"2018-04-20T13:26:44+00:00\" \/>\n<meta property=\"article:modified_time\" content=\"2018-04-20T13:28:15+00:00\" \/>\n<meta property=\"og:image\" content=\"https:\/\/www.bgf.rs\/wp-content\/uploads\/2018\/04\/Orkestar-harmonika-Kragujevac.jpg\" \/>\n\t<meta property=\"og:image:width\" content=\"2936\" \/>\n\t<meta property=\"og:image:height\" content=\"1249\" \/>\n\t<meta property=\"og:image:type\" content=\"image\/jpeg\" \/>\n<meta name=\"author\" content=\"Simple Task\" \/>\n<meta name=\"twitter:card\" content=\"summary_large_image\" \/>\n<meta name=\"twitter:creator\" content=\"@BGFilharmonija\" \/>\n<meta name=\"twitter:site\" content=\"@BGFilharmonija\" \/>\n<meta name=\"twitter:label1\" content=\"\u041d\u0430\u043f\u0438\u0441\u0430\u043d\u043e \u043e\u0434\" \/>\n\t<meta name=\"twitter:data1\" content=\"Simple Task\" \/>\n\t<meta name=\"twitter:label2\" content=\"\u041f\u0440\u043e\u0446\u0435\u045a\u0435\u043d\u043e \u0432\u0440\u0435\u043c\u0435 \u0447\u0438\u0442\u0430\u045a\u0430\" \/>\n\t<meta name=\"twitter:data2\" content=\"1 \u043c\u0438\u043d\u0443\u0442\" \/>\n<script type=\"application\/ld+json\" class=\"yoast-schema-graph\">{\"@context\":\"https:\/\/schema.org\",\"@graph\":[{\"@type\":\"WebPage\",\"@id\":\"https:\/\/www.bgf.rs\/lt\/filharmonija-pomaze-mladim-muzicarima\/\",\"url\":\"https:\/\/www.bgf.rs\/lt\/filharmonija-pomaze-mladim-muzicarima\/\",\"name\":\"Filharmonija poma\u017ee mladim muzi\u010darima | Beogradska filharmonija\",\"isPartOf\":{\"@id\":\"https:\/\/www.bgf.rs\/#website\"},\"primaryImageOfPage\":{\"@id\":\"https:\/\/www.bgf.rs\/lt\/filharmonija-pomaze-mladim-muzicarima\/#primaryimage\"},\"image\":{\"@id\":\"https:\/\/www.bgf.rs\/lt\/filharmonija-pomaze-mladim-muzicarima\/#primaryimage\"},\"thumbnailUrl\":\"https:\/\/www.bgf.rs\/wp-content\/uploads\/2018\/04\/Orkestar-harmonika-Kragujevac.jpg\",\"datePublished\":\"2018-04-20T13:26:44+00:00\",\"dateModified\":\"2018-04-20T13:28:15+00:00\",\"author\":{\"@id\":\"https:\/\/www.bgf.rs\/#\/schema\/person\/6d0be15b46d81d8a53dcf9f0ed3c7f9b\"},\"breadcrumb\":{\"@id\":\"https:\/\/www.bgf.rs\/lt\/filharmonija-pomaze-mladim-muzicarima\/#breadcrumb\"},\"inLanguage\":\"sr-RS\",\"potentialAction\":[{\"@type\":\"ReadAction\",\"target\":[\"https:\/\/www.bgf.rs\/lt\/filharmonija-pomaze-mladim-muzicarima\/\"]}]},{\"@type\":\"ImageObject\",\"inLanguage\":\"sr-RS\",\"@id\":\"https:\/\/www.bgf.rs\/lt\/filharmonija-pomaze-mladim-muzicarima\/#primaryimage\",\"url\":\"https:\/\/www.bgf.rs\/wp-content\/uploads\/2018\/04\/Orkestar-harmonika-Kragujevac.jpg\",\"contentUrl\":\"https:\/\/www.bgf.rs\/wp-content\/uploads\/2018\/04\/Orkestar-harmonika-Kragujevac.jpg\",\"width\":2936,\"height\":1249},{\"@type\":\"BreadcrumbList\",\"@id\":\"https:\/\/www.bgf.rs\/lt\/filharmonija-pomaze-mladim-muzicarima\/#breadcrumb\",\"itemListElement\":[{\"@type\":\"ListItem\",\"position\":1,\"name\":\"Home\",\"item\":\"https:\/\/www.bgf.rs\/\"},{\"@type\":\"ListItem\",\"position\":2,\"name\":\"Filharmonija poma\u017ee mladim muzi\u010darima\"}]},{\"@type\":\"WebSite\",\"@id\":\"https:\/\/www.bgf.rs\/#website\",\"url\":\"https:\/\/www.bgf.rs\/\",\"name\":\"Beogradska filharmonija\",\"description\":\"Samo muzika - jer do\u017eivljaj nema cenu!\",\"potentialAction\":[{\"@type\":\"SearchAction\",\"target\":{\"@type\":\"EntryPoint\",\"urlTemplate\":\"https:\/\/www.bgf.rs\/?s={search_term_string}\"},\"query-input\":{\"@type\":\"PropertyValueSpecification\",\"valueRequired\":true,\"valueName\":\"search_term_string\"}}],\"inLanguage\":\"sr-RS\"},{\"@type\":\"Person\",\"@id\":\"https:\/\/www.bgf.rs\/#\/schema\/person\/6d0be15b46d81d8a53dcf9f0ed3c7f9b\",\"name\":\"Simple Task\",\"image\":{\"@type\":\"ImageObject\",\"inLanguage\":\"sr-RS\",\"@id\":\"https:\/\/www.bgf.rs\/#\/schema\/person\/image\/\",\"url\":\"https:\/\/secure.gravatar.com\/avatar\/db5c011606d3c853afac90307c96032deff9655d4d5c3182fd3d6fce886b2dd9?s=96&d=mm&r=g\",\"contentUrl\":\"https:\/\/secure.gravatar.com\/avatar\/db5c011606d3c853afac90307c96032deff9655d4d5c3182fd3d6fce886b2dd9?s=96&d=mm&r=g\",\"caption\":\"Simple Task\"},\"url\":\"https:\/\/www.bgf.rs\/author\/simpletask\/\"}]}<\/script>\n<!-- \/ Yoast SEO plugin. -->","yoast_head_json":{"title":"Filharmonija poma\u017ee mladim muzi\u010darima | Beogradska filharmonija","robots":{"index":"index","follow":"follow","max-snippet":"max-snippet:-1","max-image-preview":"max-image-preview:large","max-video-preview":"max-video-preview:-1"},"canonical":"https:\/\/www.bgf.rs\/filharmonija-pomaze-mladim-muzicarima\/","og_locale":"sr_RS","og_type":"article","og_title":"Filharmonija poma\u017ee mladim muzi\u010darima | Beogradska filharmonija","og_description":"Orkestar harmonika iz Kragujevca odr\u017ea\u0107e koncert u nedelju, 22. aprila u 12 \u010dasova u sali Beogradske filharmonije i promovisati svoje prvo CD izdanje \u201cPad Berlina\u201d. Publika \u0107e imati jedinstvenu priliku da \u010duje kako na harmonikama zvu\u010de kompozicije od \u0160ostakovi\u010da do Vagnera, i od Mokranjca do grupe Smak. \u201cU vreme mukotrpnih poku\u0161aja da prona\u0111emo prikladan prostor [&hellip;]","og_url":"https:\/\/www.bgf.rs\/lt\/filharmonija-pomaze-mladim-muzicarima\/","og_site_name":"Beogradska filharmonija","article_published_time":"2018-04-20T13:26:44+00:00","article_modified_time":"2018-04-20T13:28:15+00:00","og_image":[{"width":2936,"height":1249,"url":"https:\/\/www.bgf.rs\/wp-content\/uploads\/2018\/04\/Orkestar-harmonika-Kragujevac.jpg","type":"image\/jpeg"}],"author":"Simple Task","twitter_card":"summary_large_image","twitter_creator":"@BGFilharmonija","twitter_site":"@BGFilharmonija","twitter_misc":{"\u041d\u0430\u043f\u0438\u0441\u0430\u043d\u043e \u043e\u0434":"Simple Task","\u041f\u0440\u043e\u0446\u0435\u045a\u0435\u043d\u043e \u0432\u0440\u0435\u043c\u0435 \u0447\u0438\u0442\u0430\u045a\u0430":"1 \u043c\u0438\u043d\u0443\u0442"},"schema":{"@context":"https:\/\/schema.org","@graph":[{"@type":"WebPage","@id":"https:\/\/www.bgf.rs\/lt\/filharmonija-pomaze-mladim-muzicarima\/","url":"https:\/\/www.bgf.rs\/lt\/filharmonija-pomaze-mladim-muzicarima\/","name":"Filharmonija poma\u017ee mladim muzi\u010darima | Beogradska filharmonija","isPartOf":{"@id":"https:\/\/www.bgf.rs\/#website"},"primaryImageOfPage":{"@id":"https:\/\/www.bgf.rs\/lt\/filharmonija-pomaze-mladim-muzicarima\/#primaryimage"},"image":{"@id":"https:\/\/www.bgf.rs\/lt\/filharmonija-pomaze-mladim-muzicarima\/#primaryimage"},"thumbnailUrl":"https:\/\/www.bgf.rs\/wp-content\/uploads\/2018\/04\/Orkestar-harmonika-Kragujevac.jpg","datePublished":"2018-04-20T13:26:44+00:00","dateModified":"2018-04-20T13:28:15+00:00","author":{"@id":"https:\/\/www.bgf.rs\/#\/schema\/person\/6d0be15b46d81d8a53dcf9f0ed3c7f9b"},"breadcrumb":{"@id":"https:\/\/www.bgf.rs\/lt\/filharmonija-pomaze-mladim-muzicarima\/#breadcrumb"},"inLanguage":"sr-RS","potentialAction":[{"@type":"ReadAction","target":["https:\/\/www.bgf.rs\/lt\/filharmonija-pomaze-mladim-muzicarima\/"]}]},{"@type":"ImageObject","inLanguage":"sr-RS","@id":"https:\/\/www.bgf.rs\/lt\/filharmonija-pomaze-mladim-muzicarima\/#primaryimage","url":"https:\/\/www.bgf.rs\/wp-content\/uploads\/2018\/04\/Orkestar-harmonika-Kragujevac.jpg","contentUrl":"https:\/\/www.bgf.rs\/wp-content\/uploads\/2018\/04\/Orkestar-harmonika-Kragujevac.jpg","width":2936,"height":1249},{"@type":"BreadcrumbList","@id":"https:\/\/www.bgf.rs\/lt\/filharmonija-pomaze-mladim-muzicarima\/#breadcrumb","itemListElement":[{"@type":"ListItem","position":1,"name":"Home","item":"https:\/\/www.bgf.rs\/"},{"@type":"ListItem","position":2,"name":"Filharmonija poma\u017ee mladim muzi\u010darima"}]},{"@type":"WebSite","@id":"https:\/\/www.bgf.rs\/#website","url":"https:\/\/www.bgf.rs\/","name":"Beogradska filharmonija","description":"Samo muzika - jer do\u017eivljaj nema cenu!","potentialAction":[{"@type":"SearchAction","target":{"@type":"EntryPoint","urlTemplate":"https:\/\/www.bgf.rs\/?s={search_term_string}"},"query-input":{"@type":"PropertyValueSpecification","valueRequired":true,"valueName":"search_term_string"}}],"inLanguage":"sr-RS"},{"@type":"Person","@id":"https:\/\/www.bgf.rs\/#\/schema\/person\/6d0be15b46d81d8a53dcf9f0ed3c7f9b","name":"Simple Task","image":{"@type":"ImageObject","inLanguage":"sr-RS","@id":"https:\/\/www.bgf.rs\/#\/schema\/person\/image\/","url":"https:\/\/secure.gravatar.com\/avatar\/db5c011606d3c853afac90307c96032deff9655d4d5c3182fd3d6fce886b2dd9?s=96&d=mm&r=g","contentUrl":"https:\/\/secure.gravatar.com\/avatar\/db5c011606d3c853afac90307c96032deff9655d4d5c3182fd3d6fce886b2dd9?s=96&d=mm&r=g","caption":"Simple Task"},"url":"https:\/\/www.bgf.rs\/author\/simpletask\/"}]}},"_links":{"self":[{"href":"https:\/\/www.bgf.rs\/lt\/wp-json\/wp\/v2\/posts\/18957\/"}],"collection":[{"href":"https:\/\/www.bgf.rs\/lt\/wp-json\/wp\/v2\/posts\/"}],"about":[{"href":"https:\/\/www.bgf.rs\/lt\/wp-json\/wp\/v2\/types\/post\/"}],"author":[{"embeddable":true,"href":"https:\/\/www.bgf.rs\/lt\/wp-json\/wp\/v2\/users\/2\/"}],"replies":[{"embeddable":true,"href":"https:\/\/www.bgf.rs\/lt\/wp-json\/wp\/v2\/comments\/?post=18957"}],"version-history":[{"count":0,"href":"https:\/\/www.bgf.rs\/lt\/wp-json\/wp\/v2\/posts\/18957\/revisions\/"}],"wp:featuredmedia":[{"embeddable":true,"href":"https:\/\/www.bgf.rs\/lt\/wp-json\/wp\/v2\/media\/18956\/"}],"wp:attachment":[{"href":"https:\/\/www.bgf.rs\/lt\/wp-json\/wp\/v2\/media\/?parent=18957"}],"wp:term":[{"taxonomy":"category","embeddable":true,"href":"https:\/\/www.bgf.rs\/lt\/wp-json\/wp\/v2\/categories\/?post=18957"},{"taxonomy":"post_tag","embeddable":true,"href":"https:\/\/www.bgf.rs\/lt\/wp-json\/wp\/v2\/tags\/?post=18957"}],"curies":[{"name":"wp","href":"https:\/\/api.w.org\/{rel}","templated":true}]}}