{"id":18528,"date":"2018-02-28T11:07:12","date_gmt":"2018-02-28T10:07:12","guid":{"rendered":"http:\/\/www.bgf.rs\/?p=18528\/"},"modified":"2018-02-28T11:09:15","modified_gmt":"2018-02-28T10:09:15","slug":"balkanska-premijera-u-beogradskoj-filharmoniji","status":"publish","type":"post","link":"https:\/\/www.bgf.rs\/lt\/balkanska-premijera-u-beogradskoj-filharmoniji\/","title":{"rendered":"Balkanska premijera u Beogradskoj filharmoniji"},"content":{"rendered":"<p>Beogradska filharmonija i \u0161ef-dirigent Gabrijel Felc prire\u0111uju veliku balkansku premijeru Glijerove simfonije \u201eIlja Muromec\u201c, u petak 2. marta (Kolarac, 20\u010d). Publika \u0107e imati jedinstvenu priliku da se upozna sa ovim monumentalnim delom i \u010duje muzi\u010dku pri\u010du o popularnom ruskom junaku.<\/p>\n<p>Od slavnog mitskog lika, Ilja Muromec je tokom vremena postao heroj brojnih filmova, slika, spomenika, karikatura i anegdota. Legenda o njegovom juna\u0161tvu inspirisala je i ruskog kompozitora Rajnholda Glijera da kroz ovu simfoniju prika\u017ee najva\u017enije trenutke iz Iljinog \u017eivota.<\/p>\n<p>\u201cOdrastaju\u0107i u Isto\u010dnom Berlinu, \u010desto sam se susretao sa likom Ilje Muromeca koji je zbog\u00a0 sovjetske propaganda postao predmet parodije. Ali to me je dodatno privuklo da se detaljnije upoznam sa Glijerovom simfonijom koja je me je potpuno fascinirala. Ovo delo se retko nalazi na repertoarima zbog svoje izuzetne te\u017eine jer orkestrima \u010desto nije dovoljan standardan broj proba da ga savladaju. Sa Beogradskom filharmonijom je zazvu\u010dalo odmah na prvoj probi, i tad sam bio siguran da je ovo zaista pravi izbor da upoznamo publiku sa muzikom kojom zaista imamo mnogo da ka\u017eemo\u201d rekao je \u0161ef-dirigent Gabrijel Felc.<\/p>\n<p>Tako \u0107e Filharmoni\u010dari premijerno na na\u0161im prostorima predstaviti slikovitu rusku legendu vo\u0111eni svojim \u0161efom-dirigentom koji je, tako\u0111e, diriguje prvi put. Sto ulaznica za stajanje koncert bi\u0107e u prodaji sat vremena uo\u010di po\u010detka koncerta, odnosno od 19\u010d na blagajni Kolarca.<\/p>\n","protected":false},"excerpt":{"rendered":"<p>Beogradska filharmonija i \u0161ef-dirigent Gabrijel Felc prire\u0111uju veliku balkansku premijeru Glijerove simfonije \u201eIlja Muromec\u201c, u petak 2. marta (Kolarac, 20\u010d). Publika \u0107e imati jedinstvenu priliku da se upozna sa ovim monumentalnim delom i \u010duje muzi\u010dku pri\u010du o popularnom ruskom junaku. Od slavnog mitskog lika, Ilja Muromec je tokom vremena postao heroj brojnih filmova, slika, spomenika, [&hellip;]<\/p>\n","protected":false},"author":2,"featured_media":18527,"comment_status":"open","ping_status":"open","sticky":false,"template":"","format":"standard","meta":{"_acf_changed":false,"footnotes":""},"categories":[113],"tags":[],"class_list":["post-18528","post","type-post","status-publish","format-standard","has-post-thumbnail","hentry","category-news-lt"],"acf":[],"yoast_head":"<!-- This site is optimized with the Yoast SEO plugin v23.4 - https:\/\/yoast.com\/wordpress\/plugins\/seo\/ -->\n<title>Balkanska premijera u Beogradskoj filharmoniji | Beogradska filharmonija<\/title>\n<meta name=\"robots\" content=\"index, follow, max-snippet:-1, max-image-preview:large, max-video-preview:-1\" \/>\n<link rel=\"canonical\" href=\"https:\/\/www.bgf.rs\/balkanska-premijera-u-beogradskoj-filharmoniji\/\" \/>\n<meta property=\"og:locale\" content=\"sr_RS\" \/>\n<meta property=\"og:type\" content=\"article\" \/>\n<meta property=\"og:title\" content=\"Balkanska premijera u Beogradskoj filharmoniji | Beogradska filharmonija\" \/>\n<meta property=\"og:description\" content=\"Beogradska filharmonija i \u0161ef-dirigent Gabrijel Felc prire\u0111uju veliku balkansku premijeru Glijerove simfonije \u201eIlja Muromec\u201c, u petak 2. marta (Kolarac, 20\u010d). Publika \u0107e imati jedinstvenu priliku da se upozna sa ovim monumentalnim delom i \u010duje muzi\u010dku pri\u010du o popularnom ruskom junaku. Od slavnog mitskog lika, Ilja Muromec je tokom vremena postao heroj brojnih filmova, slika, spomenika, [&hellip;]\" \/>\n<meta property=\"og:url\" content=\"https:\/\/www.bgf.rs\/lt\/balkanska-premijera-u-beogradskoj-filharmoniji\/\" \/>\n<meta property=\"og:site_name\" content=\"Beogradska filharmonija\" \/>\n<meta property=\"article:published_time\" content=\"2018-02-28T10:07:12+00:00\" \/>\n<meta property=\"article:modified_time\" content=\"2018-02-28T10:09:15+00:00\" \/>\n<meta property=\"og:image\" content=\"https:\/\/www.bgf.rs\/wp-content\/uploads\/2018\/02\/gabrijel-felc-sef-dirigent.jpeg\" \/>\n\t<meta property=\"og:image:width\" content=\"1170\" \/>\n\t<meta property=\"og:image:height\" content=\"450\" \/>\n\t<meta property=\"og:image:type\" content=\"image\/jpeg\" \/>\n<meta name=\"author\" content=\"Simple Task\" \/>\n<meta name=\"twitter:card\" content=\"summary_large_image\" \/>\n<meta name=\"twitter:creator\" content=\"@BGFilharmonija\" \/>\n<meta name=\"twitter:site\" content=\"@BGFilharmonija\" \/>\n<meta name=\"twitter:label1\" content=\"\u041d\u0430\u043f\u0438\u0441\u0430\u043d\u043e \u043e\u0434\" \/>\n\t<meta name=\"twitter:data1\" content=\"Simple Task\" \/>\n\t<meta name=\"twitter:label2\" content=\"\u041f\u0440\u043e\u0446\u0435\u045a\u0435\u043d\u043e \u0432\u0440\u0435\u043c\u0435 \u0447\u0438\u0442\u0430\u045a\u0430\" \/>\n\t<meta name=\"twitter:data2\" content=\"1 \u043c\u0438\u043d\u0443\u0442\" \/>\n<script type=\"application\/ld+json\" class=\"yoast-schema-graph\">{\"@context\":\"https:\/\/schema.org\",\"@graph\":[{\"@type\":\"WebPage\",\"@id\":\"https:\/\/www.bgf.rs\/lt\/balkanska-premijera-u-beogradskoj-filharmoniji\/\",\"url\":\"https:\/\/www.bgf.rs\/lt\/balkanska-premijera-u-beogradskoj-filharmoniji\/\",\"name\":\"Balkanska premijera u Beogradskoj filharmoniji | Beogradska filharmonija\",\"isPartOf\":{\"@id\":\"https:\/\/www.bgf.rs\/#website\"},\"primaryImageOfPage\":{\"@id\":\"https:\/\/www.bgf.rs\/lt\/balkanska-premijera-u-beogradskoj-filharmoniji\/#primaryimage\"},\"image\":{\"@id\":\"https:\/\/www.bgf.rs\/lt\/balkanska-premijera-u-beogradskoj-filharmoniji\/#primaryimage\"},\"thumbnailUrl\":\"https:\/\/www.bgf.rs\/wp-content\/uploads\/2018\/02\/gabrijel-felc-sef-dirigent.jpeg\",\"datePublished\":\"2018-02-28T10:07:12+00:00\",\"dateModified\":\"2018-02-28T10:09:15+00:00\",\"author\":{\"@id\":\"https:\/\/www.bgf.rs\/#\/schema\/person\/6d0be15b46d81d8a53dcf9f0ed3c7f9b\"},\"breadcrumb\":{\"@id\":\"https:\/\/www.bgf.rs\/lt\/balkanska-premijera-u-beogradskoj-filharmoniji\/#breadcrumb\"},\"inLanguage\":\"sr-RS\",\"potentialAction\":[{\"@type\":\"ReadAction\",\"target\":[\"https:\/\/www.bgf.rs\/lt\/balkanska-premijera-u-beogradskoj-filharmoniji\/\"]}]},{\"@type\":\"ImageObject\",\"inLanguage\":\"sr-RS\",\"@id\":\"https:\/\/www.bgf.rs\/lt\/balkanska-premijera-u-beogradskoj-filharmoniji\/#primaryimage\",\"url\":\"https:\/\/www.bgf.rs\/wp-content\/uploads\/2018\/02\/gabrijel-felc-sef-dirigent.jpeg\",\"contentUrl\":\"https:\/\/www.bgf.rs\/wp-content\/uploads\/2018\/02\/gabrijel-felc-sef-dirigent.jpeg\",\"width\":1170,\"height\":450},{\"@type\":\"BreadcrumbList\",\"@id\":\"https:\/\/www.bgf.rs\/lt\/balkanska-premijera-u-beogradskoj-filharmoniji\/#breadcrumb\",\"itemListElement\":[{\"@type\":\"ListItem\",\"position\":1,\"name\":\"Home\",\"item\":\"https:\/\/www.bgf.rs\/\"},{\"@type\":\"ListItem\",\"position\":2,\"name\":\"Balkanska premijera u Beogradskoj filharmoniji\"}]},{\"@type\":\"WebSite\",\"@id\":\"https:\/\/www.bgf.rs\/#website\",\"url\":\"https:\/\/www.bgf.rs\/\",\"name\":\"Beogradska filharmonija\",\"description\":\"Samo muzika - jer do\u017eivljaj nema cenu!\",\"potentialAction\":[{\"@type\":\"SearchAction\",\"target\":{\"@type\":\"EntryPoint\",\"urlTemplate\":\"https:\/\/www.bgf.rs\/?s={search_term_string}\"},\"query-input\":{\"@type\":\"PropertyValueSpecification\",\"valueRequired\":true,\"valueName\":\"search_term_string\"}}],\"inLanguage\":\"sr-RS\"},{\"@type\":\"Person\",\"@id\":\"https:\/\/www.bgf.rs\/#\/schema\/person\/6d0be15b46d81d8a53dcf9f0ed3c7f9b\",\"name\":\"Simple Task\",\"image\":{\"@type\":\"ImageObject\",\"inLanguage\":\"sr-RS\",\"@id\":\"https:\/\/www.bgf.rs\/#\/schema\/person\/image\/\",\"url\":\"https:\/\/secure.gravatar.com\/avatar\/db5c011606d3c853afac90307c96032deff9655d4d5c3182fd3d6fce886b2dd9?s=96&d=mm&r=g\",\"contentUrl\":\"https:\/\/secure.gravatar.com\/avatar\/db5c011606d3c853afac90307c96032deff9655d4d5c3182fd3d6fce886b2dd9?s=96&d=mm&r=g\",\"caption\":\"Simple Task\"},\"url\":\"https:\/\/www.bgf.rs\/author\/simpletask\/\"}]}<\/script>\n<!-- \/ Yoast SEO plugin. -->","yoast_head_json":{"title":"Balkanska premijera u Beogradskoj filharmoniji | Beogradska filharmonija","robots":{"index":"index","follow":"follow","max-snippet":"max-snippet:-1","max-image-preview":"max-image-preview:large","max-video-preview":"max-video-preview:-1"},"canonical":"https:\/\/www.bgf.rs\/balkanska-premijera-u-beogradskoj-filharmoniji\/","og_locale":"sr_RS","og_type":"article","og_title":"Balkanska premijera u Beogradskoj filharmoniji | Beogradska filharmonija","og_description":"Beogradska filharmonija i \u0161ef-dirigent Gabrijel Felc prire\u0111uju veliku balkansku premijeru Glijerove simfonije \u201eIlja Muromec\u201c, u petak 2. marta (Kolarac, 20\u010d). Publika \u0107e imati jedinstvenu priliku da se upozna sa ovim monumentalnim delom i \u010duje muzi\u010dku pri\u010du o popularnom ruskom junaku. Od slavnog mitskog lika, Ilja Muromec je tokom vremena postao heroj brojnih filmova, slika, spomenika, [&hellip;]","og_url":"https:\/\/www.bgf.rs\/lt\/balkanska-premijera-u-beogradskoj-filharmoniji\/","og_site_name":"Beogradska filharmonija","article_published_time":"2018-02-28T10:07:12+00:00","article_modified_time":"2018-02-28T10:09:15+00:00","og_image":[{"width":1170,"height":450,"url":"https:\/\/www.bgf.rs\/wp-content\/uploads\/2018\/02\/gabrijel-felc-sef-dirigent.jpeg","type":"image\/jpeg"}],"author":"Simple Task","twitter_card":"summary_large_image","twitter_creator":"@BGFilharmonija","twitter_site":"@BGFilharmonija","twitter_misc":{"\u041d\u0430\u043f\u0438\u0441\u0430\u043d\u043e \u043e\u0434":"Simple Task","\u041f\u0440\u043e\u0446\u0435\u045a\u0435\u043d\u043e \u0432\u0440\u0435\u043c\u0435 \u0447\u0438\u0442\u0430\u045a\u0430":"1 \u043c\u0438\u043d\u0443\u0442"},"schema":{"@context":"https:\/\/schema.org","@graph":[{"@type":"WebPage","@id":"https:\/\/www.bgf.rs\/lt\/balkanska-premijera-u-beogradskoj-filharmoniji\/","url":"https:\/\/www.bgf.rs\/lt\/balkanska-premijera-u-beogradskoj-filharmoniji\/","name":"Balkanska premijera u Beogradskoj filharmoniji | Beogradska filharmonija","isPartOf":{"@id":"https:\/\/www.bgf.rs\/#website"},"primaryImageOfPage":{"@id":"https:\/\/www.bgf.rs\/lt\/balkanska-premijera-u-beogradskoj-filharmoniji\/#primaryimage"},"image":{"@id":"https:\/\/www.bgf.rs\/lt\/balkanska-premijera-u-beogradskoj-filharmoniji\/#primaryimage"},"thumbnailUrl":"https:\/\/www.bgf.rs\/wp-content\/uploads\/2018\/02\/gabrijel-felc-sef-dirigent.jpeg","datePublished":"2018-02-28T10:07:12+00:00","dateModified":"2018-02-28T10:09:15+00:00","author":{"@id":"https:\/\/www.bgf.rs\/#\/schema\/person\/6d0be15b46d81d8a53dcf9f0ed3c7f9b"},"breadcrumb":{"@id":"https:\/\/www.bgf.rs\/lt\/balkanska-premijera-u-beogradskoj-filharmoniji\/#breadcrumb"},"inLanguage":"sr-RS","potentialAction":[{"@type":"ReadAction","target":["https:\/\/www.bgf.rs\/lt\/balkanska-premijera-u-beogradskoj-filharmoniji\/"]}]},{"@type":"ImageObject","inLanguage":"sr-RS","@id":"https:\/\/www.bgf.rs\/lt\/balkanska-premijera-u-beogradskoj-filharmoniji\/#primaryimage","url":"https:\/\/www.bgf.rs\/wp-content\/uploads\/2018\/02\/gabrijel-felc-sef-dirigent.jpeg","contentUrl":"https:\/\/www.bgf.rs\/wp-content\/uploads\/2018\/02\/gabrijel-felc-sef-dirigent.jpeg","width":1170,"height":450},{"@type":"BreadcrumbList","@id":"https:\/\/www.bgf.rs\/lt\/balkanska-premijera-u-beogradskoj-filharmoniji\/#breadcrumb","itemListElement":[{"@type":"ListItem","position":1,"name":"Home","item":"https:\/\/www.bgf.rs\/"},{"@type":"ListItem","position":2,"name":"Balkanska premijera u Beogradskoj filharmoniji"}]},{"@type":"WebSite","@id":"https:\/\/www.bgf.rs\/#website","url":"https:\/\/www.bgf.rs\/","name":"Beogradska filharmonija","description":"Samo muzika - jer do\u017eivljaj nema cenu!","potentialAction":[{"@type":"SearchAction","target":{"@type":"EntryPoint","urlTemplate":"https:\/\/www.bgf.rs\/?s={search_term_string}"},"query-input":{"@type":"PropertyValueSpecification","valueRequired":true,"valueName":"search_term_string"}}],"inLanguage":"sr-RS"},{"@type":"Person","@id":"https:\/\/www.bgf.rs\/#\/schema\/person\/6d0be15b46d81d8a53dcf9f0ed3c7f9b","name":"Simple Task","image":{"@type":"ImageObject","inLanguage":"sr-RS","@id":"https:\/\/www.bgf.rs\/#\/schema\/person\/image\/","url":"https:\/\/secure.gravatar.com\/avatar\/db5c011606d3c853afac90307c96032deff9655d4d5c3182fd3d6fce886b2dd9?s=96&d=mm&r=g","contentUrl":"https:\/\/secure.gravatar.com\/avatar\/db5c011606d3c853afac90307c96032deff9655d4d5c3182fd3d6fce886b2dd9?s=96&d=mm&r=g","caption":"Simple Task"},"url":"https:\/\/www.bgf.rs\/author\/simpletask\/"}]}},"_links":{"self":[{"href":"https:\/\/www.bgf.rs\/lt\/wp-json\/wp\/v2\/posts\/18528\/"}],"collection":[{"href":"https:\/\/www.bgf.rs\/lt\/wp-json\/wp\/v2\/posts\/"}],"about":[{"href":"https:\/\/www.bgf.rs\/lt\/wp-json\/wp\/v2\/types\/post\/"}],"author":[{"embeddable":true,"href":"https:\/\/www.bgf.rs\/lt\/wp-json\/wp\/v2\/users\/2\/"}],"replies":[{"embeddable":true,"href":"https:\/\/www.bgf.rs\/lt\/wp-json\/wp\/v2\/comments\/?post=18528"}],"version-history":[{"count":0,"href":"https:\/\/www.bgf.rs\/lt\/wp-json\/wp\/v2\/posts\/18528\/revisions\/"}],"wp:featuredmedia":[{"embeddable":true,"href":"https:\/\/www.bgf.rs\/lt\/wp-json\/wp\/v2\/media\/18527\/"}],"wp:attachment":[{"href":"https:\/\/www.bgf.rs\/lt\/wp-json\/wp\/v2\/media\/?parent=18528"}],"wp:term":[{"taxonomy":"category","embeddable":true,"href":"https:\/\/www.bgf.rs\/lt\/wp-json\/wp\/v2\/categories\/?post=18528"},{"taxonomy":"post_tag","embeddable":true,"href":"https:\/\/www.bgf.rs\/lt\/wp-json\/wp\/v2\/tags\/?post=18528"}],"curies":[{"name":"wp","href":"https:\/\/api.w.org\/{rel}","templated":true}]}}