{"id":17849,"date":"2017-12-22T13:20:39","date_gmt":"2017-12-22T12:20:39","guid":{"rendered":"http:\/\/www.bgf.rs\/?p=17849\/"},"modified":"2017-12-22T13:23:08","modified_gmt":"2017-12-22T12:23:08","slug":"transferi-u-beogradskoj-filharmoniji","status":"publish","type":"post","link":"https:\/\/www.bgf.rs\/lt\/transferi-u-beogradskoj-filharmoniji\/","title":{"rendered":"Transferi u Beogradskoj filharmoniji"},"content":{"rendered":"<p><em>Muzi\u010dari iz inostranstva na audicijama za nove \u010dlanove Beogradsku filharmoniju<\/em><\/p>\n<p>\u0160ef-dirigent Beogradske filharmonije Gabrijel Felc ponovo boravi u Beogradu, a pored koncerta koji priprema sa orkestrom zauzet je brojnim audicijama koje se odr\u017eavaju ove nedelje u Filharmoniji. Najpre za nove \u010dlanove na pozicijama prve trube i prvog trombona u orkestru, a potom za odabir mladog dirigenta koji \u0107e biti srpski predstavnik me\u0111unarodnog projekta Dirigentski forum.<\/p>\n<p>Beogradski orkestar je dobio poja\u010danje iz Velike Britanije \u2013 trombonista Ri\u010dard Viler izabran je kao najbolji kandidat, a \u010dlan orkestra Jovan Savi\u0107, sa nekada\u0161nje pozicije duge trube prebacuje se na prvu. Brojni muzi\u010dari iz inostranstva &#8211; \u0160panije, Italije, Brazila, Slovenije, Ma\u0111arske, bili su u trci za ova mesta sa \u017eeljom da karijeru nastave u Beogradskoj filharmoniji.<\/p>\n<p>Fasciniran izvo\u0111a\u010dkim nivoom orkestra kao i njegovom energijom i entuzijazmom, Ri\u010dard Viler se prijavio na audiciju nakon \u0161to je \u010duo snimak Beogradske filharmonije u moskovskoj Sali \u010cajkovski, iz septembra 2016. godine. Trombonista impresivne biografije sara\u0111uje sa \u010duvenim ku\u0107ama kao \u0161to su Ma\u0111o muzikale iz Firence, Londonski filharmonijski orkestar, Milanska Skala i mnoge druge, a na\u0161em orkestru se priklju\u010duje po\u010detkom naredne godine.<\/p>\n<p>U danima koji slede, veliku \u0161ansu dobijaju i mladi dirigenti. Gabrijel Felc \u0107e odabrati srpskog predstavnika me\u0111unarodnog programa Dirigentski forum, usmerenog na budu\u0107e generacije dirigenata. Mnogi nekada\u0161nji stipendisti Dirigentskog foruma sada zauzimaju istaknute pozicije na me\u0111unarodnoj muzi\u010dkoj sceni. Jedan od njih je \u0161ef-dirigent Gabrijel Felc, zahvaljuju\u0107i kome se Beogradska filharmonija priklju\u010dila respektabilnom projektu koji se odr\u017eava u junu 2018. godine.<\/p>\n","protected":false},"excerpt":{"rendered":"<p>Muzi\u010dari iz inostranstva na audicijama za nove \u010dlanove Beogradsku filharmoniju \u0160ef-dirigent Beogradske filharmonije Gabrijel Felc ponovo boravi u Beogradu, a pored koncerta koji priprema sa orkestrom zauzet je brojnim audicijama koje se odr\u017eavaju ove nedelje u Filharmoniji. Najpre za nove \u010dlanove na pozicijama prve trube i prvog trombona u orkestru, a potom za odabir mladog [&hellip;]<\/p>\n","protected":false},"author":2,"featured_media":17848,"comment_status":"open","ping_status":"open","sticky":false,"template":"","format":"standard","meta":{"_acf_changed":false,"footnotes":""},"categories":[113],"tags":[],"class_list":["post-17849","post","type-post","status-publish","format-standard","has-post-thumbnail","hentry","category-news-lt"],"acf":[],"yoast_head":"<!-- This site is optimized with the Yoast SEO plugin v23.4 - https:\/\/yoast.com\/wordpress\/plugins\/seo\/ -->\n<title>Transferi u Beogradskoj filharmoniji | Beogradska filharmonija<\/title>\n<meta name=\"robots\" content=\"index, follow, max-snippet:-1, max-image-preview:large, max-video-preview:-1\" \/>\n<link rel=\"canonical\" href=\"https:\/\/www.bgf.rs\/transferi-u-beogradskoj-filharmoniji\/\" \/>\n<meta property=\"og:locale\" content=\"sr_RS\" \/>\n<meta property=\"og:type\" content=\"article\" \/>\n<meta property=\"og:title\" content=\"Transferi u Beogradskoj filharmoniji | Beogradska filharmonija\" \/>\n<meta property=\"og:description\" content=\"Muzi\u010dari iz inostranstva na audicijama za nove \u010dlanove Beogradsku filharmoniju \u0160ef-dirigent Beogradske filharmonije Gabrijel Felc ponovo boravi u Beogradu, a pored koncerta koji priprema sa orkestrom zauzet je brojnim audicijama koje se odr\u017eavaju ove nedelje u Filharmoniji. Najpre za nove \u010dlanove na pozicijama prve trube i prvog trombona u orkestru, a potom za odabir mladog [&hellip;]\" \/>\n<meta property=\"og:url\" content=\"https:\/\/www.bgf.rs\/lt\/transferi-u-beogradskoj-filharmoniji\/\" \/>\n<meta property=\"og:site_name\" content=\"Beogradska filharmonija\" \/>\n<meta property=\"article:published_time\" content=\"2017-12-22T12:20:39+00:00\" \/>\n<meta property=\"article:modified_time\" content=\"2017-12-22T12:23:08+00:00\" \/>\n<meta property=\"og:image\" content=\"https:\/\/www.bgf.rs\/wp-content\/uploads\/2017\/12\/Transferi-u-Beogradskoj-filharmoniji.jpeg\" \/>\n\t<meta property=\"og:image:width\" content=\"1170\" \/>\n\t<meta property=\"og:image:height\" content=\"450\" \/>\n\t<meta property=\"og:image:type\" content=\"image\/jpeg\" \/>\n<meta name=\"author\" content=\"Simple Task\" \/>\n<meta name=\"twitter:card\" content=\"summary_large_image\" \/>\n<meta name=\"twitter:creator\" content=\"@BGFilharmonija\" \/>\n<meta name=\"twitter:site\" content=\"@BGFilharmonija\" \/>\n<meta name=\"twitter:label1\" content=\"\u041d\u0430\u043f\u0438\u0441\u0430\u043d\u043e \u043e\u0434\" \/>\n\t<meta name=\"twitter:data1\" content=\"Simple Task\" \/>\n\t<meta name=\"twitter:label2\" content=\"\u041f\u0440\u043e\u0446\u0435\u045a\u0435\u043d\u043e \u0432\u0440\u0435\u043c\u0435 \u0447\u0438\u0442\u0430\u045a\u0430\" \/>\n\t<meta name=\"twitter:data2\" content=\"1 \u043c\u0438\u043d\u0443\u0442\" \/>\n<script type=\"application\/ld+json\" class=\"yoast-schema-graph\">{\"@context\":\"https:\/\/schema.org\",\"@graph\":[{\"@type\":\"WebPage\",\"@id\":\"https:\/\/www.bgf.rs\/lt\/transferi-u-beogradskoj-filharmoniji\/\",\"url\":\"https:\/\/www.bgf.rs\/lt\/transferi-u-beogradskoj-filharmoniji\/\",\"name\":\"Transferi u Beogradskoj filharmoniji | Beogradska filharmonija\",\"isPartOf\":{\"@id\":\"https:\/\/www.bgf.rs\/#website\"},\"primaryImageOfPage\":{\"@id\":\"https:\/\/www.bgf.rs\/lt\/transferi-u-beogradskoj-filharmoniji\/#primaryimage\"},\"image\":{\"@id\":\"https:\/\/www.bgf.rs\/lt\/transferi-u-beogradskoj-filharmoniji\/#primaryimage\"},\"thumbnailUrl\":\"https:\/\/www.bgf.rs\/wp-content\/uploads\/2017\/12\/Transferi-u-Beogradskoj-filharmoniji.jpeg\",\"datePublished\":\"2017-12-22T12:20:39+00:00\",\"dateModified\":\"2017-12-22T12:23:08+00:00\",\"author\":{\"@id\":\"https:\/\/www.bgf.rs\/#\/schema\/person\/6d0be15b46d81d8a53dcf9f0ed3c7f9b\"},\"breadcrumb\":{\"@id\":\"https:\/\/www.bgf.rs\/lt\/transferi-u-beogradskoj-filharmoniji\/#breadcrumb\"},\"inLanguage\":\"sr-RS\",\"potentialAction\":[{\"@type\":\"ReadAction\",\"target\":[\"https:\/\/www.bgf.rs\/lt\/transferi-u-beogradskoj-filharmoniji\/\"]}]},{\"@type\":\"ImageObject\",\"inLanguage\":\"sr-RS\",\"@id\":\"https:\/\/www.bgf.rs\/lt\/transferi-u-beogradskoj-filharmoniji\/#primaryimage\",\"url\":\"https:\/\/www.bgf.rs\/wp-content\/uploads\/2017\/12\/Transferi-u-Beogradskoj-filharmoniji.jpeg\",\"contentUrl\":\"https:\/\/www.bgf.rs\/wp-content\/uploads\/2017\/12\/Transferi-u-Beogradskoj-filharmoniji.jpeg\",\"width\":1170,\"height\":450},{\"@type\":\"BreadcrumbList\",\"@id\":\"https:\/\/www.bgf.rs\/lt\/transferi-u-beogradskoj-filharmoniji\/#breadcrumb\",\"itemListElement\":[{\"@type\":\"ListItem\",\"position\":1,\"name\":\"Home\",\"item\":\"https:\/\/www.bgf.rs\/\"},{\"@type\":\"ListItem\",\"position\":2,\"name\":\"Transferi u Beogradskoj filharmoniji\"}]},{\"@type\":\"WebSite\",\"@id\":\"https:\/\/www.bgf.rs\/#website\",\"url\":\"https:\/\/www.bgf.rs\/\",\"name\":\"Beogradska filharmonija\",\"description\":\"Samo muzika - jer do\u017eivljaj nema cenu!\",\"potentialAction\":[{\"@type\":\"SearchAction\",\"target\":{\"@type\":\"EntryPoint\",\"urlTemplate\":\"https:\/\/www.bgf.rs\/?s={search_term_string}\"},\"query-input\":{\"@type\":\"PropertyValueSpecification\",\"valueRequired\":true,\"valueName\":\"search_term_string\"}}],\"inLanguage\":\"sr-RS\"},{\"@type\":\"Person\",\"@id\":\"https:\/\/www.bgf.rs\/#\/schema\/person\/6d0be15b46d81d8a53dcf9f0ed3c7f9b\",\"name\":\"Simple Task\",\"image\":{\"@type\":\"ImageObject\",\"inLanguage\":\"sr-RS\",\"@id\":\"https:\/\/www.bgf.rs\/#\/schema\/person\/image\/\",\"url\":\"https:\/\/secure.gravatar.com\/avatar\/db5c011606d3c853afac90307c96032deff9655d4d5c3182fd3d6fce886b2dd9?s=96&d=mm&r=g\",\"contentUrl\":\"https:\/\/secure.gravatar.com\/avatar\/db5c011606d3c853afac90307c96032deff9655d4d5c3182fd3d6fce886b2dd9?s=96&d=mm&r=g\",\"caption\":\"Simple Task\"},\"url\":\"https:\/\/www.bgf.rs\/author\/simpletask\/\"}]}<\/script>\n<!-- \/ Yoast SEO plugin. -->","yoast_head_json":{"title":"Transferi u Beogradskoj filharmoniji | Beogradska filharmonija","robots":{"index":"index","follow":"follow","max-snippet":"max-snippet:-1","max-image-preview":"max-image-preview:large","max-video-preview":"max-video-preview:-1"},"canonical":"https:\/\/www.bgf.rs\/transferi-u-beogradskoj-filharmoniji\/","og_locale":"sr_RS","og_type":"article","og_title":"Transferi u Beogradskoj filharmoniji | Beogradska filharmonija","og_description":"Muzi\u010dari iz inostranstva na audicijama za nove \u010dlanove Beogradsku filharmoniju \u0160ef-dirigent Beogradske filharmonije Gabrijel Felc ponovo boravi u Beogradu, a pored koncerta koji priprema sa orkestrom zauzet je brojnim audicijama koje se odr\u017eavaju ove nedelje u Filharmoniji. Najpre za nove \u010dlanove na pozicijama prve trube i prvog trombona u orkestru, a potom za odabir mladog [&hellip;]","og_url":"https:\/\/www.bgf.rs\/lt\/transferi-u-beogradskoj-filharmoniji\/","og_site_name":"Beogradska filharmonija","article_published_time":"2017-12-22T12:20:39+00:00","article_modified_time":"2017-12-22T12:23:08+00:00","og_image":[{"width":1170,"height":450,"url":"https:\/\/www.bgf.rs\/wp-content\/uploads\/2017\/12\/Transferi-u-Beogradskoj-filharmoniji.jpeg","type":"image\/jpeg"}],"author":"Simple Task","twitter_card":"summary_large_image","twitter_creator":"@BGFilharmonija","twitter_site":"@BGFilharmonija","twitter_misc":{"\u041d\u0430\u043f\u0438\u0441\u0430\u043d\u043e \u043e\u0434":"Simple Task","\u041f\u0440\u043e\u0446\u0435\u045a\u0435\u043d\u043e \u0432\u0440\u0435\u043c\u0435 \u0447\u0438\u0442\u0430\u045a\u0430":"1 \u043c\u0438\u043d\u0443\u0442"},"schema":{"@context":"https:\/\/schema.org","@graph":[{"@type":"WebPage","@id":"https:\/\/www.bgf.rs\/lt\/transferi-u-beogradskoj-filharmoniji\/","url":"https:\/\/www.bgf.rs\/lt\/transferi-u-beogradskoj-filharmoniji\/","name":"Transferi u Beogradskoj filharmoniji | Beogradska filharmonija","isPartOf":{"@id":"https:\/\/www.bgf.rs\/#website"},"primaryImageOfPage":{"@id":"https:\/\/www.bgf.rs\/lt\/transferi-u-beogradskoj-filharmoniji\/#primaryimage"},"image":{"@id":"https:\/\/www.bgf.rs\/lt\/transferi-u-beogradskoj-filharmoniji\/#primaryimage"},"thumbnailUrl":"https:\/\/www.bgf.rs\/wp-content\/uploads\/2017\/12\/Transferi-u-Beogradskoj-filharmoniji.jpeg","datePublished":"2017-12-22T12:20:39+00:00","dateModified":"2017-12-22T12:23:08+00:00","author":{"@id":"https:\/\/www.bgf.rs\/#\/schema\/person\/6d0be15b46d81d8a53dcf9f0ed3c7f9b"},"breadcrumb":{"@id":"https:\/\/www.bgf.rs\/lt\/transferi-u-beogradskoj-filharmoniji\/#breadcrumb"},"inLanguage":"sr-RS","potentialAction":[{"@type":"ReadAction","target":["https:\/\/www.bgf.rs\/lt\/transferi-u-beogradskoj-filharmoniji\/"]}]},{"@type":"ImageObject","inLanguage":"sr-RS","@id":"https:\/\/www.bgf.rs\/lt\/transferi-u-beogradskoj-filharmoniji\/#primaryimage","url":"https:\/\/www.bgf.rs\/wp-content\/uploads\/2017\/12\/Transferi-u-Beogradskoj-filharmoniji.jpeg","contentUrl":"https:\/\/www.bgf.rs\/wp-content\/uploads\/2017\/12\/Transferi-u-Beogradskoj-filharmoniji.jpeg","width":1170,"height":450},{"@type":"BreadcrumbList","@id":"https:\/\/www.bgf.rs\/lt\/transferi-u-beogradskoj-filharmoniji\/#breadcrumb","itemListElement":[{"@type":"ListItem","position":1,"name":"Home","item":"https:\/\/www.bgf.rs\/"},{"@type":"ListItem","position":2,"name":"Transferi u Beogradskoj filharmoniji"}]},{"@type":"WebSite","@id":"https:\/\/www.bgf.rs\/#website","url":"https:\/\/www.bgf.rs\/","name":"Beogradska filharmonija","description":"Samo muzika - jer do\u017eivljaj nema cenu!","potentialAction":[{"@type":"SearchAction","target":{"@type":"EntryPoint","urlTemplate":"https:\/\/www.bgf.rs\/?s={search_term_string}"},"query-input":{"@type":"PropertyValueSpecification","valueRequired":true,"valueName":"search_term_string"}}],"inLanguage":"sr-RS"},{"@type":"Person","@id":"https:\/\/www.bgf.rs\/#\/schema\/person\/6d0be15b46d81d8a53dcf9f0ed3c7f9b","name":"Simple Task","image":{"@type":"ImageObject","inLanguage":"sr-RS","@id":"https:\/\/www.bgf.rs\/#\/schema\/person\/image\/","url":"https:\/\/secure.gravatar.com\/avatar\/db5c011606d3c853afac90307c96032deff9655d4d5c3182fd3d6fce886b2dd9?s=96&d=mm&r=g","contentUrl":"https:\/\/secure.gravatar.com\/avatar\/db5c011606d3c853afac90307c96032deff9655d4d5c3182fd3d6fce886b2dd9?s=96&d=mm&r=g","caption":"Simple Task"},"url":"https:\/\/www.bgf.rs\/author\/simpletask\/"}]}},"_links":{"self":[{"href":"https:\/\/www.bgf.rs\/lt\/wp-json\/wp\/v2\/posts\/17849\/"}],"collection":[{"href":"https:\/\/www.bgf.rs\/lt\/wp-json\/wp\/v2\/posts\/"}],"about":[{"href":"https:\/\/www.bgf.rs\/lt\/wp-json\/wp\/v2\/types\/post\/"}],"author":[{"embeddable":true,"href":"https:\/\/www.bgf.rs\/lt\/wp-json\/wp\/v2\/users\/2\/"}],"replies":[{"embeddable":true,"href":"https:\/\/www.bgf.rs\/lt\/wp-json\/wp\/v2\/comments\/?post=17849"}],"version-history":[{"count":0,"href":"https:\/\/www.bgf.rs\/lt\/wp-json\/wp\/v2\/posts\/17849\/revisions\/"}],"wp:featuredmedia":[{"embeddable":true,"href":"https:\/\/www.bgf.rs\/lt\/wp-json\/wp\/v2\/media\/17848\/"}],"wp:attachment":[{"href":"https:\/\/www.bgf.rs\/lt\/wp-json\/wp\/v2\/media\/?parent=17849"}],"wp:term":[{"taxonomy":"category","embeddable":true,"href":"https:\/\/www.bgf.rs\/lt\/wp-json\/wp\/v2\/categories\/?post=17849"},{"taxonomy":"post_tag","embeddable":true,"href":"https:\/\/www.bgf.rs\/lt\/wp-json\/wp\/v2\/tags\/?post=17849"}],"curies":[{"name":"wp","href":"https:\/\/api.w.org\/{rel}","templated":true}]}}