{"id":123309,"date":"2025-12-17T18:45:37","date_gmt":"2025-12-17T17:45:37","guid":{"rendered":"https:\/\/www.bgf.rs\/?p=123309"},"modified":"2025-12-17T18:48:21","modified_gmt":"2025-12-17T17:48:21","slug":"konferencija-za-medije-mehta-i-bgf-u-mumbaju","status":"publish","type":"post","link":"https:\/\/www.bgf.rs\/lt\/konferencija-za-medije-mehta-i-bgf-u-mumbaju\/","title":{"rendered":"Konferencija za medije: Mehta i BGF u Mumbaju"},"content":{"rendered":"<p><i><span style=\"font-weight: 400;\">Najavljen i nastup u Beogradu<\/span><\/i><\/p>\n<p><span style=\"font-weight: 400;\">U Beogradskoj filharmoniji odr\u017eana je konferencija za medije povodom turneje Beogradske filharmonije u Indiji zajedno sa slavnim dirigentom Zubinom Mehtom, koja \u0107e se odr\u017eati od 11. do 17. januara 2026 u Mumbaju. Na konferenciji su govorile koncert-majstor Tijana Milo\u0161evi\u0107, urednice programa Asja Radonji\u0107 i Danica Maksimovi\u0107 i Jelena Mila\u0161inovi\u0107 PR menad\u017eer u svojstvu kreatorke i producentkinje dokumentarnog filma o Zubinu Mehti koji \u0107e svoju svetsku premijeru imati u Indiji.<\/span><span style=\"font-weight: 400;\">\u00a0<\/span><\/p>\n<p><span style=\"font-weight: 400;\">Beogradskoj filharmoniji je ukazana ogromna \u010dast da bude prvi orkestar sa kojim \u0107e slavni Mehta nastupiti u rodnom Mumbaju povodom svog 90. ro\u0111endana, koji \u0107e se tokom 2026. godine obele\u017eavati \u0161irom sveta. Pored Be\u010da, Firence, Berlina i drugih muzi\u010dkih centara, Mehta nije zaboravio ni na Beograd, tako je na konferenciji najavljen i datum koncerta sa Beogradskom filharmonijom u srpskoj prestonici, zakazan za 23. oktobar 2026. godine.<\/span><\/p>\n<p><span style=\"font-weight: 400;\">Sasvim simboli\u010dno, iz svog rodnog grada i to sa orkestrom Beogradske filharmonije koji mu dao prvu profesionalnu \u0161ansu davne 1958. godine u Beogradu, Mehta zapo\u010dinje obele\u017eavanje svog jubileja. Pod njegovom palicom \u0107e 15. i 16. januara uz Beogradsku filharmoniju nastupiti najve\u0107e muzi\u010dke zvezde sveta: violinista <\/span><b>Pinkas Cukerman<\/b><span style=\"font-weight: 400;\"> i pijanista <\/span><b>Lang Lang.<\/b><span style=\"font-weight: 400;\"> Orkestar putuje 11. januara u Mumbaj gde \u0107e u veli\u010danstvenom Nacionalnom centru za izvo\u0111a\u010dku umetnost imati po dve radne probe dnevno, pored generalnih proba uo\u010di koncerata 15. i 16. januara.<\/span><\/p>\n<p><span style=\"font-weight: 400;\">Filharmonija \u0107e izvesti dva razli\u010dita repertoara sastavljena od dela Mocarta i Betovena.\u00a0 Orkestar \u0107e prvi put deliti podijum sa globalnim superstarom Lang Langom, koji va\u017ei za jednog od najboljih i najvirtuoznijih pijanista dana\u0161njice, u izvo\u0111enju Betovenovog klavirskog koncerta \u201cEmperor\u201d. Sa \u017eivom legendom \u2013 violinistom Pinkasom Cukermanom i Mehtinim velikim prijateljem, orkestar izvodi Mocartov Koncert za violinu br. 5, kao i na nedavnom zajedni\u010dkom nastupu u Beogradu. Mehtino izvo\u0111enje Betovenove Tre\u0107e i Sedme simfonije krunisa\u0107e nastupe sa Beogradskom filharmonijom u Mumbaju.<\/span><\/p>\n<p><span style=\"font-weight: 400;\">Doma\u0107in koncerata u Mumbaju je fondacija \u201cMeli Mehta\u201d koja nosi ime Zubinovog oca. U okviru ove fondacije deluje i muzi\u010dka \u0161kola \u010diji \u0107e polaznici, rame uz rame sa muzi\u010darima Beogradske filharmonije, na po\u010detku prvog koncerta izvesti Bartokove \u201cRumunske igre\u201d, kao poklon Zubinu Mehti.<\/span><\/p>\n<p><span style=\"font-weight: 400;\">Na konferenciji je tako\u0111e najavljena premijera dokumentarnog filma \u201cDa capo: Zubin Mehta i Beogradska filharmonija\u201d, autora Borisa Miljkovi\u0107a, koji \u0107e imati svoju internacionalnu premijeru upravo u Mumbaju, uo\u010di prvog koncerta 15. januara u Nacionalnom centru za izvo\u0111a\u010dku umetnost. Dokumentarni film je sniman prilikom Mehtinog prethodnog boravka u Beogradu, oktobra 2024. godine. Tema filma je duboko prijateljstvo izme\u0111u maestra i orkestra Beogradske filharmonije, ispri\u010dano isklju\u010divo Mehtinim re\u010dima koji je u ovom filmu jedini narator. Beogradska filharmonija se zahvaljuje kompanijama koje su film pomogle, a to su: Erste banka, Informatika, Valjaonica bakra Sevojno, Privredna komora Srbije i Erste lizing.<\/span><\/p>\n","protected":false},"excerpt":{"rendered":"<p>Najavljen i nastup u Beogradu U Beogradskoj filharmoniji odr\u017eana je konferencija za medije povodom turneje Beogradske filharmonije u Indiji zajedno sa slavnim dirigentom Zubinom Mehtom, koja \u0107e se odr\u017eati od 11. do 17. januara 2026 u Mumbaju. Na konferenciji su govorile koncert-majstor Tijana Milo\u0161evi\u0107, urednice programa Asja Radonji\u0107 i Danica Maksimovi\u0107 i Jelena Mila\u0161inovi\u0107 PR [&hellip;]<\/p>\n","protected":false},"author":6,"featured_media":123308,"comment_status":"closed","ping_status":"closed","sticky":false,"template":"","format":"standard","meta":{"_acf_changed":false,"footnotes":""},"categories":[113],"tags":[],"class_list":["post-123309","post","type-post","status-publish","format-standard","has-post-thumbnail","hentry","category-news-lt"],"acf":[],"yoast_head":"<!-- This site is optimized with the Yoast SEO plugin v23.4 - https:\/\/yoast.com\/wordpress\/plugins\/seo\/ -->\n<title>Konferencija za medije: Mehta i BGF u Mumbaju | Beogradska filharmonija<\/title>\n<meta name=\"robots\" content=\"index, follow, max-snippet:-1, max-image-preview:large, max-video-preview:-1\" \/>\n<link rel=\"canonical\" href=\"https:\/\/www.bgf.rs\/konferencija-za-medije-mehta-i-bgf-u-mumbaju\/\" \/>\n<meta property=\"og:locale\" content=\"sr_RS\" \/>\n<meta property=\"og:type\" content=\"article\" \/>\n<meta property=\"og:title\" content=\"Konferencija za medije: Mehta i BGF u Mumbaju | Beogradska filharmonija\" \/>\n<meta property=\"og:description\" content=\"Najavljen i nastup u Beogradu U Beogradskoj filharmoniji odr\u017eana je konferencija za medije povodom turneje Beogradske filharmonije u Indiji zajedno sa slavnim dirigentom Zubinom Mehtom, koja \u0107e se odr\u017eati od 11. do 17. januara 2026 u Mumbaju. Na konferenciji su govorile koncert-majstor Tijana Milo\u0161evi\u0107, urednice programa Asja Radonji\u0107 i Danica Maksimovi\u0107 i Jelena Mila\u0161inovi\u0107 PR [&hellip;]\" \/>\n<meta property=\"og:url\" content=\"https:\/\/www.bgf.rs\/lt\/konferencija-za-medije-mehta-i-bgf-u-mumbaju\/\" \/>\n<meta property=\"og:site_name\" content=\"Beogradska filharmonija\" \/>\n<meta property=\"article:published_time\" content=\"2025-12-17T17:45:37+00:00\" \/>\n<meta property=\"article:modified_time\" content=\"2025-12-17T17:48:21+00:00\" \/>\n<meta property=\"og:image\" content=\"http:\/\/www.bgf.rs\/wp-content\/uploads\/2025\/12\/MDJ8533.webp\" \/>\n\t<meta property=\"og:image:width\" content=\"1170\" \/>\n\t<meta property=\"og:image:height\" content=\"450\" \/>\n\t<meta property=\"og:image:type\" content=\"image\/webp\" \/>\n<meta name=\"author\" content=\"Petar\" \/>\n<meta name=\"twitter:card\" content=\"summary_large_image\" \/>\n<meta name=\"twitter:creator\" content=\"@BGFilharmonija\" \/>\n<meta name=\"twitter:site\" content=\"@BGFilharmonija\" \/>\n<meta name=\"twitter:label1\" content=\"\u041d\u0430\u043f\u0438\u0441\u0430\u043d\u043e \u043e\u0434\" \/>\n\t<meta name=\"twitter:data1\" content=\"Petar\" \/>\n\t<meta name=\"twitter:label2\" content=\"\u041f\u0440\u043e\u0446\u0435\u045a\u0435\u043d\u043e \u0432\u0440\u0435\u043c\u0435 \u0447\u0438\u0442\u0430\u045a\u0430\" \/>\n\t<meta name=\"twitter:data2\" content=\"3 \u043c\u0438\u043d\u0443\u0442\u0430\" \/>\n<script type=\"application\/ld+json\" class=\"yoast-schema-graph\">{\"@context\":\"https:\/\/schema.org\",\"@graph\":[{\"@type\":\"WebPage\",\"@id\":\"https:\/\/www.bgf.rs\/lt\/konferencija-za-medije-mehta-i-bgf-u-mumbaju\/\",\"url\":\"https:\/\/www.bgf.rs\/lt\/konferencija-za-medije-mehta-i-bgf-u-mumbaju\/\",\"name\":\"Konferencija za medije: Mehta i BGF u Mumbaju | Beogradska filharmonija\",\"isPartOf\":{\"@id\":\"https:\/\/www.bgf.rs\/#website\"},\"primaryImageOfPage\":{\"@id\":\"https:\/\/www.bgf.rs\/lt\/konferencija-za-medije-mehta-i-bgf-u-mumbaju\/#primaryimage\"},\"image\":{\"@id\":\"https:\/\/www.bgf.rs\/lt\/konferencija-za-medije-mehta-i-bgf-u-mumbaju\/#primaryimage\"},\"thumbnailUrl\":\"https:\/\/www.bgf.rs\/wp-content\/uploads\/2025\/12\/MDJ8533.webp\",\"datePublished\":\"2025-12-17T17:45:37+00:00\",\"dateModified\":\"2025-12-17T17:48:21+00:00\",\"author\":{\"@id\":\"https:\/\/www.bgf.rs\/#\/schema\/person\/60d9449f9258712254a02ae331444b0b\"},\"breadcrumb\":{\"@id\":\"https:\/\/www.bgf.rs\/lt\/konferencija-za-medije-mehta-i-bgf-u-mumbaju\/#breadcrumb\"},\"inLanguage\":\"sr-RS\",\"potentialAction\":[{\"@type\":\"ReadAction\",\"target\":[\"https:\/\/www.bgf.rs\/lt\/konferencija-za-medije-mehta-i-bgf-u-mumbaju\/\"]}]},{\"@type\":\"ImageObject\",\"inLanguage\":\"sr-RS\",\"@id\":\"https:\/\/www.bgf.rs\/lt\/konferencija-za-medije-mehta-i-bgf-u-mumbaju\/#primaryimage\",\"url\":\"https:\/\/www.bgf.rs\/wp-content\/uploads\/2025\/12\/MDJ8533.webp\",\"contentUrl\":\"https:\/\/www.bgf.rs\/wp-content\/uploads\/2025\/12\/MDJ8533.webp\",\"width\":1170,\"height\":450},{\"@type\":\"BreadcrumbList\",\"@id\":\"https:\/\/www.bgf.rs\/lt\/konferencija-za-medije-mehta-i-bgf-u-mumbaju\/#breadcrumb\",\"itemListElement\":[{\"@type\":\"ListItem\",\"position\":1,\"name\":\"Home\",\"item\":\"https:\/\/www.bgf.rs\/\"},{\"@type\":\"ListItem\",\"position\":2,\"name\":\"Konferencija za medije: Mehta i BGF u Mumbaju\"}]},{\"@type\":\"WebSite\",\"@id\":\"https:\/\/www.bgf.rs\/#website\",\"url\":\"https:\/\/www.bgf.rs\/\",\"name\":\"Beogradska filharmonija\",\"description\":\"Samo muzika - jer do\u017eivljaj nema cenu!\",\"potentialAction\":[{\"@type\":\"SearchAction\",\"target\":{\"@type\":\"EntryPoint\",\"urlTemplate\":\"https:\/\/www.bgf.rs\/?s={search_term_string}\"},\"query-input\":{\"@type\":\"PropertyValueSpecification\",\"valueRequired\":true,\"valueName\":\"search_term_string\"}}],\"inLanguage\":\"sr-RS\"},{\"@type\":\"Person\",\"@id\":\"https:\/\/www.bgf.rs\/#\/schema\/person\/60d9449f9258712254a02ae331444b0b\",\"name\":\"Petar\",\"image\":{\"@type\":\"ImageObject\",\"inLanguage\":\"sr-RS\",\"@id\":\"https:\/\/www.bgf.rs\/#\/schema\/person\/image\/\",\"url\":\"https:\/\/secure.gravatar.com\/avatar\/9ed0a4f8d9017f4faad4087d58438d000211662e0728fb57bdc56c94291a9ec1?s=96&d=mm&r=g\",\"contentUrl\":\"https:\/\/secure.gravatar.com\/avatar\/9ed0a4f8d9017f4faad4087d58438d000211662e0728fb57bdc56c94291a9ec1?s=96&d=mm&r=g\",\"caption\":\"Petar\"},\"url\":\"https:\/\/www.bgf.rs\/author\/petar\/\"}]}<\/script>\n<!-- \/ Yoast SEO plugin. -->","yoast_head_json":{"title":"Konferencija za medije: Mehta i BGF u Mumbaju | Beogradska filharmonija","robots":{"index":"index","follow":"follow","max-snippet":"max-snippet:-1","max-image-preview":"max-image-preview:large","max-video-preview":"max-video-preview:-1"},"canonical":"https:\/\/www.bgf.rs\/konferencija-za-medije-mehta-i-bgf-u-mumbaju\/","og_locale":"sr_RS","og_type":"article","og_title":"Konferencija za medije: Mehta i BGF u Mumbaju | Beogradska filharmonija","og_description":"Najavljen i nastup u Beogradu U Beogradskoj filharmoniji odr\u017eana je konferencija za medije povodom turneje Beogradske filharmonije u Indiji zajedno sa slavnim dirigentom Zubinom Mehtom, koja \u0107e se odr\u017eati od 11. do 17. januara 2026 u Mumbaju. Na konferenciji su govorile koncert-majstor Tijana Milo\u0161evi\u0107, urednice programa Asja Radonji\u0107 i Danica Maksimovi\u0107 i Jelena Mila\u0161inovi\u0107 PR [&hellip;]","og_url":"https:\/\/www.bgf.rs\/lt\/konferencija-za-medije-mehta-i-bgf-u-mumbaju\/","og_site_name":"Beogradska filharmonija","article_published_time":"2025-12-17T17:45:37+00:00","article_modified_time":"2025-12-17T17:48:21+00:00","og_image":[{"width":1170,"height":450,"url":"http:\/\/www.bgf.rs\/wp-content\/uploads\/2025\/12\/MDJ8533.webp","type":"image\/webp"}],"author":"Petar","twitter_card":"summary_large_image","twitter_creator":"@BGFilharmonija","twitter_site":"@BGFilharmonija","twitter_misc":{"\u041d\u0430\u043f\u0438\u0441\u0430\u043d\u043e \u043e\u0434":"Petar","\u041f\u0440\u043e\u0446\u0435\u045a\u0435\u043d\u043e \u0432\u0440\u0435\u043c\u0435 \u0447\u0438\u0442\u0430\u045a\u0430":"3 \u043c\u0438\u043d\u0443\u0442\u0430"},"schema":{"@context":"https:\/\/schema.org","@graph":[{"@type":"WebPage","@id":"https:\/\/www.bgf.rs\/lt\/konferencija-za-medije-mehta-i-bgf-u-mumbaju\/","url":"https:\/\/www.bgf.rs\/lt\/konferencija-za-medije-mehta-i-bgf-u-mumbaju\/","name":"Konferencija za medije: Mehta i BGF u Mumbaju | Beogradska filharmonija","isPartOf":{"@id":"https:\/\/www.bgf.rs\/#website"},"primaryImageOfPage":{"@id":"https:\/\/www.bgf.rs\/lt\/konferencija-za-medije-mehta-i-bgf-u-mumbaju\/#primaryimage"},"image":{"@id":"https:\/\/www.bgf.rs\/lt\/konferencija-za-medije-mehta-i-bgf-u-mumbaju\/#primaryimage"},"thumbnailUrl":"https:\/\/www.bgf.rs\/wp-content\/uploads\/2025\/12\/MDJ8533.webp","datePublished":"2025-12-17T17:45:37+00:00","dateModified":"2025-12-17T17:48:21+00:00","author":{"@id":"https:\/\/www.bgf.rs\/#\/schema\/person\/60d9449f9258712254a02ae331444b0b"},"breadcrumb":{"@id":"https:\/\/www.bgf.rs\/lt\/konferencija-za-medije-mehta-i-bgf-u-mumbaju\/#breadcrumb"},"inLanguage":"sr-RS","potentialAction":[{"@type":"ReadAction","target":["https:\/\/www.bgf.rs\/lt\/konferencija-za-medije-mehta-i-bgf-u-mumbaju\/"]}]},{"@type":"ImageObject","inLanguage":"sr-RS","@id":"https:\/\/www.bgf.rs\/lt\/konferencija-za-medije-mehta-i-bgf-u-mumbaju\/#primaryimage","url":"https:\/\/www.bgf.rs\/wp-content\/uploads\/2025\/12\/MDJ8533.webp","contentUrl":"https:\/\/www.bgf.rs\/wp-content\/uploads\/2025\/12\/MDJ8533.webp","width":1170,"height":450},{"@type":"BreadcrumbList","@id":"https:\/\/www.bgf.rs\/lt\/konferencija-za-medije-mehta-i-bgf-u-mumbaju\/#breadcrumb","itemListElement":[{"@type":"ListItem","position":1,"name":"Home","item":"https:\/\/www.bgf.rs\/"},{"@type":"ListItem","position":2,"name":"Konferencija za medije: Mehta i BGF u Mumbaju"}]},{"@type":"WebSite","@id":"https:\/\/www.bgf.rs\/#website","url":"https:\/\/www.bgf.rs\/","name":"Beogradska filharmonija","description":"Samo muzika - jer do\u017eivljaj nema cenu!","potentialAction":[{"@type":"SearchAction","target":{"@type":"EntryPoint","urlTemplate":"https:\/\/www.bgf.rs\/?s={search_term_string}"},"query-input":{"@type":"PropertyValueSpecification","valueRequired":true,"valueName":"search_term_string"}}],"inLanguage":"sr-RS"},{"@type":"Person","@id":"https:\/\/www.bgf.rs\/#\/schema\/person\/60d9449f9258712254a02ae331444b0b","name":"Petar","image":{"@type":"ImageObject","inLanguage":"sr-RS","@id":"https:\/\/www.bgf.rs\/#\/schema\/person\/image\/","url":"https:\/\/secure.gravatar.com\/avatar\/9ed0a4f8d9017f4faad4087d58438d000211662e0728fb57bdc56c94291a9ec1?s=96&d=mm&r=g","contentUrl":"https:\/\/secure.gravatar.com\/avatar\/9ed0a4f8d9017f4faad4087d58438d000211662e0728fb57bdc56c94291a9ec1?s=96&d=mm&r=g","caption":"Petar"},"url":"https:\/\/www.bgf.rs\/author\/petar\/"}]}},"_links":{"self":[{"href":"https:\/\/www.bgf.rs\/lt\/wp-json\/wp\/v2\/posts\/123309\/"}],"collection":[{"href":"https:\/\/www.bgf.rs\/lt\/wp-json\/wp\/v2\/posts\/"}],"about":[{"href":"https:\/\/www.bgf.rs\/lt\/wp-json\/wp\/v2\/types\/post\/"}],"author":[{"embeddable":true,"href":"https:\/\/www.bgf.rs\/lt\/wp-json\/wp\/v2\/users\/6\/"}],"replies":[{"embeddable":true,"href":"https:\/\/www.bgf.rs\/lt\/wp-json\/wp\/v2\/comments\/?post=123309"}],"version-history":[{"count":0,"href":"https:\/\/www.bgf.rs\/lt\/wp-json\/wp\/v2\/posts\/123309\/revisions\/"}],"wp:featuredmedia":[{"embeddable":true,"href":"https:\/\/www.bgf.rs\/lt\/wp-json\/wp\/v2\/media\/123308\/"}],"wp:attachment":[{"href":"https:\/\/www.bgf.rs\/lt\/wp-json\/wp\/v2\/media\/?parent=123309"}],"wp:term":[{"taxonomy":"category","embeddable":true,"href":"https:\/\/www.bgf.rs\/lt\/wp-json\/wp\/v2\/categories\/?post=123309"},{"taxonomy":"post_tag","embeddable":true,"href":"https:\/\/www.bgf.rs\/lt\/wp-json\/wp\/v2\/tags\/?post=123309"}],"curies":[{"name":"wp","href":"https:\/\/api.w.org\/{rel}","templated":true}]}}