{"id":119494,"date":"2025-06-03T12:17:40","date_gmt":"2025-06-03T11:17:40","guid":{"rendered":"https:\/\/www.bgf.rs\/?p=119494"},"modified":"2025-06-03T12:35:52","modified_gmt":"2025-06-03T11:35:52","slug":"izmene-u-finisu-svecano-zatvaranje-sezone-predvodi-moric-gnan","status":"publish","type":"post","link":"https:\/\/www.bgf.rs\/lt\/izmene-u-finisu-svecano-zatvaranje-sezone-predvodi-moric-gnan\/","title":{"rendered":"Izmene u fini\u0161u: Sve\u010dano zatvaranje sezone predvodi Moric Gnan"},"content":{"rendered":"<p><span style=\"font-weight: 400;\">Sve\u010dano zatvaranje koncertne sezone Beogradske filharmonije zakazano je za 6. jun 2025. godine u MTS dvorani (20\u010d) i to sa jednim od najistaknutijih muzi\u010dara dana\u0161njice \u2013 flautistom Emanuelom Pajijem.\u00a0<\/span><\/p>\n<p><span style=\"font-weight: 400;\">Umesto najavljenog \u0161efa-dirigenta Gabrijela Felca, orkestar predvodi Moric Gnan, a na programu su dela Buzonija, Dalbavija i Bruknera. Uz ogromno \u017ealjenje \u0161efa-dirigenta Gabrijela Felca, zdravstveni razlozi su ga spre\u010dili da odr\u017ei koncert. Umesto njega, u izuzetno kratkom roku odazvao se Moric Gnan, dirigent koji je ve\u0107 dobro poznat orkestru i publici.\u00a0<\/span><\/p>\n<p><span style=\"font-weight: 400;\">\u201cRadujem se neo\u010dekivanom nastupu sa sjajnom Beogradskom filharmonijom, orkestrom kojim sam uvek dirigovao sa velikim zadovoljstvom, a posebna je \u010dast nastupati na zatvaranju sezone ovako uglednog ansambla. Sa nestrpljenjem i\u0161\u010dekujem koncert uz rasko\u0161an program koji izvodimo zajedno sa velikim Emanuelom Pajijem kao solistom, a Gabrijelu Felcu \u017eelim brz oporavak\u201c, rekao je dirigent Moric Gnan.<\/span><\/p>\n<p><span style=\"font-weight: 400;\">Legendarni Emanuel Paji, jedan od najboljih flautista sveta, izvodi savremena dela za flautu Buzonija i Dalbavija. Pored toga \u0161to je njegova solisti\u010dka karijera impozantna, Emanuel Paji je decenijama i prvi flautista Berlinske filharmonije. Vrsni muzi\u010dar dobitnik je nagrade <\/span><i><span style=\"font-weight: 400;\">Leoni Soning<\/span><\/i><span style=\"font-weight: 400;\"> za muziku za 2024. godinu i po\u010dastvovan titulom Viteza iz Reda za umetnost i knji\u017eevnost. Sa Beogradskom filharmonijom je nastupao pre deset godina, a za mlade flautiste \u0107e odr\u017eati masterklas u Beogradskoj filharmoniji dan uo\u010di koncerta.<\/span><\/p>\n<p><span style=\"font-weight: 400;\">Program koncerta kojim se sve\u010dano zatvara filharmonijska sezona pod nazivom \u201cDo poslednjeg takta\u201d, kruni\u0161u pastoralni zvuci Bruknerove \u201cRomanti\u010dne\u201d, \u010cetvrte simfonije. Preostalo je jo\u0161 nekolicina ulaznica koje se mogu nabaviti na blagajni MTS Dvorane kao i onlajn putem veb-sajta <\/span><a href=\"https:\/\/www.mtsdvorana.rs\/projekcija?id=64040\"><span style=\"font-weight: 400;\">www.mtsdvorana.rs<\/span><\/a><span style=\"font-weight: 400;\">.<\/span><\/p>\n","protected":false},"excerpt":{"rendered":"<p>Sve\u010dano zatvaranje koncertne sezone Beogradske filharmonije zakazano je za 6. jun 2025. godine u MTS dvorani (20\u010d) i to sa jednim od najistaknutijih muzi\u010dara dana\u0161njice \u2013 flautistom Emanuelom Pajijem.\u00a0 Umesto najavljenog \u0161efa-dirigenta Gabrijela Felca, orkestar predvodi Moric Gnan, a na programu su dela Buzonija, Dalbavija i Bruknera. Uz ogromno \u017ealjenje \u0161efa-dirigenta Gabrijela Felca, zdravstveni razlozi [&hellip;]<\/p>\n","protected":false},"author":6,"featured_media":119493,"comment_status":"closed","ping_status":"open","sticky":false,"template":"","format":"standard","meta":{"_acf_changed":false,"footnotes":""},"categories":[113],"tags":[],"class_list":["post-119494","post","type-post","status-publish","format-standard","has-post-thumbnail","hentry","category-news-lt"],"acf":[],"yoast_head":"<!-- This site is optimized with the Yoast SEO plugin v23.4 - https:\/\/yoast.com\/wordpress\/plugins\/seo\/ -->\n<title>Izmene u fini\u0161u: Sve\u010dano zatvaranje sezone predvodi Moric Gnan | Beogradska filharmonija<\/title>\n<meta name=\"robots\" content=\"index, follow, max-snippet:-1, max-image-preview:large, max-video-preview:-1\" \/>\n<link rel=\"canonical\" href=\"https:\/\/www.bgf.rs\/izmene-u-finisu-svecano-zatvaranje-sezone-predvodi-moric-gnan\/\" \/>\n<meta property=\"og:locale\" content=\"sr_RS\" \/>\n<meta property=\"og:type\" content=\"article\" \/>\n<meta property=\"og:title\" content=\"Izmene u fini\u0161u: Sve\u010dano zatvaranje sezone predvodi Moric Gnan | Beogradska filharmonija\" \/>\n<meta property=\"og:description\" content=\"Sve\u010dano zatvaranje koncertne sezone Beogradske filharmonije zakazano je za 6. jun 2025. godine u MTS dvorani (20\u010d) i to sa jednim od najistaknutijih muzi\u010dara dana\u0161njice \u2013 flautistom Emanuelom Pajijem.\u00a0 Umesto najavljenog \u0161efa-dirigenta Gabrijela Felca, orkestar predvodi Moric Gnan, a na programu su dela Buzonija, Dalbavija i Bruknera. Uz ogromno \u017ealjenje \u0161efa-dirigenta Gabrijela Felca, zdravstveni razlozi [&hellip;]\" \/>\n<meta property=\"og:url\" content=\"https:\/\/www.bgf.rs\/lt\/izmene-u-finisu-svecano-zatvaranje-sezone-predvodi-moric-gnan\/\" \/>\n<meta property=\"og:site_name\" content=\"Beogradska filharmonija\" \/>\n<meta property=\"article:published_time\" content=\"2025-06-03T11:17:40+00:00\" \/>\n<meta property=\"article:modified_time\" content=\"2025-06-03T11:35:52+00:00\" \/>\n<meta property=\"og:image\" content=\"http:\/\/www.bgf.rs\/wp-content\/uploads\/2025\/06\/Moric-Gnan-za-sajt.webp\" \/>\n\t<meta property=\"og:image:width\" content=\"1140\" \/>\n\t<meta property=\"og:image:height\" content=\"555\" \/>\n\t<meta property=\"og:image:type\" content=\"image\/webp\" \/>\n<meta name=\"author\" content=\"Petar\" \/>\n<meta name=\"twitter:card\" content=\"summary_large_image\" \/>\n<meta name=\"twitter:title\" content=\"Izmene u fini\u0161u sezone: Sve\u010dano zatvaranje predvodi Moric Gnan\" \/>\n<meta name=\"twitter:description\" content=\"Sve\u010dano zatvaranje koncertne sezone Beogradske filharmonije zakazano je za 6. jun 2025. godine u MTS dvorani (20\u010d) i to sa jednim od najistaknutijih muzi\u010dara dana\u0161njice \u2013 flautistom Emanuelom Pajijem.\" \/>\n<meta name=\"twitter:image\" content=\"https:\/\/www.bgf.rs\/wp-content\/uploads\/2025\/06\/Moric-Gnan-za-sajt.webp\" \/>\n<meta name=\"twitter:creator\" content=\"@BGFilharmonija\" \/>\n<meta name=\"twitter:site\" content=\"@BGFilharmonija\" \/>\n<meta name=\"twitter:label1\" content=\"\u041d\u0430\u043f\u0438\u0441\u0430\u043d\u043e \u043e\u0434\" \/>\n\t<meta name=\"twitter:data1\" content=\"Petar\" \/>\n\t<meta name=\"twitter:label2\" content=\"\u041f\u0440\u043e\u0446\u0435\u045a\u0435\u043d\u043e \u0432\u0440\u0435\u043c\u0435 \u0447\u0438\u0442\u0430\u045a\u0430\" \/>\n\t<meta name=\"twitter:data2\" content=\"2 \u043c\u0438\u043d\u0443\u0442\u0430\" \/>\n<script type=\"application\/ld+json\" class=\"yoast-schema-graph\">{\"@context\":\"https:\/\/schema.org\",\"@graph\":[{\"@type\":\"WebPage\",\"@id\":\"https:\/\/www.bgf.rs\/lt\/izmene-u-finisu-svecano-zatvaranje-sezone-predvodi-moric-gnan\/\",\"url\":\"https:\/\/www.bgf.rs\/lt\/izmene-u-finisu-svecano-zatvaranje-sezone-predvodi-moric-gnan\/\",\"name\":\"Izmene u fini\u0161u: Sve\u010dano zatvaranje sezone predvodi Moric Gnan | Beogradska filharmonija\",\"isPartOf\":{\"@id\":\"https:\/\/www.bgf.rs\/#website\"},\"primaryImageOfPage\":{\"@id\":\"https:\/\/www.bgf.rs\/lt\/izmene-u-finisu-svecano-zatvaranje-sezone-predvodi-moric-gnan\/#primaryimage\"},\"image\":{\"@id\":\"https:\/\/www.bgf.rs\/lt\/izmene-u-finisu-svecano-zatvaranje-sezone-predvodi-moric-gnan\/#primaryimage\"},\"thumbnailUrl\":\"https:\/\/www.bgf.rs\/wp-content\/uploads\/2025\/06\/Moric-Gnan-za-sajt.webp\",\"datePublished\":\"2025-06-03T11:17:40+00:00\",\"dateModified\":\"2025-06-03T11:35:52+00:00\",\"author\":{\"@id\":\"https:\/\/www.bgf.rs\/#\/schema\/person\/60d9449f9258712254a02ae331444b0b\"},\"breadcrumb\":{\"@id\":\"https:\/\/www.bgf.rs\/lt\/izmene-u-finisu-svecano-zatvaranje-sezone-predvodi-moric-gnan\/#breadcrumb\"},\"inLanguage\":\"sr-RS\",\"potentialAction\":[{\"@type\":\"ReadAction\",\"target\":[\"https:\/\/www.bgf.rs\/lt\/izmene-u-finisu-svecano-zatvaranje-sezone-predvodi-moric-gnan\/\"]}]},{\"@type\":\"ImageObject\",\"inLanguage\":\"sr-RS\",\"@id\":\"https:\/\/www.bgf.rs\/lt\/izmene-u-finisu-svecano-zatvaranje-sezone-predvodi-moric-gnan\/#primaryimage\",\"url\":\"https:\/\/www.bgf.rs\/wp-content\/uploads\/2025\/06\/Moric-Gnan-za-sajt.webp\",\"contentUrl\":\"https:\/\/www.bgf.rs\/wp-content\/uploads\/2025\/06\/Moric-Gnan-za-sajt.webp\",\"width\":1140,\"height\":555},{\"@type\":\"BreadcrumbList\",\"@id\":\"https:\/\/www.bgf.rs\/lt\/izmene-u-finisu-svecano-zatvaranje-sezone-predvodi-moric-gnan\/#breadcrumb\",\"itemListElement\":[{\"@type\":\"ListItem\",\"position\":1,\"name\":\"Home\",\"item\":\"https:\/\/www.bgf.rs\/\"},{\"@type\":\"ListItem\",\"position\":2,\"name\":\"Izmene u fini\u0161u: Sve\u010dano zatvaranje sezone predvodi Moric Gnan\"}]},{\"@type\":\"WebSite\",\"@id\":\"https:\/\/www.bgf.rs\/#website\",\"url\":\"https:\/\/www.bgf.rs\/\",\"name\":\"Beogradska filharmonija\",\"description\":\"Samo muzika - jer do\u017eivljaj nema cenu!\",\"potentialAction\":[{\"@type\":\"SearchAction\",\"target\":{\"@type\":\"EntryPoint\",\"urlTemplate\":\"https:\/\/www.bgf.rs\/?s={search_term_string}\"},\"query-input\":{\"@type\":\"PropertyValueSpecification\",\"valueRequired\":true,\"valueName\":\"search_term_string\"}}],\"inLanguage\":\"sr-RS\"},{\"@type\":\"Person\",\"@id\":\"https:\/\/www.bgf.rs\/#\/schema\/person\/60d9449f9258712254a02ae331444b0b\",\"name\":\"Petar\",\"image\":{\"@type\":\"ImageObject\",\"inLanguage\":\"sr-RS\",\"@id\":\"https:\/\/www.bgf.rs\/#\/schema\/person\/image\/\",\"url\":\"https:\/\/secure.gravatar.com\/avatar\/9ed0a4f8d9017f4faad4087d58438d000211662e0728fb57bdc56c94291a9ec1?s=96&d=mm&r=g\",\"contentUrl\":\"https:\/\/secure.gravatar.com\/avatar\/9ed0a4f8d9017f4faad4087d58438d000211662e0728fb57bdc56c94291a9ec1?s=96&d=mm&r=g\",\"caption\":\"Petar\"},\"url\":\"https:\/\/www.bgf.rs\/author\/petar\/\"}]}<\/script>\n<!-- \/ Yoast SEO plugin. -->","yoast_head_json":{"title":"Izmene u fini\u0161u: Sve\u010dano zatvaranje sezone predvodi Moric Gnan | Beogradska filharmonija","robots":{"index":"index","follow":"follow","max-snippet":"max-snippet:-1","max-image-preview":"max-image-preview:large","max-video-preview":"max-video-preview:-1"},"canonical":"https:\/\/www.bgf.rs\/izmene-u-finisu-svecano-zatvaranje-sezone-predvodi-moric-gnan\/","og_locale":"sr_RS","og_type":"article","og_title":"Izmene u fini\u0161u: Sve\u010dano zatvaranje sezone predvodi Moric Gnan | Beogradska filharmonija","og_description":"Sve\u010dano zatvaranje koncertne sezone Beogradske filharmonije zakazano je za 6. jun 2025. godine u MTS dvorani (20\u010d) i to sa jednim od najistaknutijih muzi\u010dara dana\u0161njice \u2013 flautistom Emanuelom Pajijem.\u00a0 Umesto najavljenog \u0161efa-dirigenta Gabrijela Felca, orkestar predvodi Moric Gnan, a na programu su dela Buzonija, Dalbavija i Bruknera. Uz ogromno \u017ealjenje \u0161efa-dirigenta Gabrijela Felca, zdravstveni razlozi [&hellip;]","og_url":"https:\/\/www.bgf.rs\/lt\/izmene-u-finisu-svecano-zatvaranje-sezone-predvodi-moric-gnan\/","og_site_name":"Beogradska filharmonija","article_published_time":"2025-06-03T11:17:40+00:00","article_modified_time":"2025-06-03T11:35:52+00:00","og_image":[{"width":1140,"height":555,"url":"http:\/\/www.bgf.rs\/wp-content\/uploads\/2025\/06\/Moric-Gnan-za-sajt.webp","type":"image\/webp"}],"author":"Petar","twitter_card":"summary_large_image","twitter_title":"Izmene u fini\u0161u sezone: Sve\u010dano zatvaranje predvodi Moric Gnan","twitter_description":"Sve\u010dano zatvaranje koncertne sezone Beogradske filharmonije zakazano je za 6. jun 2025. godine u MTS dvorani (20\u010d) i to sa jednim od najistaknutijih muzi\u010dara dana\u0161njice \u2013 flautistom Emanuelom Pajijem.","twitter_image":"https:\/\/www.bgf.rs\/wp-content\/uploads\/2025\/06\/Moric-Gnan-za-sajt.webp","twitter_creator":"@BGFilharmonija","twitter_site":"@BGFilharmonija","twitter_misc":{"\u041d\u0430\u043f\u0438\u0441\u0430\u043d\u043e \u043e\u0434":"Petar","\u041f\u0440\u043e\u0446\u0435\u045a\u0435\u043d\u043e \u0432\u0440\u0435\u043c\u0435 \u0447\u0438\u0442\u0430\u045a\u0430":"2 \u043c\u0438\u043d\u0443\u0442\u0430"},"schema":{"@context":"https:\/\/schema.org","@graph":[{"@type":"WebPage","@id":"https:\/\/www.bgf.rs\/lt\/izmene-u-finisu-svecano-zatvaranje-sezone-predvodi-moric-gnan\/","url":"https:\/\/www.bgf.rs\/lt\/izmene-u-finisu-svecano-zatvaranje-sezone-predvodi-moric-gnan\/","name":"Izmene u fini\u0161u: Sve\u010dano zatvaranje sezone predvodi Moric Gnan | Beogradska filharmonija","isPartOf":{"@id":"https:\/\/www.bgf.rs\/#website"},"primaryImageOfPage":{"@id":"https:\/\/www.bgf.rs\/lt\/izmene-u-finisu-svecano-zatvaranje-sezone-predvodi-moric-gnan\/#primaryimage"},"image":{"@id":"https:\/\/www.bgf.rs\/lt\/izmene-u-finisu-svecano-zatvaranje-sezone-predvodi-moric-gnan\/#primaryimage"},"thumbnailUrl":"https:\/\/www.bgf.rs\/wp-content\/uploads\/2025\/06\/Moric-Gnan-za-sajt.webp","datePublished":"2025-06-03T11:17:40+00:00","dateModified":"2025-06-03T11:35:52+00:00","author":{"@id":"https:\/\/www.bgf.rs\/#\/schema\/person\/60d9449f9258712254a02ae331444b0b"},"breadcrumb":{"@id":"https:\/\/www.bgf.rs\/lt\/izmene-u-finisu-svecano-zatvaranje-sezone-predvodi-moric-gnan\/#breadcrumb"},"inLanguage":"sr-RS","potentialAction":[{"@type":"ReadAction","target":["https:\/\/www.bgf.rs\/lt\/izmene-u-finisu-svecano-zatvaranje-sezone-predvodi-moric-gnan\/"]}]},{"@type":"ImageObject","inLanguage":"sr-RS","@id":"https:\/\/www.bgf.rs\/lt\/izmene-u-finisu-svecano-zatvaranje-sezone-predvodi-moric-gnan\/#primaryimage","url":"https:\/\/www.bgf.rs\/wp-content\/uploads\/2025\/06\/Moric-Gnan-za-sajt.webp","contentUrl":"https:\/\/www.bgf.rs\/wp-content\/uploads\/2025\/06\/Moric-Gnan-za-sajt.webp","width":1140,"height":555},{"@type":"BreadcrumbList","@id":"https:\/\/www.bgf.rs\/lt\/izmene-u-finisu-svecano-zatvaranje-sezone-predvodi-moric-gnan\/#breadcrumb","itemListElement":[{"@type":"ListItem","position":1,"name":"Home","item":"https:\/\/www.bgf.rs\/"},{"@type":"ListItem","position":2,"name":"Izmene u fini\u0161u: Sve\u010dano zatvaranje sezone predvodi Moric Gnan"}]},{"@type":"WebSite","@id":"https:\/\/www.bgf.rs\/#website","url":"https:\/\/www.bgf.rs\/","name":"Beogradska filharmonija","description":"Samo muzika - jer do\u017eivljaj nema cenu!","potentialAction":[{"@type":"SearchAction","target":{"@type":"EntryPoint","urlTemplate":"https:\/\/www.bgf.rs\/?s={search_term_string}"},"query-input":{"@type":"PropertyValueSpecification","valueRequired":true,"valueName":"search_term_string"}}],"inLanguage":"sr-RS"},{"@type":"Person","@id":"https:\/\/www.bgf.rs\/#\/schema\/person\/60d9449f9258712254a02ae331444b0b","name":"Petar","image":{"@type":"ImageObject","inLanguage":"sr-RS","@id":"https:\/\/www.bgf.rs\/#\/schema\/person\/image\/","url":"https:\/\/secure.gravatar.com\/avatar\/9ed0a4f8d9017f4faad4087d58438d000211662e0728fb57bdc56c94291a9ec1?s=96&d=mm&r=g","contentUrl":"https:\/\/secure.gravatar.com\/avatar\/9ed0a4f8d9017f4faad4087d58438d000211662e0728fb57bdc56c94291a9ec1?s=96&d=mm&r=g","caption":"Petar"},"url":"https:\/\/www.bgf.rs\/author\/petar\/"}]}},"_links":{"self":[{"href":"https:\/\/www.bgf.rs\/lt\/wp-json\/wp\/v2\/posts\/119494\/"}],"collection":[{"href":"https:\/\/www.bgf.rs\/lt\/wp-json\/wp\/v2\/posts\/"}],"about":[{"href":"https:\/\/www.bgf.rs\/lt\/wp-json\/wp\/v2\/types\/post\/"}],"author":[{"embeddable":true,"href":"https:\/\/www.bgf.rs\/lt\/wp-json\/wp\/v2\/users\/6\/"}],"replies":[{"embeddable":true,"href":"https:\/\/www.bgf.rs\/lt\/wp-json\/wp\/v2\/comments\/?post=119494"}],"version-history":[{"count":0,"href":"https:\/\/www.bgf.rs\/lt\/wp-json\/wp\/v2\/posts\/119494\/revisions\/"}],"wp:featuredmedia":[{"embeddable":true,"href":"https:\/\/www.bgf.rs\/lt\/wp-json\/wp\/v2\/media\/119493\/"}],"wp:attachment":[{"href":"https:\/\/www.bgf.rs\/lt\/wp-json\/wp\/v2\/media\/?parent=119494"}],"wp:term":[{"taxonomy":"category","embeddable":true,"href":"https:\/\/www.bgf.rs\/lt\/wp-json\/wp\/v2\/categories\/?post=119494"},{"taxonomy":"post_tag","embeddable":true,"href":"https:\/\/www.bgf.rs\/lt\/wp-json\/wp\/v2\/tags\/?post=119494"}],"curies":[{"name":"wp","href":"https:\/\/api.w.org\/{rel}","templated":true}]}}