{"id":108621,"date":"2024-03-11T13:26:49","date_gmt":"2024-03-11T12:26:49","guid":{"rendered":"https:\/\/www.bgf.rs\/?p=108621"},"modified":"2024-03-18T13:27:31","modified_gmt":"2024-03-18T12:27:31","slug":"poslednji-koncerti-za-bebe-u-ovoj-filharmonijskoj-sezoni","status":"publish","type":"post","link":"https:\/\/www.bgf.rs\/lt\/poslednji-koncerti-za-bebe-u-ovoj-filharmonijskoj-sezoni\/","title":{"rendered":"Poslednji koncerti za bebe u ovoj filharmonijskoj sezoni"},"content":{"rendered":"<p><span style=\"font-weight: 400;\">Najpopularniji filharmonijski program &#8211; koncerti za bebe, odr\u017eavaju se poslednji put u teku\u0107oj orkestarskoj sezoni, od 11. do 15. marta, od 11 i 12.30 u Sali Beogradske filharmonije.<\/span><\/p>\n<p><span style=\"font-weight: 400;\">Za najmla\u0111u publiku uzrasta 0-2 godine, orkestar izvodi najlep\u0161e valcere zajedno sa mladim dirigentom Vukom Wolkov-Popovi\u0107em. U dobro poznatoj muzi\u010dkoj igraonici u koju se pretvara sala Filharmonije, bebe i njihovi roditelji u\u017eivaju u spletu najlep\u0161ih valcera koje za njih izvodi filharmonijski orkestar.\u00a0<\/span><\/p>\n<p><span style=\"font-weight: 400;\">Ve\u0107 \u0161est sezona, koncerti\u0107i za bebe su najpopularniji program Beogradske filharmonije za \u010dije ulaznice uvek vlada ogromno interesovanje. Tokom ove sezone Filharmonija je priredila \u010detiri ciklusa za najmla\u0111e, a za nove drugare i one koji ne prerastu bebe\u0107i uzrast, najavljuje se novi repertoar u narednoj sezoni.<\/span><\/p>\n<p><span style=\"font-weight: 400;\">Koncerti za bebe su samo jedna od brojnih edukativnih aktivnosti koju Filharmonija organizuje za decu razli\u010ditih uzrasta. Tako \u0107e od 20 \u2013 29. marta 2024. godine izvesti program \u201eNacrtani orkestar\u201c za decu pred\u0161kolskog uzrasta.<\/span><\/p>\n","protected":false},"excerpt":{"rendered":"<p>Najpopularniji filharmonijski program &#8211; koncerti za bebe, odr\u017eavaju se poslednji put u teku\u0107oj orkestarskoj sezoni, od 11. do 15. marta, od 11 i 12.30 u Sali Beogradske filharmonije. Za najmla\u0111u publiku uzrasta 0-2 godine, orkestar izvodi najlep\u0161e valcere zajedno sa mladim dirigentom Vukom Wolkov-Popovi\u0107em. U dobro poznatoj muzi\u010dkoj igraonici u koju se pretvara sala Filharmonije, [&hellip;]<\/p>\n","protected":false},"author":6,"featured_media":108620,"comment_status":"open","ping_status":"open","sticky":false,"template":"","format":"standard","meta":{"_acf_changed":false,"footnotes":""},"categories":[113],"tags":[],"class_list":["post-108621","post","type-post","status-publish","format-standard","has-post-thumbnail","hentry","category-news-lt"],"acf":[],"yoast_head":"<!-- This site is optimized with the Yoast SEO plugin v23.4 - https:\/\/yoast.com\/wordpress\/plugins\/seo\/ -->\n<title>Poslednji koncerti za bebe u ovoj filharmonijskoj sezoni | Beogradska filharmonija<\/title>\n<meta name=\"robots\" content=\"index, follow, max-snippet:-1, max-image-preview:large, max-video-preview:-1\" \/>\n<link rel=\"canonical\" href=\"https:\/\/www.bgf.rs\/poslednji-koncerti-za-bebe-u-ovoj-filharmonijskoj-sezoni\/\" \/>\n<meta property=\"og:locale\" content=\"sr_RS\" \/>\n<meta property=\"og:type\" content=\"article\" \/>\n<meta property=\"og:title\" content=\"Poslednji koncerti za bebe u ovoj filharmonijskoj sezoni | Beogradska filharmonija\" \/>\n<meta property=\"og:description\" content=\"Najpopularniji filharmonijski program &#8211; koncerti za bebe, odr\u017eavaju se poslednji put u teku\u0107oj orkestarskoj sezoni, od 11. do 15. marta, od 11 i 12.30 u Sali Beogradske filharmonije. Za najmla\u0111u publiku uzrasta 0-2 godine, orkestar izvodi najlep\u0161e valcere zajedno sa mladim dirigentom Vukom Wolkov-Popovi\u0107em. U dobro poznatoj muzi\u010dkoj igraonici u koju se pretvara sala Filharmonije, [&hellip;]\" \/>\n<meta property=\"og:url\" content=\"https:\/\/www.bgf.rs\/lt\/poslednji-koncerti-za-bebe-u-ovoj-filharmonijskoj-sezoni\/\" \/>\n<meta property=\"og:site_name\" content=\"Beogradska filharmonija\" \/>\n<meta property=\"article:published_time\" content=\"2024-03-11T12:26:49+00:00\" \/>\n<meta property=\"article:modified_time\" content=\"2024-03-18T12:27:31+00:00\" \/>\n<meta property=\"og:image\" content=\"http:\/\/www.bgf.rs\/wp-content\/uploads\/2024\/03\/MDJ354700-koncerti-za-bebe.jpg\" \/>\n\t<meta property=\"og:image:width\" content=\"1170\" \/>\n\t<meta property=\"og:image:height\" content=\"780\" \/>\n\t<meta property=\"og:image:type\" content=\"image\/jpeg\" \/>\n<meta name=\"author\" content=\"Petar\" \/>\n<meta name=\"twitter:card\" content=\"summary_large_image\" \/>\n<meta name=\"twitter:creator\" content=\"@BGFilharmonija\" \/>\n<meta name=\"twitter:site\" content=\"@BGFilharmonija\" \/>\n<meta name=\"twitter:label1\" content=\"\u041d\u0430\u043f\u0438\u0441\u0430\u043d\u043e \u043e\u0434\" \/>\n\t<meta name=\"twitter:data1\" content=\"Petar\" \/>\n\t<meta name=\"twitter:label2\" content=\"\u041f\u0440\u043e\u0446\u0435\u045a\u0435\u043d\u043e \u0432\u0440\u0435\u043c\u0435 \u0447\u0438\u0442\u0430\u045a\u0430\" \/>\n\t<meta name=\"twitter:data2\" content=\"1 \u043c\u0438\u043d\u0443\u0442\" \/>\n<script type=\"application\/ld+json\" class=\"yoast-schema-graph\">{\"@context\":\"https:\/\/schema.org\",\"@graph\":[{\"@type\":\"WebPage\",\"@id\":\"https:\/\/www.bgf.rs\/lt\/poslednji-koncerti-za-bebe-u-ovoj-filharmonijskoj-sezoni\/\",\"url\":\"https:\/\/www.bgf.rs\/lt\/poslednji-koncerti-za-bebe-u-ovoj-filharmonijskoj-sezoni\/\",\"name\":\"Poslednji koncerti za bebe u ovoj filharmonijskoj sezoni | Beogradska filharmonija\",\"isPartOf\":{\"@id\":\"https:\/\/www.bgf.rs\/#website\"},\"primaryImageOfPage\":{\"@id\":\"https:\/\/www.bgf.rs\/lt\/poslednji-koncerti-za-bebe-u-ovoj-filharmonijskoj-sezoni\/#primaryimage\"},\"image\":{\"@id\":\"https:\/\/www.bgf.rs\/lt\/poslednji-koncerti-za-bebe-u-ovoj-filharmonijskoj-sezoni\/#primaryimage\"},\"thumbnailUrl\":\"https:\/\/www.bgf.rs\/wp-content\/uploads\/2024\/03\/MDJ354700-koncerti-za-bebe.jpg\",\"datePublished\":\"2024-03-11T12:26:49+00:00\",\"dateModified\":\"2024-03-18T12:27:31+00:00\",\"author\":{\"@id\":\"https:\/\/www.bgf.rs\/#\/schema\/person\/60d9449f9258712254a02ae331444b0b\"},\"breadcrumb\":{\"@id\":\"https:\/\/www.bgf.rs\/lt\/poslednji-koncerti-za-bebe-u-ovoj-filharmonijskoj-sezoni\/#breadcrumb\"},\"inLanguage\":\"sr-RS\",\"potentialAction\":[{\"@type\":\"ReadAction\",\"target\":[\"https:\/\/www.bgf.rs\/lt\/poslednji-koncerti-za-bebe-u-ovoj-filharmonijskoj-sezoni\/\"]}]},{\"@type\":\"ImageObject\",\"inLanguage\":\"sr-RS\",\"@id\":\"https:\/\/www.bgf.rs\/lt\/poslednji-koncerti-za-bebe-u-ovoj-filharmonijskoj-sezoni\/#primaryimage\",\"url\":\"https:\/\/www.bgf.rs\/wp-content\/uploads\/2024\/03\/MDJ354700-koncerti-za-bebe.jpg\",\"contentUrl\":\"https:\/\/www.bgf.rs\/wp-content\/uploads\/2024\/03\/MDJ354700-koncerti-za-bebe.jpg\",\"width\":1170,\"height\":780},{\"@type\":\"BreadcrumbList\",\"@id\":\"https:\/\/www.bgf.rs\/lt\/poslednji-koncerti-za-bebe-u-ovoj-filharmonijskoj-sezoni\/#breadcrumb\",\"itemListElement\":[{\"@type\":\"ListItem\",\"position\":1,\"name\":\"Home\",\"item\":\"https:\/\/www.bgf.rs\/\"},{\"@type\":\"ListItem\",\"position\":2,\"name\":\"Poslednji koncerti za bebe u ovoj filharmonijskoj sezoni\"}]},{\"@type\":\"WebSite\",\"@id\":\"https:\/\/www.bgf.rs\/#website\",\"url\":\"https:\/\/www.bgf.rs\/\",\"name\":\"Beogradska filharmonija\",\"description\":\"Samo muzika - jer do\u017eivljaj nema cenu!\",\"potentialAction\":[{\"@type\":\"SearchAction\",\"target\":{\"@type\":\"EntryPoint\",\"urlTemplate\":\"https:\/\/www.bgf.rs\/?s={search_term_string}\"},\"query-input\":{\"@type\":\"PropertyValueSpecification\",\"valueRequired\":true,\"valueName\":\"search_term_string\"}}],\"inLanguage\":\"sr-RS\"},{\"@type\":\"Person\",\"@id\":\"https:\/\/www.bgf.rs\/#\/schema\/person\/60d9449f9258712254a02ae331444b0b\",\"name\":\"Petar\",\"image\":{\"@type\":\"ImageObject\",\"inLanguage\":\"sr-RS\",\"@id\":\"https:\/\/www.bgf.rs\/#\/schema\/person\/image\/\",\"url\":\"https:\/\/secure.gravatar.com\/avatar\/9ed0a4f8d9017f4faad4087d58438d000211662e0728fb57bdc56c94291a9ec1?s=96&d=mm&r=g\",\"contentUrl\":\"https:\/\/secure.gravatar.com\/avatar\/9ed0a4f8d9017f4faad4087d58438d000211662e0728fb57bdc56c94291a9ec1?s=96&d=mm&r=g\",\"caption\":\"Petar\"},\"url\":\"https:\/\/www.bgf.rs\/author\/petar\/\"}]}<\/script>\n<!-- \/ Yoast SEO plugin. -->","yoast_head_json":{"title":"Poslednji koncerti za bebe u ovoj filharmonijskoj sezoni | Beogradska filharmonija","robots":{"index":"index","follow":"follow","max-snippet":"max-snippet:-1","max-image-preview":"max-image-preview:large","max-video-preview":"max-video-preview:-1"},"canonical":"https:\/\/www.bgf.rs\/poslednji-koncerti-za-bebe-u-ovoj-filharmonijskoj-sezoni\/","og_locale":"sr_RS","og_type":"article","og_title":"Poslednji koncerti za bebe u ovoj filharmonijskoj sezoni | Beogradska filharmonija","og_description":"Najpopularniji filharmonijski program &#8211; koncerti za bebe, odr\u017eavaju se poslednji put u teku\u0107oj orkestarskoj sezoni, od 11. do 15. marta, od 11 i 12.30 u Sali Beogradske filharmonije. Za najmla\u0111u publiku uzrasta 0-2 godine, orkestar izvodi najlep\u0161e valcere zajedno sa mladim dirigentom Vukom Wolkov-Popovi\u0107em. U dobro poznatoj muzi\u010dkoj igraonici u koju se pretvara sala Filharmonije, [&hellip;]","og_url":"https:\/\/www.bgf.rs\/lt\/poslednji-koncerti-za-bebe-u-ovoj-filharmonijskoj-sezoni\/","og_site_name":"Beogradska filharmonija","article_published_time":"2024-03-11T12:26:49+00:00","article_modified_time":"2024-03-18T12:27:31+00:00","og_image":[{"width":1170,"height":780,"url":"http:\/\/www.bgf.rs\/wp-content\/uploads\/2024\/03\/MDJ354700-koncerti-za-bebe.jpg","type":"image\/jpeg"}],"author":"Petar","twitter_card":"summary_large_image","twitter_creator":"@BGFilharmonija","twitter_site":"@BGFilharmonija","twitter_misc":{"\u041d\u0430\u043f\u0438\u0441\u0430\u043d\u043e \u043e\u0434":"Petar","\u041f\u0440\u043e\u0446\u0435\u045a\u0435\u043d\u043e \u0432\u0440\u0435\u043c\u0435 \u0447\u0438\u0442\u0430\u045a\u0430":"1 \u043c\u0438\u043d\u0443\u0442"},"schema":{"@context":"https:\/\/schema.org","@graph":[{"@type":"WebPage","@id":"https:\/\/www.bgf.rs\/lt\/poslednji-koncerti-za-bebe-u-ovoj-filharmonijskoj-sezoni\/","url":"https:\/\/www.bgf.rs\/lt\/poslednji-koncerti-za-bebe-u-ovoj-filharmonijskoj-sezoni\/","name":"Poslednji koncerti za bebe u ovoj filharmonijskoj sezoni | Beogradska filharmonija","isPartOf":{"@id":"https:\/\/www.bgf.rs\/#website"},"primaryImageOfPage":{"@id":"https:\/\/www.bgf.rs\/lt\/poslednji-koncerti-za-bebe-u-ovoj-filharmonijskoj-sezoni\/#primaryimage"},"image":{"@id":"https:\/\/www.bgf.rs\/lt\/poslednji-koncerti-za-bebe-u-ovoj-filharmonijskoj-sezoni\/#primaryimage"},"thumbnailUrl":"https:\/\/www.bgf.rs\/wp-content\/uploads\/2024\/03\/MDJ354700-koncerti-za-bebe.jpg","datePublished":"2024-03-11T12:26:49+00:00","dateModified":"2024-03-18T12:27:31+00:00","author":{"@id":"https:\/\/www.bgf.rs\/#\/schema\/person\/60d9449f9258712254a02ae331444b0b"},"breadcrumb":{"@id":"https:\/\/www.bgf.rs\/lt\/poslednji-koncerti-za-bebe-u-ovoj-filharmonijskoj-sezoni\/#breadcrumb"},"inLanguage":"sr-RS","potentialAction":[{"@type":"ReadAction","target":["https:\/\/www.bgf.rs\/lt\/poslednji-koncerti-za-bebe-u-ovoj-filharmonijskoj-sezoni\/"]}]},{"@type":"ImageObject","inLanguage":"sr-RS","@id":"https:\/\/www.bgf.rs\/lt\/poslednji-koncerti-za-bebe-u-ovoj-filharmonijskoj-sezoni\/#primaryimage","url":"https:\/\/www.bgf.rs\/wp-content\/uploads\/2024\/03\/MDJ354700-koncerti-za-bebe.jpg","contentUrl":"https:\/\/www.bgf.rs\/wp-content\/uploads\/2024\/03\/MDJ354700-koncerti-za-bebe.jpg","width":1170,"height":780},{"@type":"BreadcrumbList","@id":"https:\/\/www.bgf.rs\/lt\/poslednji-koncerti-za-bebe-u-ovoj-filharmonijskoj-sezoni\/#breadcrumb","itemListElement":[{"@type":"ListItem","position":1,"name":"Home","item":"https:\/\/www.bgf.rs\/"},{"@type":"ListItem","position":2,"name":"Poslednji koncerti za bebe u ovoj filharmonijskoj sezoni"}]},{"@type":"WebSite","@id":"https:\/\/www.bgf.rs\/#website","url":"https:\/\/www.bgf.rs\/","name":"Beogradska filharmonija","description":"Samo muzika - jer do\u017eivljaj nema cenu!","potentialAction":[{"@type":"SearchAction","target":{"@type":"EntryPoint","urlTemplate":"https:\/\/www.bgf.rs\/?s={search_term_string}"},"query-input":{"@type":"PropertyValueSpecification","valueRequired":true,"valueName":"search_term_string"}}],"inLanguage":"sr-RS"},{"@type":"Person","@id":"https:\/\/www.bgf.rs\/#\/schema\/person\/60d9449f9258712254a02ae331444b0b","name":"Petar","image":{"@type":"ImageObject","inLanguage":"sr-RS","@id":"https:\/\/www.bgf.rs\/#\/schema\/person\/image\/","url":"https:\/\/secure.gravatar.com\/avatar\/9ed0a4f8d9017f4faad4087d58438d000211662e0728fb57bdc56c94291a9ec1?s=96&d=mm&r=g","contentUrl":"https:\/\/secure.gravatar.com\/avatar\/9ed0a4f8d9017f4faad4087d58438d000211662e0728fb57bdc56c94291a9ec1?s=96&d=mm&r=g","caption":"Petar"},"url":"https:\/\/www.bgf.rs\/author\/petar\/"}]}},"_links":{"self":[{"href":"https:\/\/www.bgf.rs\/lt\/wp-json\/wp\/v2\/posts\/108621\/"}],"collection":[{"href":"https:\/\/www.bgf.rs\/lt\/wp-json\/wp\/v2\/posts\/"}],"about":[{"href":"https:\/\/www.bgf.rs\/lt\/wp-json\/wp\/v2\/types\/post\/"}],"author":[{"embeddable":true,"href":"https:\/\/www.bgf.rs\/lt\/wp-json\/wp\/v2\/users\/6\/"}],"replies":[{"embeddable":true,"href":"https:\/\/www.bgf.rs\/lt\/wp-json\/wp\/v2\/comments\/?post=108621"}],"version-history":[{"count":0,"href":"https:\/\/www.bgf.rs\/lt\/wp-json\/wp\/v2\/posts\/108621\/revisions\/"}],"wp:featuredmedia":[{"embeddable":true,"href":"https:\/\/www.bgf.rs\/lt\/wp-json\/wp\/v2\/media\/108620\/"}],"wp:attachment":[{"href":"https:\/\/www.bgf.rs\/lt\/wp-json\/wp\/v2\/media\/?parent=108621"}],"wp:term":[{"taxonomy":"category","embeddable":true,"href":"https:\/\/www.bgf.rs\/lt\/wp-json\/wp\/v2\/categories\/?post=108621"},{"taxonomy":"post_tag","embeddable":true,"href":"https:\/\/www.bgf.rs\/lt\/wp-json\/wp\/v2\/tags\/?post=108621"}],"curies":[{"name":"wp","href":"https:\/\/api.w.org\/{rel}","templated":true}]}}