{"id":105084,"date":"2023-11-09T08:55:46","date_gmt":"2023-11-09T07:55:46","guid":{"rendered":"https:\/\/www.bgf.rs\/?p=105084"},"modified":"2023-11-09T08:58:22","modified_gmt":"2023-11-09T07:58:22","slug":"spektakularni-pocetak-turneje-beogradske-filharmonije-po-kini","status":"publish","type":"post","link":"https:\/\/www.bgf.rs\/lt\/spektakularni-pocetak-turneje-beogradske-filharmonije-po-kini\/","title":{"rendered":"Spektakularni po\u010detak turneje Beogradske filharmonije po Kini"},"content":{"rendered":"<p>Gala koncertom u Sijanu otpo\u010dela je kineska turneja Beogradske filharmonije povodom stogodi\u0161njice orkestra, kojim je sve\u010dano otvorena velelepna dvorana Centra za kulturu i umetnost \u201ePojas i put\u201c (8. novembar). Odu\u0161evljena publika je staja\u0107im ovacijama pozdravila Filharmoniju i dirigenta Nemea Jarvija nakon spektakularnog izvo\u0111enja Betovena i Berlioza.<\/p>\n<p>Beogradskoj filharmoniji je ukazana velika \u010dast da se upi\u0161e u istoriju grada Sijana kao prvi orkestar \u010dija se muzika \u010dula u dvorani ovog impresivnog kulturnog zdanja. Pod palicom legendarnog dirigenta, Nemea Jarvija, orkestar je izveo Betovenovu Simfoniju broj 7 i Berliozovu \u201eFantasti\u010dnu simfoniju\u201c. Nakon zavr\u0161etka programa publika je bila na nogama i toliko aplaudirala i skandirala, da je Beogradska filharmonija izvela \u010dak tri bisa.<\/p>\n<p>Srpski orkestar je ukazao po\u0161tovanje doma\u0107inima izvo\u0111enjem poznate kineske numere \u201eMoja domovina\u201c \u0161to je izazvalo gotovo navija\u010dku euforiju kod publike. Isto odu\u0161evljenje je pratilo \u201eGrlicu\u201c Stevana Hristi\u0107a, koju su ponosni filharmoni\u010dari odsvirali u \u010dast osniva\u010du Stevanu Hristi\u0107u, slave\u0107i svoj stogodi\u0161nji jubilej i na me\u0111unarodnoj sceni. Slavljeni\u010dka Sibelijusova kompozicija \u201eAndante festivo\u201c je upravo u takvom raspolo\u017eenju zaokru\u017eila ovaj va\u017ean koncertni doga\u0111aj.<\/p>\n<p>Neme Jarvi, osamdeset\u0161estogodi\u0161nji maestro, fascinantne energije, impresionirao je publiku i filharmoni\u010dare:<\/p>\n<p>\u201eVe\u010deras smo plesali zajedno! Divno je videti i ponovo upoznati orkestar Beogradske filharmonije. Fantasti\u010dno raspolo\u017eenje je krenulo od samog po\u010detka na\u0161eg rada i veoma sam zahvalan orkestru na tom ose\u0107anju. Beogradska filharmonija je fantasti\u010dan orkestar sastavljen od divnih ljudi, veoma fleksibilnih, koji sjajno komuniciraju, ne govorom ve\u0107 o\u010dima, pokretima, svime. Veoma sam sre\u0107an i radujem se nastavku na\u0161e turneje\u201c, izjavio je maestro Jarvi.<\/p>\n<p>Nakon koncerta u Sijanu, Beogradska filhamonija putuje u Vejfang gde \u0107e odr\u017eati dodatni koncert u okviru turneje u dvorani Velikog teatra, potom nastupa u Pekingu u \u010duvenom Nacionalnom izvo\u0111a\u010dkom centru, a turneju zavr\u0161ava koncertom u \u0160angaju.<\/p>\n","protected":false},"excerpt":{"rendered":"<p>Gala koncertom u Sijanu otpo\u010dela je kineska turneja Beogradske filharmonije povodom stogodi\u0161njice orkestra, kojim je sve\u010dano otvorena velelepna dvorana Centra za kulturu i umetnost \u201ePojas i put\u201c (8. novembar). Odu\u0161evljena publika je staja\u0107im ovacijama pozdravila Filharmoniju i dirigenta Nemea Jarvija nakon spektakularnog izvo\u0111enja Betovena i Berlioza. Beogradskoj filharmoniji je ukazana velika \u010dast da se upi\u0161e [&hellip;]<\/p>\n","protected":false},"author":1,"featured_media":105083,"comment_status":"open","ping_status":"open","sticky":false,"template":"","format":"standard","meta":{"_acf_changed":false,"footnotes":""},"categories":[113],"tags":[],"class_list":["post-105084","post","type-post","status-publish","format-standard","has-post-thumbnail","hentry","category-news-lt"],"acf":[],"yoast_head":"<!-- This site is optimized with the Yoast SEO plugin v23.4 - https:\/\/yoast.com\/wordpress\/plugins\/seo\/ -->\n<title>Spektakularni po\u010detak turneje Beogradske filharmonije po Kini | Beogradska filharmonija<\/title>\n<meta name=\"description\" content=\"\u041aineska turneja Filharmonije otpo\u010dela je gala koncertom u Sijanu 8. novembra, kojim je sve\u010dano otvoren novi Centar za kulturu i umetnost \u201ePojas i put\u201c.\" \/>\n<meta name=\"robots\" content=\"index, follow, max-snippet:-1, max-image-preview:large, max-video-preview:-1\" \/>\n<link rel=\"canonical\" href=\"https:\/\/www.bgf.rs\/spektakularni-pocetak-turneje-beogradske-filharmonije-po-kini\/\" \/>\n<meta property=\"og:locale\" content=\"sr_RS\" \/>\n<meta property=\"og:type\" content=\"article\" \/>\n<meta property=\"og:title\" content=\"Spektakularni po\u010detak turneje Beogradske filharmonije po Kini | Beogradska filharmonija\" \/>\n<meta property=\"og:description\" content=\"\u041aineska turneja Filharmonije otpo\u010dela je gala koncertom u Sijanu 8. novembra, kojim je sve\u010dano otvoren novi Centar za kulturu i umetnost \u201ePojas i put\u201c.\" \/>\n<meta property=\"og:url\" content=\"https:\/\/www.bgf.rs\/lt\/spektakularni-pocetak-turneje-beogradske-filharmonije-po-kini\/\" \/>\n<meta property=\"og:site_name\" content=\"Beogradska filharmonija\" \/>\n<meta property=\"article:published_time\" content=\"2023-11-09T07:55:46+00:00\" \/>\n<meta property=\"article:modified_time\" content=\"2023-11-09T07:58:22+00:00\" \/>\n<meta property=\"og:image\" content=\"http:\/\/www.bgf.rs\/wp-content\/uploads\/2023\/11\/Koncert-BGF-u-Sijanu-foto-N.Pleskonjic.jpg\" \/>\n\t<meta property=\"og:image:width\" content=\"1476\" \/>\n\t<meta property=\"og:image:height\" content=\"830\" \/>\n\t<meta property=\"og:image:type\" content=\"image\/jpeg\" \/>\n<meta name=\"author\" content=\"bgf\" \/>\n<meta name=\"twitter:card\" content=\"summary_large_image\" \/>\n<meta name=\"twitter:creator\" content=\"@BGFilharmonija\" \/>\n<meta name=\"twitter:site\" content=\"@BGFilharmonija\" \/>\n<meta name=\"twitter:label1\" content=\"\u041d\u0430\u043f\u0438\u0441\u0430\u043d\u043e \u043e\u0434\" \/>\n\t<meta name=\"twitter:data1\" content=\"bgf\" \/>\n\t<meta name=\"twitter:label2\" content=\"\u041f\u0440\u043e\u0446\u0435\u045a\u0435\u043d\u043e \u0432\u0440\u0435\u043c\u0435 \u0447\u0438\u0442\u0430\u045a\u0430\" \/>\n\t<meta name=\"twitter:data2\" content=\"2 \u043c\u0438\u043d\u0443\u0442\u0430\" \/>\n<script type=\"application\/ld+json\" class=\"yoast-schema-graph\">{\"@context\":\"https:\/\/schema.org\",\"@graph\":[{\"@type\":\"WebPage\",\"@id\":\"https:\/\/www.bgf.rs\/lt\/spektakularni-pocetak-turneje-beogradske-filharmonije-po-kini\/\",\"url\":\"https:\/\/www.bgf.rs\/lt\/spektakularni-pocetak-turneje-beogradske-filharmonije-po-kini\/\",\"name\":\"Spektakularni po\u010detak turneje Beogradske filharmonije po Kini | Beogradska filharmonija\",\"isPartOf\":{\"@id\":\"https:\/\/www.bgf.rs\/#website\"},\"primaryImageOfPage\":{\"@id\":\"https:\/\/www.bgf.rs\/lt\/spektakularni-pocetak-turneje-beogradske-filharmonije-po-kini\/#primaryimage\"},\"image\":{\"@id\":\"https:\/\/www.bgf.rs\/lt\/spektakularni-pocetak-turneje-beogradske-filharmonije-po-kini\/#primaryimage\"},\"thumbnailUrl\":\"https:\/\/www.bgf.rs\/wp-content\/uploads\/2023\/11\/Koncert-BGF-u-Sijanu-foto-N.Pleskonjic.jpg\",\"datePublished\":\"2023-11-09T07:55:46+00:00\",\"dateModified\":\"2023-11-09T07:58:22+00:00\",\"author\":{\"@id\":\"https:\/\/www.bgf.rs\/#\/schema\/person\/46fa53958df31282374baf403ec8bc64\"},\"description\":\"\u041aineska turneja Filharmonije otpo\u010dela je gala koncertom u Sijanu 8. novembra, kojim je sve\u010dano otvoren novi Centar za kulturu i umetnost \u201ePojas i put\u201c.\",\"breadcrumb\":{\"@id\":\"https:\/\/www.bgf.rs\/lt\/spektakularni-pocetak-turneje-beogradske-filharmonije-po-kini\/#breadcrumb\"},\"inLanguage\":\"sr-RS\",\"potentialAction\":[{\"@type\":\"ReadAction\",\"target\":[\"https:\/\/www.bgf.rs\/lt\/spektakularni-pocetak-turneje-beogradske-filharmonije-po-kini\/\"]}]},{\"@type\":\"ImageObject\",\"inLanguage\":\"sr-RS\",\"@id\":\"https:\/\/www.bgf.rs\/lt\/spektakularni-pocetak-turneje-beogradske-filharmonije-po-kini\/#primaryimage\",\"url\":\"https:\/\/www.bgf.rs\/wp-content\/uploads\/2023\/11\/Koncert-BGF-u-Sijanu-foto-N.Pleskonjic.jpg\",\"contentUrl\":\"https:\/\/www.bgf.rs\/wp-content\/uploads\/2023\/11\/Koncert-BGF-u-Sijanu-foto-N.Pleskonjic.jpg\",\"width\":1476,\"height\":830,\"caption\":\"kineska turneja beogradska filharmonija sijan\"},{\"@type\":\"BreadcrumbList\",\"@id\":\"https:\/\/www.bgf.rs\/lt\/spektakularni-pocetak-turneje-beogradske-filharmonije-po-kini\/#breadcrumb\",\"itemListElement\":[{\"@type\":\"ListItem\",\"position\":1,\"name\":\"Home\",\"item\":\"https:\/\/www.bgf.rs\/\"},{\"@type\":\"ListItem\",\"position\":2,\"name\":\"Spektakularni po\u010detak turneje Beogradske filharmonije po Kini\"}]},{\"@type\":\"WebSite\",\"@id\":\"https:\/\/www.bgf.rs\/#website\",\"url\":\"https:\/\/www.bgf.rs\/\",\"name\":\"Beogradska filharmonija\",\"description\":\"Samo muzika - jer do\u017eivljaj nema cenu!\",\"potentialAction\":[{\"@type\":\"SearchAction\",\"target\":{\"@type\":\"EntryPoint\",\"urlTemplate\":\"https:\/\/www.bgf.rs\/?s={search_term_string}\"},\"query-input\":{\"@type\":\"PropertyValueSpecification\",\"valueRequired\":true,\"valueName\":\"search_term_string\"}}],\"inLanguage\":\"sr-RS\"},{\"@type\":\"Person\",\"@id\":\"https:\/\/www.bgf.rs\/#\/schema\/person\/46fa53958df31282374baf403ec8bc64\",\"name\":\"bgf\",\"image\":{\"@type\":\"ImageObject\",\"inLanguage\":\"sr-RS\",\"@id\":\"https:\/\/www.bgf.rs\/#\/schema\/person\/image\/\",\"url\":\"https:\/\/secure.gravatar.com\/avatar\/d576158b2e0a82c6bb7c436f39acc82ca27f10e4a45f05f58b6288c4d1f83d11?s=96&d=mm&r=g\",\"contentUrl\":\"https:\/\/secure.gravatar.com\/avatar\/d576158b2e0a82c6bb7c436f39acc82ca27f10e4a45f05f58b6288c4d1f83d11?s=96&d=mm&r=g\",\"caption\":\"bgf\"},\"url\":\"https:\/\/www.bgf.rs\/author\/bgf\/\"}]}<\/script>\n<!-- \/ Yoast SEO plugin. -->","yoast_head_json":{"title":"Spektakularni po\u010detak turneje Beogradske filharmonije po Kini | Beogradska filharmonija","description":"\u041aineska turneja Filharmonije otpo\u010dela je gala koncertom u Sijanu 8. novembra, kojim je sve\u010dano otvoren novi Centar za kulturu i umetnost \u201ePojas i put\u201c.","robots":{"index":"index","follow":"follow","max-snippet":"max-snippet:-1","max-image-preview":"max-image-preview:large","max-video-preview":"max-video-preview:-1"},"canonical":"https:\/\/www.bgf.rs\/spektakularni-pocetak-turneje-beogradske-filharmonije-po-kini\/","og_locale":"sr_RS","og_type":"article","og_title":"Spektakularni po\u010detak turneje Beogradske filharmonije po Kini | Beogradska filharmonija","og_description":"\u041aineska turneja Filharmonije otpo\u010dela je gala koncertom u Sijanu 8. novembra, kojim je sve\u010dano otvoren novi Centar za kulturu i umetnost \u201ePojas i put\u201c.","og_url":"https:\/\/www.bgf.rs\/lt\/spektakularni-pocetak-turneje-beogradske-filharmonije-po-kini\/","og_site_name":"Beogradska filharmonija","article_published_time":"2023-11-09T07:55:46+00:00","article_modified_time":"2023-11-09T07:58:22+00:00","og_image":[{"width":1476,"height":830,"url":"http:\/\/www.bgf.rs\/wp-content\/uploads\/2023\/11\/Koncert-BGF-u-Sijanu-foto-N.Pleskonjic.jpg","type":"image\/jpeg"}],"author":"bgf","twitter_card":"summary_large_image","twitter_creator":"@BGFilharmonija","twitter_site":"@BGFilharmonija","twitter_misc":{"\u041d\u0430\u043f\u0438\u0441\u0430\u043d\u043e \u043e\u0434":"bgf","\u041f\u0440\u043e\u0446\u0435\u045a\u0435\u043d\u043e \u0432\u0440\u0435\u043c\u0435 \u0447\u0438\u0442\u0430\u045a\u0430":"2 \u043c\u0438\u043d\u0443\u0442\u0430"},"schema":{"@context":"https:\/\/schema.org","@graph":[{"@type":"WebPage","@id":"https:\/\/www.bgf.rs\/lt\/spektakularni-pocetak-turneje-beogradske-filharmonije-po-kini\/","url":"https:\/\/www.bgf.rs\/lt\/spektakularni-pocetak-turneje-beogradske-filharmonije-po-kini\/","name":"Spektakularni po\u010detak turneje Beogradske filharmonije po Kini | Beogradska filharmonija","isPartOf":{"@id":"https:\/\/www.bgf.rs\/#website"},"primaryImageOfPage":{"@id":"https:\/\/www.bgf.rs\/lt\/spektakularni-pocetak-turneje-beogradske-filharmonije-po-kini\/#primaryimage"},"image":{"@id":"https:\/\/www.bgf.rs\/lt\/spektakularni-pocetak-turneje-beogradske-filharmonije-po-kini\/#primaryimage"},"thumbnailUrl":"https:\/\/www.bgf.rs\/wp-content\/uploads\/2023\/11\/Koncert-BGF-u-Sijanu-foto-N.Pleskonjic.jpg","datePublished":"2023-11-09T07:55:46+00:00","dateModified":"2023-11-09T07:58:22+00:00","author":{"@id":"https:\/\/www.bgf.rs\/#\/schema\/person\/46fa53958df31282374baf403ec8bc64"},"description":"\u041aineska turneja Filharmonije otpo\u010dela je gala koncertom u Sijanu 8. novembra, kojim je sve\u010dano otvoren novi Centar za kulturu i umetnost \u201ePojas i put\u201c.","breadcrumb":{"@id":"https:\/\/www.bgf.rs\/lt\/spektakularni-pocetak-turneje-beogradske-filharmonije-po-kini\/#breadcrumb"},"inLanguage":"sr-RS","potentialAction":[{"@type":"ReadAction","target":["https:\/\/www.bgf.rs\/lt\/spektakularni-pocetak-turneje-beogradske-filharmonije-po-kini\/"]}]},{"@type":"ImageObject","inLanguage":"sr-RS","@id":"https:\/\/www.bgf.rs\/lt\/spektakularni-pocetak-turneje-beogradske-filharmonije-po-kini\/#primaryimage","url":"https:\/\/www.bgf.rs\/wp-content\/uploads\/2023\/11\/Koncert-BGF-u-Sijanu-foto-N.Pleskonjic.jpg","contentUrl":"https:\/\/www.bgf.rs\/wp-content\/uploads\/2023\/11\/Koncert-BGF-u-Sijanu-foto-N.Pleskonjic.jpg","width":1476,"height":830,"caption":"kineska turneja beogradska filharmonija sijan"},{"@type":"BreadcrumbList","@id":"https:\/\/www.bgf.rs\/lt\/spektakularni-pocetak-turneje-beogradske-filharmonije-po-kini\/#breadcrumb","itemListElement":[{"@type":"ListItem","position":1,"name":"Home","item":"https:\/\/www.bgf.rs\/"},{"@type":"ListItem","position":2,"name":"Spektakularni po\u010detak turneje Beogradske filharmonije po Kini"}]},{"@type":"WebSite","@id":"https:\/\/www.bgf.rs\/#website","url":"https:\/\/www.bgf.rs\/","name":"Beogradska filharmonija","description":"Samo muzika - jer do\u017eivljaj nema cenu!","potentialAction":[{"@type":"SearchAction","target":{"@type":"EntryPoint","urlTemplate":"https:\/\/www.bgf.rs\/?s={search_term_string}"},"query-input":{"@type":"PropertyValueSpecification","valueRequired":true,"valueName":"search_term_string"}}],"inLanguage":"sr-RS"},{"@type":"Person","@id":"https:\/\/www.bgf.rs\/#\/schema\/person\/46fa53958df31282374baf403ec8bc64","name":"bgf","image":{"@type":"ImageObject","inLanguage":"sr-RS","@id":"https:\/\/www.bgf.rs\/#\/schema\/person\/image\/","url":"https:\/\/secure.gravatar.com\/avatar\/d576158b2e0a82c6bb7c436f39acc82ca27f10e4a45f05f58b6288c4d1f83d11?s=96&d=mm&r=g","contentUrl":"https:\/\/secure.gravatar.com\/avatar\/d576158b2e0a82c6bb7c436f39acc82ca27f10e4a45f05f58b6288c4d1f83d11?s=96&d=mm&r=g","caption":"bgf"},"url":"https:\/\/www.bgf.rs\/author\/bgf\/"}]}},"_links":{"self":[{"href":"https:\/\/www.bgf.rs\/lt\/wp-json\/wp\/v2\/posts\/105084\/"}],"collection":[{"href":"https:\/\/www.bgf.rs\/lt\/wp-json\/wp\/v2\/posts\/"}],"about":[{"href":"https:\/\/www.bgf.rs\/lt\/wp-json\/wp\/v2\/types\/post\/"}],"author":[{"embeddable":true,"href":"https:\/\/www.bgf.rs\/lt\/wp-json\/wp\/v2\/users\/1\/"}],"replies":[{"embeddable":true,"href":"https:\/\/www.bgf.rs\/lt\/wp-json\/wp\/v2\/comments\/?post=105084"}],"version-history":[{"count":0,"href":"https:\/\/www.bgf.rs\/lt\/wp-json\/wp\/v2\/posts\/105084\/revisions\/"}],"wp:featuredmedia":[{"embeddable":true,"href":"https:\/\/www.bgf.rs\/lt\/wp-json\/wp\/v2\/media\/105083\/"}],"wp:attachment":[{"href":"https:\/\/www.bgf.rs\/lt\/wp-json\/wp\/v2\/media\/?parent=105084"}],"wp:term":[{"taxonomy":"category","embeddable":true,"href":"https:\/\/www.bgf.rs\/lt\/wp-json\/wp\/v2\/categories\/?post=105084"},{"taxonomy":"post_tag","embeddable":true,"href":"https:\/\/www.bgf.rs\/lt\/wp-json\/wp\/v2\/tags\/?post=105084"}],"curies":[{"name":"wp","href":"https:\/\/api.w.org\/{rel}","templated":true}]}}