{"id":10329,"date":"2017-03-09T10:29:53","date_gmt":"2017-03-09T09:29:53","guid":{"rendered":"http:\/\/www.bgf.rs\/lt\/?p=10329"},"modified":"2017-03-10T10:36:48","modified_gmt":"2017-03-10T09:36:48","slug":"ljubavne-price-u-filharmoniji","status":"publish","type":"post","link":"https:\/\/www.bgf.rs\/lt\/ljubavne-price-u-filharmoniji\/","title":{"rendered":"Ljubavne pri\u010de u Filharmoniji"},"content":{"rendered":"<p>Adrijan Prabava, prvi dirigent iz Indonezije koji \u0107e predvoditi Beogradsku filharmoniju, nastupa u okviru ciklusa \u201eZa zaljubljene\u201c, u <a href=\"http:\/\/www.bgf.rs\/\/lt\/repertoar_cp\/za-zaljubljene-4-2\/\">petak 10. marta (Kolarac, 20h)<\/a>. Zajedno sa Filharmoni\u010darima predstavlja \u201cnajljubavnije\u201d pri\u010de kao \u0161to su \u201cRomeo i Julija\u201d iz vizure \u010cajkovskog i \u201cDafnis i Kloe\u201d Ravela, a mladi violon\u010delista Andrej Jonica dodatno \u0107e podgrejati romantiku kroz \u201cElegiju\u201d Forea i Koncert za violon\u010delo Sen-Sansa.<br \/>\n&nbsp;<br \/>\nPrabava se afirmisao na me\u0111unarodnoj sceni 2005. godine nakon velikog uspeha na takmi\u010denju mladih dirigenata u Bezansonu. Veliki uticaj na njegovu dalju karijeru imao je \u010duveni Kurt Mazur \u010diji je bio asistent u Francuskom nacionalnom orkestru u Parizu. Iako poreklom sa Istoka svojim muzi\u010dkim bi\u0107em priprada zapadnoj kulturi gde uspe\u0161no razvija svoju karijeru.<br \/>\n&nbsp;<br \/>\nOsvojen temperametom i rado\u0161\u0107u sviranja Beogradske filharmonije, Prabava smatra da mu je zadatak da ba\u0161 u ovim kvalitetima prona\u0111e pravu meru i uspostavi kontrolu: \u201cProgram koji izvodimo je veoma popularan, filharmoni\u010dari su ga puno puta svirali ali su veoma otvoreni za nove ideje do kojih se ja trudim da doprem iz temelja partitura\u201d, rekao je dirigent koji smatra da muzika slu\u017ei da izaziva i postavlja pitanja, \u201cona nam pru\u017ea mogu\u0107nost da otkrijemo sebe, da se upitamo ko smo mi. To je pitanje koje bih \u017eeleo da postavim beogradskoj publici u petak.\u201c<br \/>\n&nbsp;<br \/>\n\u010cetvrti filharmonijski randevu \u201cZa zaljubljene\u201d otvaraju \u201cRomeo i Julija\u201d uvertira-fantazija \u010cajkovskog, a zatvaraju \u201cDafnis i Kloe\u201d svite br. 1 i 2 iz Ravelovog baleta. Mladi Andrej Jonica, dobitnik prve nagrade na Me\u0111unarodnom takmi\u010denju <em>\u010cajkovski<\/em> u Moskvi, nakon setnih ose\u0107anja iz \u201cElegije\u201d Forea, pokaza\u0107e svoj virtuozitet i ume\u0107e u popularnom Sen-Sansovom Koncertu za violon\u010delo i orkestar.<br \/>\n&nbsp;<br \/>\nKoncert koji \u0107e Beogradska filharmonija odr\u017eati u petak, tradicionalno se\u00a0 posve\u0107uje uspomeni na premijera Zorana \u0110in\u0111i\u0107a.<\/p>\n","protected":false},"excerpt":{"rendered":"<p>Adrijan Prabava, prvi dirigent iz Indonezije koji \u0107e predvoditi Beogradsku filharmoniju, nastupa u okviru ciklusa \u201eZa zaljubljene\u201c, u petak 10. marta (Kolarac, 20h). Zajedno sa Filharmoni\u010darima predstavlja \u201cnajljubavnije\u201d pri\u010de kao \u0161to su \u201cRomeo i Julija\u201d iz vizure \u010cajkovskog i \u201cDafnis i Kloe\u201d Ravela, a mladi violon\u010delista Andrej Jonica dodatno \u0107e podgrejati romantiku kroz \u201cElegiju\u201d Forea [&hellip;]<\/p>\n","protected":false},"author":1,"featured_media":10327,"comment_status":"open","ping_status":"open","sticky":false,"template":"","format":"standard","meta":{"_acf_changed":false,"footnotes":""},"categories":[113],"tags":[],"class_list":["post-10329","post","type-post","status-publish","format-standard","has-post-thumbnail","hentry","category-news-lt"],"acf":[],"yoast_head":"<!-- This site is optimized with the Yoast SEO plugin v23.4 - https:\/\/yoast.com\/wordpress\/plugins\/seo\/ -->\n<title>Ljubavne pri\u010de u Filharmoniji | Beogradska filharmonija<\/title>\n<meta name=\"robots\" content=\"index, follow, max-snippet:-1, max-image-preview:large, max-video-preview:-1\" \/>\n<link rel=\"canonical\" href=\"https:\/\/www.bgf.rs\/ljubavne-price-u-filharmoniji\/\" \/>\n<meta property=\"og:locale\" content=\"sr_RS\" \/>\n<meta property=\"og:type\" content=\"article\" \/>\n<meta property=\"og:title\" content=\"Ljubavne pri\u010de u Filharmoniji | Beogradska filharmonija\" \/>\n<meta property=\"og:description\" content=\"Adrijan Prabava, prvi dirigent iz Indonezije koji \u0107e predvoditi Beogradsku filharmoniju, nastupa u okviru ciklusa \u201eZa zaljubljene\u201c, u petak 10. marta (Kolarac, 20h). Zajedno sa Filharmoni\u010darima predstavlja \u201cnajljubavnije\u201d pri\u010de kao \u0161to su \u201cRomeo i Julija\u201d iz vizure \u010cajkovskog i \u201cDafnis i Kloe\u201d Ravela, a mladi violon\u010delista Andrej Jonica dodatno \u0107e podgrejati romantiku kroz \u201cElegiju\u201d Forea [&hellip;]\" \/>\n<meta property=\"og:url\" content=\"https:\/\/www.bgf.rs\/lt\/ljubavne-price-u-filharmoniji\/\" \/>\n<meta property=\"og:site_name\" content=\"Beogradska filharmonija\" \/>\n<meta property=\"article:published_time\" content=\"2017-03-09T09:29:53+00:00\" \/>\n<meta property=\"article:modified_time\" content=\"2017-03-10T09:36:48+00:00\" \/>\n<meta property=\"og:image\" content=\"https:\/\/www.bgf.rs\/wp-content\/uploads\/2017\/03\/adrijan-prabava-i-BGF.jpg\" \/>\n\t<meta property=\"og:image:width\" content=\"1170\" \/>\n\t<meta property=\"og:image:height\" content=\"450\" \/>\n\t<meta property=\"og:image:type\" content=\"image\/jpeg\" \/>\n<meta name=\"author\" content=\"bgf\" \/>\n<meta name=\"twitter:card\" content=\"summary_large_image\" \/>\n<meta name=\"twitter:creator\" content=\"@BGFilharmonija\" \/>\n<meta name=\"twitter:site\" content=\"@BGFilharmonija\" \/>\n<meta name=\"twitter:label1\" content=\"\u041d\u0430\u043f\u0438\u0441\u0430\u043d\u043e \u043e\u0434\" \/>\n\t<meta name=\"twitter:data1\" content=\"bgf\" \/>\n\t<meta name=\"twitter:label2\" content=\"\u041f\u0440\u043e\u0446\u0435\u045a\u0435\u043d\u043e \u0432\u0440\u0435\u043c\u0435 \u0447\u0438\u0442\u0430\u045a\u0430\" \/>\n\t<meta name=\"twitter:data2\" content=\"2 \u043c\u0438\u043d\u0443\u0442\u0430\" \/>\n<script type=\"application\/ld+json\" class=\"yoast-schema-graph\">{\"@context\":\"https:\/\/schema.org\",\"@graph\":[{\"@type\":\"WebPage\",\"@id\":\"https:\/\/www.bgf.rs\/lt\/ljubavne-price-u-filharmoniji\/\",\"url\":\"https:\/\/www.bgf.rs\/lt\/ljubavne-price-u-filharmoniji\/\",\"name\":\"Ljubavne pri\u010de u Filharmoniji | Beogradska filharmonija\",\"isPartOf\":{\"@id\":\"https:\/\/www.bgf.rs\/#website\"},\"primaryImageOfPage\":{\"@id\":\"https:\/\/www.bgf.rs\/lt\/ljubavne-price-u-filharmoniji\/#primaryimage\"},\"image\":{\"@id\":\"https:\/\/www.bgf.rs\/lt\/ljubavne-price-u-filharmoniji\/#primaryimage\"},\"thumbnailUrl\":\"https:\/\/www.bgf.rs\/wp-content\/uploads\/2017\/03\/adrijan-prabava-i-BGF.jpg\",\"datePublished\":\"2017-03-09T09:29:53+00:00\",\"dateModified\":\"2017-03-10T09:36:48+00:00\",\"author\":{\"@id\":\"https:\/\/www.bgf.rs\/#\/schema\/person\/46fa53958df31282374baf403ec8bc64\"},\"breadcrumb\":{\"@id\":\"https:\/\/www.bgf.rs\/lt\/ljubavne-price-u-filharmoniji\/#breadcrumb\"},\"inLanguage\":\"sr-RS\",\"potentialAction\":[{\"@type\":\"ReadAction\",\"target\":[\"https:\/\/www.bgf.rs\/lt\/ljubavne-price-u-filharmoniji\/\"]}]},{\"@type\":\"ImageObject\",\"inLanguage\":\"sr-RS\",\"@id\":\"https:\/\/www.bgf.rs\/lt\/ljubavne-price-u-filharmoniji\/#primaryimage\",\"url\":\"https:\/\/www.bgf.rs\/wp-content\/uploads\/2017\/03\/adrijan-prabava-i-BGF.jpg\",\"contentUrl\":\"https:\/\/www.bgf.rs\/wp-content\/uploads\/2017\/03\/adrijan-prabava-i-BGF.jpg\",\"width\":1170,\"height\":450,\"caption\":\"foto Marko Djokovic\/\"},{\"@type\":\"BreadcrumbList\",\"@id\":\"https:\/\/www.bgf.rs\/lt\/ljubavne-price-u-filharmoniji\/#breadcrumb\",\"itemListElement\":[{\"@type\":\"ListItem\",\"position\":1,\"name\":\"Home\",\"item\":\"https:\/\/www.bgf.rs\/\"},{\"@type\":\"ListItem\",\"position\":2,\"name\":\"Ljubavne pri\u010de u Filharmoniji\"}]},{\"@type\":\"WebSite\",\"@id\":\"https:\/\/www.bgf.rs\/#website\",\"url\":\"https:\/\/www.bgf.rs\/\",\"name\":\"Beogradska filharmonija\",\"description\":\"Samo muzika - jer do\u017eivljaj nema cenu!\",\"potentialAction\":[{\"@type\":\"SearchAction\",\"target\":{\"@type\":\"EntryPoint\",\"urlTemplate\":\"https:\/\/www.bgf.rs\/?s={search_term_string}\"},\"query-input\":{\"@type\":\"PropertyValueSpecification\",\"valueRequired\":true,\"valueName\":\"search_term_string\"}}],\"inLanguage\":\"sr-RS\"},{\"@type\":\"Person\",\"@id\":\"https:\/\/www.bgf.rs\/#\/schema\/person\/46fa53958df31282374baf403ec8bc64\",\"name\":\"bgf\",\"image\":{\"@type\":\"ImageObject\",\"inLanguage\":\"sr-RS\",\"@id\":\"https:\/\/www.bgf.rs\/#\/schema\/person\/image\/\",\"url\":\"https:\/\/secure.gravatar.com\/avatar\/d576158b2e0a82c6bb7c436f39acc82ca27f10e4a45f05f58b6288c4d1f83d11?s=96&d=mm&r=g\",\"contentUrl\":\"https:\/\/secure.gravatar.com\/avatar\/d576158b2e0a82c6bb7c436f39acc82ca27f10e4a45f05f58b6288c4d1f83d11?s=96&d=mm&r=g\",\"caption\":\"bgf\"},\"url\":\"https:\/\/www.bgf.rs\/author\/bgf\/\"}]}<\/script>\n<!-- \/ Yoast SEO plugin. -->","yoast_head_json":{"title":"Ljubavne pri\u010de u Filharmoniji | Beogradska filharmonija","robots":{"index":"index","follow":"follow","max-snippet":"max-snippet:-1","max-image-preview":"max-image-preview:large","max-video-preview":"max-video-preview:-1"},"canonical":"https:\/\/www.bgf.rs\/ljubavne-price-u-filharmoniji\/","og_locale":"sr_RS","og_type":"article","og_title":"Ljubavne pri\u010de u Filharmoniji | Beogradska filharmonija","og_description":"Adrijan Prabava, prvi dirigent iz Indonezije koji \u0107e predvoditi Beogradsku filharmoniju, nastupa u okviru ciklusa \u201eZa zaljubljene\u201c, u petak 10. marta (Kolarac, 20h). Zajedno sa Filharmoni\u010darima predstavlja \u201cnajljubavnije\u201d pri\u010de kao \u0161to su \u201cRomeo i Julija\u201d iz vizure \u010cajkovskog i \u201cDafnis i Kloe\u201d Ravela, a mladi violon\u010delista Andrej Jonica dodatno \u0107e podgrejati romantiku kroz \u201cElegiju\u201d Forea [&hellip;]","og_url":"https:\/\/www.bgf.rs\/lt\/ljubavne-price-u-filharmoniji\/","og_site_name":"Beogradska filharmonija","article_published_time":"2017-03-09T09:29:53+00:00","article_modified_time":"2017-03-10T09:36:48+00:00","og_image":[{"width":1170,"height":450,"url":"https:\/\/www.bgf.rs\/wp-content\/uploads\/2017\/03\/adrijan-prabava-i-BGF.jpg","type":"image\/jpeg"}],"author":"bgf","twitter_card":"summary_large_image","twitter_creator":"@BGFilharmonija","twitter_site":"@BGFilharmonija","twitter_misc":{"\u041d\u0430\u043f\u0438\u0441\u0430\u043d\u043e \u043e\u0434":"bgf","\u041f\u0440\u043e\u0446\u0435\u045a\u0435\u043d\u043e \u0432\u0440\u0435\u043c\u0435 \u0447\u0438\u0442\u0430\u045a\u0430":"2 \u043c\u0438\u043d\u0443\u0442\u0430"},"schema":{"@context":"https:\/\/schema.org","@graph":[{"@type":"WebPage","@id":"https:\/\/www.bgf.rs\/lt\/ljubavne-price-u-filharmoniji\/","url":"https:\/\/www.bgf.rs\/lt\/ljubavne-price-u-filharmoniji\/","name":"Ljubavne pri\u010de u Filharmoniji | Beogradska filharmonija","isPartOf":{"@id":"https:\/\/www.bgf.rs\/#website"},"primaryImageOfPage":{"@id":"https:\/\/www.bgf.rs\/lt\/ljubavne-price-u-filharmoniji\/#primaryimage"},"image":{"@id":"https:\/\/www.bgf.rs\/lt\/ljubavne-price-u-filharmoniji\/#primaryimage"},"thumbnailUrl":"https:\/\/www.bgf.rs\/wp-content\/uploads\/2017\/03\/adrijan-prabava-i-BGF.jpg","datePublished":"2017-03-09T09:29:53+00:00","dateModified":"2017-03-10T09:36:48+00:00","author":{"@id":"https:\/\/www.bgf.rs\/#\/schema\/person\/46fa53958df31282374baf403ec8bc64"},"breadcrumb":{"@id":"https:\/\/www.bgf.rs\/lt\/ljubavne-price-u-filharmoniji\/#breadcrumb"},"inLanguage":"sr-RS","potentialAction":[{"@type":"ReadAction","target":["https:\/\/www.bgf.rs\/lt\/ljubavne-price-u-filharmoniji\/"]}]},{"@type":"ImageObject","inLanguage":"sr-RS","@id":"https:\/\/www.bgf.rs\/lt\/ljubavne-price-u-filharmoniji\/#primaryimage","url":"https:\/\/www.bgf.rs\/wp-content\/uploads\/2017\/03\/adrijan-prabava-i-BGF.jpg","contentUrl":"https:\/\/www.bgf.rs\/wp-content\/uploads\/2017\/03\/adrijan-prabava-i-BGF.jpg","width":1170,"height":450,"caption":"foto Marko Djokovic\/"},{"@type":"BreadcrumbList","@id":"https:\/\/www.bgf.rs\/lt\/ljubavne-price-u-filharmoniji\/#breadcrumb","itemListElement":[{"@type":"ListItem","position":1,"name":"Home","item":"https:\/\/www.bgf.rs\/"},{"@type":"ListItem","position":2,"name":"Ljubavne pri\u010de u Filharmoniji"}]},{"@type":"WebSite","@id":"https:\/\/www.bgf.rs\/#website","url":"https:\/\/www.bgf.rs\/","name":"Beogradska filharmonija","description":"Samo muzika - jer do\u017eivljaj nema cenu!","potentialAction":[{"@type":"SearchAction","target":{"@type":"EntryPoint","urlTemplate":"https:\/\/www.bgf.rs\/?s={search_term_string}"},"query-input":{"@type":"PropertyValueSpecification","valueRequired":true,"valueName":"search_term_string"}}],"inLanguage":"sr-RS"},{"@type":"Person","@id":"https:\/\/www.bgf.rs\/#\/schema\/person\/46fa53958df31282374baf403ec8bc64","name":"bgf","image":{"@type":"ImageObject","inLanguage":"sr-RS","@id":"https:\/\/www.bgf.rs\/#\/schema\/person\/image\/","url":"https:\/\/secure.gravatar.com\/avatar\/d576158b2e0a82c6bb7c436f39acc82ca27f10e4a45f05f58b6288c4d1f83d11?s=96&d=mm&r=g","contentUrl":"https:\/\/secure.gravatar.com\/avatar\/d576158b2e0a82c6bb7c436f39acc82ca27f10e4a45f05f58b6288c4d1f83d11?s=96&d=mm&r=g","caption":"bgf"},"url":"https:\/\/www.bgf.rs\/author\/bgf\/"}]}},"_links":{"self":[{"href":"https:\/\/www.bgf.rs\/lt\/wp-json\/wp\/v2\/posts\/10329\/"}],"collection":[{"href":"https:\/\/www.bgf.rs\/lt\/wp-json\/wp\/v2\/posts\/"}],"about":[{"href":"https:\/\/www.bgf.rs\/lt\/wp-json\/wp\/v2\/types\/post\/"}],"author":[{"embeddable":true,"href":"https:\/\/www.bgf.rs\/lt\/wp-json\/wp\/v2\/users\/1\/"}],"replies":[{"embeddable":true,"href":"https:\/\/www.bgf.rs\/lt\/wp-json\/wp\/v2\/comments\/?post=10329"}],"version-history":[{"count":0,"href":"https:\/\/www.bgf.rs\/lt\/wp-json\/wp\/v2\/posts\/10329\/revisions\/"}],"wp:featuredmedia":[{"embeddable":true,"href":"https:\/\/www.bgf.rs\/lt\/wp-json\/wp\/v2\/media\/10327\/"}],"wp:attachment":[{"href":"https:\/\/www.bgf.rs\/lt\/wp-json\/wp\/v2\/media\/?parent=10329"}],"wp:term":[{"taxonomy":"category","embeddable":true,"href":"https:\/\/www.bgf.rs\/lt\/wp-json\/wp\/v2\/categories\/?post=10329"},{"taxonomy":"post_tag","embeddable":true,"href":"https:\/\/www.bgf.rs\/lt\/wp-json\/wp\/v2\/tags\/?post=10329"}],"curies":[{"name":"wp","href":"https:\/\/api.w.org\/{rel}","templated":true}]}}