{"id":10283,"date":"2017-03-02T14:12:12","date_gmt":"2017-03-02T13:12:12","guid":{"rendered":"http:\/\/www.bgf.rs\/lt\/?p=10283"},"modified":"2017-03-02T14:13:37","modified_gmt":"2017-03-02T13:13:37","slug":"srpska-premijera-berliozovog-dela","status":"publish","type":"post","link":"https:\/\/www.bgf.rs\/lt\/srpska-premijera-berliozovog-dela\/","title":{"rendered":"Srpska premijera Berliozovog dela"},"content":{"rendered":"<p>Prvi put u Srbiji bi\u0107e izvedena Berliozova \u201ePosmrtna i trijumfalna simfonija\u201c, komponovana povodom desetogodi\u0161njice Druge francuske revolucije. Zahvaljuju\u0107i Beogradskoj filharmoniji, nakon skoro 180 godina od nastanka ovog dela, publika \u0107e \u010duti nekad najpopularniju Berliozovu kompoziciju, pod dirigentskom palicom Kristijana Mandeala, <a href=\"http:\/\/www.bgf.rs\/\/lt\/repertoar_cp\/za-megalomane-4-2\/\">u petak, 3. marta (Kolarac, 20h)<\/a>. Na koncertu iz ciklusa \u201eZa megalomane\u201c na\u0107i \u0107e se jo\u0161 jedna premijera, i to \u0160umanovog Koncerta za \u010detiri horne i orkestar.<br \/>\n&nbsp;<br \/>\n\u201ePosmrtna i trijumfalna simfonija\u201c je nastala kao porud\u017ebina Francuske vlade za desetogodi\u0161njicu Julske revolucije. Duva\u010di i perkusionisti Beogradske filharmonije do\u010dara\u0107e njenu nekada\u0161nju ceremonijalnost, kada je u procesiji trgom Bastil\u0458a megalomanski defilovalo 200 muzi\u010dara &#8211; veliki vojni duva\u010dki mar\u0161evski orkestar i perkusionisti. Naknadno se za potrebe koncertnog izvo\u0111enja reducirao celokupan ansambl, a filharmoni\u010darima \u0107e se u poslednjem stavu pridru\u017eiti i kolege guda\u010di.<br \/>\n&nbsp;<br \/>\nPrema re\u010dima dirigenta <strong>Kristijana Mandeala,<\/strong> program ovog koncerta predstavlja i \u201emegalomanski\u201c zalogaj:<br \/>\n&nbsp;<br \/>\n\u201e<strong>Imamo veliki izazov pred sobom budu\u0107i da je repertoar koji izvodimo veoma komplikovan. Megalomanski po svojim zahtevima, retko se mo\u017ee \u010duti \u010dak i me\u0111u najboljim orkestrima na svetskoj koncertnoj sceni<\/strong>\u201c, otkriva Mandeal, \u010dest gost Beogradske filharmonije koji se smatra najve\u0107im rumunskim dirigentom dana\u0161njice, karijere duge ve\u0107 \u010detiri decenije.<br \/>\n&nbsp;<br \/>\nBeogradska filharmonija prvi put izvodi i \u0160umanov Koncert za \u010detiri horne i orkestar. Solisti iz Ma\u0111arske &#8211; <strong>Jano\u0161 Benu\u0161<\/strong>, <strong>I\u0161tvan Flamer<\/strong>, <strong>Bence Mesaro\u0161<\/strong> i <strong>Mate Hamar<\/strong>, pokaza\u0107e koliko horne mogu biti virtuozne u kompoziciji koja je most izme\u0111u guda\u010dkog zvuka \u0160enbergove \u201eOzarene no\u0107i\u201c uz koju po\u010dinje koncert i gromoglasnih duva\u010da koji su u prvom planu Berliozovog dela.<br \/>\n&nbsp;<br \/>\n\u201cMegalomanski\u201d broj premijera, solista, kao i zahteva koji su se na\u0161li pred muzi\u010darima, apsolutno opravdavaju mesto ovog koncerta u jednom od najpopularnijih ciklusa Beogradske filharmonije. Finale \u201cZa megalomane\u201d zakazano je za 9. jun, pod upravom Fabrisa Bolona.<\/p>\n","protected":false},"excerpt":{"rendered":"<p>Prvi put u Srbiji bi\u0107e izvedena Berliozova \u201ePosmrtna i trijumfalna simfonija\u201c, komponovana povodom desetogodi\u0161njice Druge francuske revolucije. Zahvaljuju\u0107i Beogradskoj filharmoniji, nakon skoro 180 godina od nastanka ovog dela, publika \u0107e \u010duti nekad najpopularniju Berliozovu kompoziciju, pod dirigentskom palicom Kristijana Mandeala, u petak, 3. marta (Kolarac, 20h). Na koncertu iz ciklusa \u201eZa megalomane\u201c na\u0107i \u0107e se [&hellip;]<\/p>\n","protected":false},"author":1,"featured_media":10281,"comment_status":"open","ping_status":"open","sticky":false,"template":"","format":"standard","meta":{"_acf_changed":false,"footnotes":""},"categories":[113],"tags":[],"class_list":["post-10283","post","type-post","status-publish","format-standard","has-post-thumbnail","hentry","category-news-lt"],"acf":[],"yoast_head":"<!-- This site is optimized with the Yoast SEO plugin v23.4 - https:\/\/yoast.com\/wordpress\/plugins\/seo\/ -->\n<title>Srpska premijera Berliozovog dela | Beogradska filharmonija<\/title>\n<meta name=\"robots\" content=\"index, follow, max-snippet:-1, max-image-preview:large, max-video-preview:-1\" \/>\n<link rel=\"canonical\" href=\"https:\/\/www.bgf.rs\/srpska-premijera-berliozovog-dela\/\" \/>\n<meta property=\"og:locale\" content=\"sr_RS\" \/>\n<meta property=\"og:type\" content=\"article\" \/>\n<meta property=\"og:title\" content=\"Srpska premijera Berliozovog dela | Beogradska filharmonija\" \/>\n<meta property=\"og:description\" content=\"Prvi put u Srbiji bi\u0107e izvedena Berliozova \u201ePosmrtna i trijumfalna simfonija\u201c, komponovana povodom desetogodi\u0161njice Druge francuske revolucije. Zahvaljuju\u0107i Beogradskoj filharmoniji, nakon skoro 180 godina od nastanka ovog dela, publika \u0107e \u010duti nekad najpopularniju Berliozovu kompoziciju, pod dirigentskom palicom Kristijana Mandeala, u petak, 3. marta (Kolarac, 20h). Na koncertu iz ciklusa \u201eZa megalomane\u201c na\u0107i \u0107e se [&hellip;]\" \/>\n<meta property=\"og:url\" content=\"https:\/\/www.bgf.rs\/lt\/srpska-premijera-berliozovog-dela\/\" \/>\n<meta property=\"og:site_name\" content=\"Beogradska filharmonija\" \/>\n<meta property=\"article:published_time\" content=\"2017-03-02T13:12:12+00:00\" \/>\n<meta property=\"article:modified_time\" content=\"2017-03-02T13:13:37+00:00\" \/>\n<meta property=\"og:image\" content=\"https:\/\/www.bgf.rs\/wp-content\/uploads\/2017\/03\/BGF-i-K.-Mandeal.jpg\" \/>\n\t<meta property=\"og:image:width\" content=\"1170\" \/>\n\t<meta property=\"og:image:height\" content=\"450\" \/>\n\t<meta property=\"og:image:type\" content=\"image\/jpeg\" \/>\n<meta name=\"author\" content=\"bgf\" \/>\n<meta name=\"twitter:card\" content=\"summary_large_image\" \/>\n<meta name=\"twitter:creator\" content=\"@BGFilharmonija\" \/>\n<meta name=\"twitter:site\" content=\"@BGFilharmonija\" \/>\n<meta name=\"twitter:label1\" content=\"\u041d\u0430\u043f\u0438\u0441\u0430\u043d\u043e \u043e\u0434\" \/>\n\t<meta name=\"twitter:data1\" content=\"bgf\" \/>\n\t<meta name=\"twitter:label2\" content=\"\u041f\u0440\u043e\u0446\u0435\u045a\u0435\u043d\u043e \u0432\u0440\u0435\u043c\u0435 \u0447\u0438\u0442\u0430\u045a\u0430\" \/>\n\t<meta name=\"twitter:data2\" content=\"2 \u043c\u0438\u043d\u0443\u0442\u0430\" \/>\n<script type=\"application\/ld+json\" class=\"yoast-schema-graph\">{\"@context\":\"https:\/\/schema.org\",\"@graph\":[{\"@type\":\"WebPage\",\"@id\":\"https:\/\/www.bgf.rs\/lt\/srpska-premijera-berliozovog-dela\/\",\"url\":\"https:\/\/www.bgf.rs\/lt\/srpska-premijera-berliozovog-dela\/\",\"name\":\"Srpska premijera Berliozovog dela | Beogradska filharmonija\",\"isPartOf\":{\"@id\":\"https:\/\/www.bgf.rs\/#website\"},\"primaryImageOfPage\":{\"@id\":\"https:\/\/www.bgf.rs\/lt\/srpska-premijera-berliozovog-dela\/#primaryimage\"},\"image\":{\"@id\":\"https:\/\/www.bgf.rs\/lt\/srpska-premijera-berliozovog-dela\/#primaryimage\"},\"thumbnailUrl\":\"https:\/\/www.bgf.rs\/wp-content\/uploads\/2017\/03\/BGF-i-K.-Mandeal.jpg\",\"datePublished\":\"2017-03-02T13:12:12+00:00\",\"dateModified\":\"2017-03-02T13:13:37+00:00\",\"author\":{\"@id\":\"https:\/\/www.bgf.rs\/#\/schema\/person\/46fa53958df31282374baf403ec8bc64\"},\"breadcrumb\":{\"@id\":\"https:\/\/www.bgf.rs\/lt\/srpska-premijera-berliozovog-dela\/#breadcrumb\"},\"inLanguage\":\"sr-RS\",\"potentialAction\":[{\"@type\":\"ReadAction\",\"target\":[\"https:\/\/www.bgf.rs\/lt\/srpska-premijera-berliozovog-dela\/\"]}]},{\"@type\":\"ImageObject\",\"inLanguage\":\"sr-RS\",\"@id\":\"https:\/\/www.bgf.rs\/lt\/srpska-premijera-berliozovog-dela\/#primaryimage\",\"url\":\"https:\/\/www.bgf.rs\/wp-content\/uploads\/2017\/03\/BGF-i-K.-Mandeal.jpg\",\"contentUrl\":\"https:\/\/www.bgf.rs\/wp-content\/uploads\/2017\/03\/BGF-i-K.-Mandeal.jpg\",\"width\":1170,\"height\":450,\"caption\":\"10. maj 2013. Vremeplov: klasicizam Dirigent: Kristijan Mandeal Solisti: Jelena Dimitrijevic, Milovan Jovanovic, violine i Veljko Klenkovski, klarinet A. Snitke: Moz-Art a la Haydn za dve violine, dva mala gudacka orkestra, kontrabas i dirigenta V. A. Mocart: Koncert za klarinet i orkestar M. Reger: Varijacije i fuga na Mocartovu temu Beograd, 10.05.2013. foto Marko Djokovic\/BEOGRADSKA FILHARMONIJA\"},{\"@type\":\"BreadcrumbList\",\"@id\":\"https:\/\/www.bgf.rs\/lt\/srpska-premijera-berliozovog-dela\/#breadcrumb\",\"itemListElement\":[{\"@type\":\"ListItem\",\"position\":1,\"name\":\"Home\",\"item\":\"https:\/\/www.bgf.rs\/\"},{\"@type\":\"ListItem\",\"position\":2,\"name\":\"Srpska premijera Berliozovog dela\"}]},{\"@type\":\"WebSite\",\"@id\":\"https:\/\/www.bgf.rs\/#website\",\"url\":\"https:\/\/www.bgf.rs\/\",\"name\":\"Beogradska filharmonija\",\"description\":\"Samo muzika - jer do\u017eivljaj nema cenu!\",\"potentialAction\":[{\"@type\":\"SearchAction\",\"target\":{\"@type\":\"EntryPoint\",\"urlTemplate\":\"https:\/\/www.bgf.rs\/?s={search_term_string}\"},\"query-input\":{\"@type\":\"PropertyValueSpecification\",\"valueRequired\":true,\"valueName\":\"search_term_string\"}}],\"inLanguage\":\"sr-RS\"},{\"@type\":\"Person\",\"@id\":\"https:\/\/www.bgf.rs\/#\/schema\/person\/46fa53958df31282374baf403ec8bc64\",\"name\":\"bgf\",\"image\":{\"@type\":\"ImageObject\",\"inLanguage\":\"sr-RS\",\"@id\":\"https:\/\/www.bgf.rs\/#\/schema\/person\/image\/\",\"url\":\"https:\/\/secure.gravatar.com\/avatar\/d576158b2e0a82c6bb7c436f39acc82ca27f10e4a45f05f58b6288c4d1f83d11?s=96&d=mm&r=g\",\"contentUrl\":\"https:\/\/secure.gravatar.com\/avatar\/d576158b2e0a82c6bb7c436f39acc82ca27f10e4a45f05f58b6288c4d1f83d11?s=96&d=mm&r=g\",\"caption\":\"bgf\"},\"url\":\"https:\/\/www.bgf.rs\/author\/bgf\/\"}]}<\/script>\n<!-- \/ Yoast SEO plugin. -->","yoast_head_json":{"title":"Srpska premijera Berliozovog dela | Beogradska filharmonija","robots":{"index":"index","follow":"follow","max-snippet":"max-snippet:-1","max-image-preview":"max-image-preview:large","max-video-preview":"max-video-preview:-1"},"canonical":"https:\/\/www.bgf.rs\/srpska-premijera-berliozovog-dela\/","og_locale":"sr_RS","og_type":"article","og_title":"Srpska premijera Berliozovog dela | Beogradska filharmonija","og_description":"Prvi put u Srbiji bi\u0107e izvedena Berliozova \u201ePosmrtna i trijumfalna simfonija\u201c, komponovana povodom desetogodi\u0161njice Druge francuske revolucije. Zahvaljuju\u0107i Beogradskoj filharmoniji, nakon skoro 180 godina od nastanka ovog dela, publika \u0107e \u010duti nekad najpopularniju Berliozovu kompoziciju, pod dirigentskom palicom Kristijana Mandeala, u petak, 3. marta (Kolarac, 20h). Na koncertu iz ciklusa \u201eZa megalomane\u201c na\u0107i \u0107e se [&hellip;]","og_url":"https:\/\/www.bgf.rs\/lt\/srpska-premijera-berliozovog-dela\/","og_site_name":"Beogradska filharmonija","article_published_time":"2017-03-02T13:12:12+00:00","article_modified_time":"2017-03-02T13:13:37+00:00","og_image":[{"width":1170,"height":450,"url":"https:\/\/www.bgf.rs\/wp-content\/uploads\/2017\/03\/BGF-i-K.-Mandeal.jpg","type":"image\/jpeg"}],"author":"bgf","twitter_card":"summary_large_image","twitter_creator":"@BGFilharmonija","twitter_site":"@BGFilharmonija","twitter_misc":{"\u041d\u0430\u043f\u0438\u0441\u0430\u043d\u043e \u043e\u0434":"bgf","\u041f\u0440\u043e\u0446\u0435\u045a\u0435\u043d\u043e \u0432\u0440\u0435\u043c\u0435 \u0447\u0438\u0442\u0430\u045a\u0430":"2 \u043c\u0438\u043d\u0443\u0442\u0430"},"schema":{"@context":"https:\/\/schema.org","@graph":[{"@type":"WebPage","@id":"https:\/\/www.bgf.rs\/lt\/srpska-premijera-berliozovog-dela\/","url":"https:\/\/www.bgf.rs\/lt\/srpska-premijera-berliozovog-dela\/","name":"Srpska premijera Berliozovog dela | Beogradska filharmonija","isPartOf":{"@id":"https:\/\/www.bgf.rs\/#website"},"primaryImageOfPage":{"@id":"https:\/\/www.bgf.rs\/lt\/srpska-premijera-berliozovog-dela\/#primaryimage"},"image":{"@id":"https:\/\/www.bgf.rs\/lt\/srpska-premijera-berliozovog-dela\/#primaryimage"},"thumbnailUrl":"https:\/\/www.bgf.rs\/wp-content\/uploads\/2017\/03\/BGF-i-K.-Mandeal.jpg","datePublished":"2017-03-02T13:12:12+00:00","dateModified":"2017-03-02T13:13:37+00:00","author":{"@id":"https:\/\/www.bgf.rs\/#\/schema\/person\/46fa53958df31282374baf403ec8bc64"},"breadcrumb":{"@id":"https:\/\/www.bgf.rs\/lt\/srpska-premijera-berliozovog-dela\/#breadcrumb"},"inLanguage":"sr-RS","potentialAction":[{"@type":"ReadAction","target":["https:\/\/www.bgf.rs\/lt\/srpska-premijera-berliozovog-dela\/"]}]},{"@type":"ImageObject","inLanguage":"sr-RS","@id":"https:\/\/www.bgf.rs\/lt\/srpska-premijera-berliozovog-dela\/#primaryimage","url":"https:\/\/www.bgf.rs\/wp-content\/uploads\/2017\/03\/BGF-i-K.-Mandeal.jpg","contentUrl":"https:\/\/www.bgf.rs\/wp-content\/uploads\/2017\/03\/BGF-i-K.-Mandeal.jpg","width":1170,"height":450,"caption":"10. maj 2013. Vremeplov: klasicizam Dirigent: Kristijan Mandeal Solisti: Jelena Dimitrijevic, Milovan Jovanovic, violine i Veljko Klenkovski, klarinet A. Snitke: Moz-Art a la Haydn za dve violine, dva mala gudacka orkestra, kontrabas i dirigenta V. A. Mocart: Koncert za klarinet i orkestar M. Reger: Varijacije i fuga na Mocartovu temu Beograd, 10.05.2013. foto Marko Djokovic\/BEOGRADSKA FILHARMONIJA"},{"@type":"BreadcrumbList","@id":"https:\/\/www.bgf.rs\/lt\/srpska-premijera-berliozovog-dela\/#breadcrumb","itemListElement":[{"@type":"ListItem","position":1,"name":"Home","item":"https:\/\/www.bgf.rs\/"},{"@type":"ListItem","position":2,"name":"Srpska premijera Berliozovog dela"}]},{"@type":"WebSite","@id":"https:\/\/www.bgf.rs\/#website","url":"https:\/\/www.bgf.rs\/","name":"Beogradska filharmonija","description":"Samo muzika - jer do\u017eivljaj nema cenu!","potentialAction":[{"@type":"SearchAction","target":{"@type":"EntryPoint","urlTemplate":"https:\/\/www.bgf.rs\/?s={search_term_string}"},"query-input":{"@type":"PropertyValueSpecification","valueRequired":true,"valueName":"search_term_string"}}],"inLanguage":"sr-RS"},{"@type":"Person","@id":"https:\/\/www.bgf.rs\/#\/schema\/person\/46fa53958df31282374baf403ec8bc64","name":"bgf","image":{"@type":"ImageObject","inLanguage":"sr-RS","@id":"https:\/\/www.bgf.rs\/#\/schema\/person\/image\/","url":"https:\/\/secure.gravatar.com\/avatar\/d576158b2e0a82c6bb7c436f39acc82ca27f10e4a45f05f58b6288c4d1f83d11?s=96&d=mm&r=g","contentUrl":"https:\/\/secure.gravatar.com\/avatar\/d576158b2e0a82c6bb7c436f39acc82ca27f10e4a45f05f58b6288c4d1f83d11?s=96&d=mm&r=g","caption":"bgf"},"url":"https:\/\/www.bgf.rs\/author\/bgf\/"}]}},"_links":{"self":[{"href":"https:\/\/www.bgf.rs\/lt\/wp-json\/wp\/v2\/posts\/10283\/"}],"collection":[{"href":"https:\/\/www.bgf.rs\/lt\/wp-json\/wp\/v2\/posts\/"}],"about":[{"href":"https:\/\/www.bgf.rs\/lt\/wp-json\/wp\/v2\/types\/post\/"}],"author":[{"embeddable":true,"href":"https:\/\/www.bgf.rs\/lt\/wp-json\/wp\/v2\/users\/1\/"}],"replies":[{"embeddable":true,"href":"https:\/\/www.bgf.rs\/lt\/wp-json\/wp\/v2\/comments\/?post=10283"}],"version-history":[{"count":0,"href":"https:\/\/www.bgf.rs\/lt\/wp-json\/wp\/v2\/posts\/10283\/revisions\/"}],"wp:featuredmedia":[{"embeddable":true,"href":"https:\/\/www.bgf.rs\/lt\/wp-json\/wp\/v2\/media\/10281\/"}],"wp:attachment":[{"href":"https:\/\/www.bgf.rs\/lt\/wp-json\/wp\/v2\/media\/?parent=10283"}],"wp:term":[{"taxonomy":"category","embeddable":true,"href":"https:\/\/www.bgf.rs\/lt\/wp-json\/wp\/v2\/categories\/?post=10283"},{"taxonomy":"post_tag","embeddable":true,"href":"https:\/\/www.bgf.rs\/lt\/wp-json\/wp\/v2\/tags\/?post=10283"}],"curies":[{"name":"wp","href":"https:\/\/api.w.org\/{rel}","templated":true}]}}