{"id":102253,"date":"2023-06-14T16:03:22","date_gmt":"2023-06-14T15:03:22","guid":{"rendered":"https:\/\/www.bgf.rs\/?p=102253"},"modified":"2023-06-15T16:05:47","modified_gmt":"2023-06-15T15:05:47","slug":"100-rodjendan-filharmonije-vece-puno-muzike-smeha-suza-radosnica-i-ovacija","status":"publish","type":"post","link":"https:\/\/www.bgf.rs\/lt\/100-rodjendan-filharmonije-vece-puno-muzike-smeha-suza-radosnica-i-ovacija\/","title":{"rendered":"100. ro\u0111endan Filharmonije \u2013 ve\u010de puno muzike, smeha, suza radosnica i ovacija"},"content":{"rendered":"<p><span style=\"font-weight: 400;\">Beogradska filharmonija je ve\u010deras u prepunom Kolarcu sve\u010dano zapo\u010dela proslavu svog stotog ro\u0111endana koncertom koji je poklonila publici. Orkestar je predvodio Uro\u0161 Lajovic, nekada\u0161nji \u0161ef-dirigent koji je ovom prilikom odlikovan zvanjem po\u010dasnog dirigenta, a kao specijalni gosti iznena\u0111enja nastupili su muzi\u010dari \u010duvenog \u201eJano\u0161ka ansambla\u201c iz Be\u010da.\u00a0<\/span><\/p>\n<p><span style=\"font-weight: 400;\">Nesvakida\u0161nje emotivna atmosfera obele\u017eila je ro\u0111endansko ve\u010de ponosnih filharmoni\u010dara i ushi\u0107ene publike. Program je otpo\u010deo \u201eSve\u010danom uvertirom\u201c Dmitrija \u0160ostakovi\u010da za koga se mo\u017ee re\u0107i da je filharmonijski favorit i najradije izvo\u0111en kompozitor. U skladu sa slavljeni\u010dkom atmosferom, svirale su se \u201eRo\u0111endanske varijacije\u201c u razli\u010ditim stilskim \u017eanrovima uz specijalni dodatak varijacije u sprskom stilu koju je specijalno ovom prilikom komponovao Milo\u0161 Branisavljevi\u0107. Na programu je tako\u0111e bilo finale Betovenove Pete simfonije, kao i Grlica iz Ohridske legende, osniva\u010da Stevana Hristi\u0107a.\u00a0<\/span><\/p>\n<p><span style=\"font-weight: 400;\">Temperatura koncerta je dovedena do klju\u010danja uz \u201eJano\u0161ka ansambl\u201c koji okuplja nesvakida\u0161nje virtuoze, muzi\u010dke akrobate poznate po \u017eanrovskim transformacijama. Tako se u njihovom specijalnom \u201eJano\u0161ka stilu\u201c u performansu sa filharmoni\u010darima \u010dula muzika od Mocarta, preko kafanskih pesama do hitova Bitlsa koji su se orili Kolarcem.<\/span><\/p>\n<p><span style=\"font-weight: 400;\">Kroz program koji je vodio glumac i filharmonijski prijatelj Vladimir Aleksi\u0107, a rediteljski uobli\u010dio Milutin Petrovi\u0107, Beogradska filharmonija je napravila oma\u017e nekada\u0161njim direktorima, umetni\u010dkima direktorima i \u0161efovima dirigentima, od Stevana Hristi\u0107a do Ivana Tasovca \u010dijom zaslugom je danas Filharmonija orkestar svetskog kvaliteta. Tako\u0111e su slavne zvezde \u010destitale ro\u0111endan Filharmoniji poput Zubina Mehte, \u0161efa-dirigenta Gabrijela Felca, glavnog gostuju\u0107eg dirigenta Danijela Rajskina, Dan Tane, holivudske glumice Stane Kati\u0107, pijaniste Fazila Saja i mnogi drugi \u010dije su se poruke emitovale, a specijalni gosti koncerta su bili filharmonijski penzioneri.<\/span><\/p>\n<p><span style=\"font-weight: 400;\">Proslava stogodi\u0161njice nastavlja se na Gala koncertu sa legendarnim Zubinom Mehtom (20. jun na Kolarcu) nakon \u010dega sledi regionalna turneja u okviru inicijative Otvoreni Balkan u Tirani i Skoplju, a ceremoniju otvaranja jubileja kruni\u0161e veliki i besplatni koncert na otvorenom i izvo\u0111enje Dizni fantazije u\u017eivo na U\u0161\u0107u, 2. jula.<\/span><\/p>\n","protected":false},"excerpt":{"rendered":"<p>Beogradska filharmonija je ve\u010deras u prepunom Kolarcu sve\u010dano zapo\u010dela proslavu svog stotog ro\u0111endana koncertom koji je poklonila publici. Orkestar je predvodio Uro\u0161 Lajovic, nekada\u0161nji \u0161ef-dirigent koji je ovom prilikom odlikovan zvanjem po\u010dasnog dirigenta, a kao specijalni gosti iznena\u0111enja nastupili su muzi\u010dari \u010duvenog \u201eJano\u0161ka ansambla\u201c iz Be\u010da.\u00a0 Nesvakida\u0161nje emotivna atmosfera obele\u017eila je ro\u0111endansko ve\u010de ponosnih filharmoni\u010dara [&hellip;]<\/p>\n","protected":false},"author":6,"featured_media":102252,"comment_status":"open","ping_status":"open","sticky":false,"template":"","format":"standard","meta":{"_acf_changed":false,"footnotes":""},"categories":[113],"tags":[],"class_list":["post-102253","post","type-post","status-publish","format-standard","has-post-thumbnail","hentry","category-news-lt"],"acf":[],"yoast_head":"<!-- This site is optimized with the Yoast SEO plugin v23.4 - https:\/\/yoast.com\/wordpress\/plugins\/seo\/ -->\n<title>100. ro\u0111endan Filharmonije \u2013 ve\u010de puno muzike, smeha, suza radosnica i ovacija | Beogradska filharmonija<\/title>\n<meta name=\"robots\" content=\"index, follow, max-snippet:-1, max-image-preview:large, max-video-preview:-1\" \/>\n<link rel=\"canonical\" href=\"https:\/\/www.bgf.rs\/100-rodjendan-filharmonije-vece-puno-muzike-smeha-suza-radosnica-i-ovacija\/\" \/>\n<meta property=\"og:locale\" content=\"sr_RS\" \/>\n<meta property=\"og:type\" content=\"article\" \/>\n<meta property=\"og:title\" content=\"100. ro\u0111endan Filharmonije \u2013 ve\u010de puno muzike, smeha, suza radosnica i ovacija | Beogradska filharmonija\" \/>\n<meta property=\"og:description\" content=\"Beogradska filharmonija je ve\u010deras u prepunom Kolarcu sve\u010dano zapo\u010dela proslavu svog stotog ro\u0111endana koncertom koji je poklonila publici. Orkestar je predvodio Uro\u0161 Lajovic, nekada\u0161nji \u0161ef-dirigent koji je ovom prilikom odlikovan zvanjem po\u010dasnog dirigenta, a kao specijalni gosti iznena\u0111enja nastupili su muzi\u010dari \u010duvenog \u201eJano\u0161ka ansambla\u201c iz Be\u010da.\u00a0 Nesvakida\u0161nje emotivna atmosfera obele\u017eila je ro\u0111endansko ve\u010de ponosnih filharmoni\u010dara [&hellip;]\" \/>\n<meta property=\"og:url\" content=\"https:\/\/www.bgf.rs\/lt\/100-rodjendan-filharmonije-vece-puno-muzike-smeha-suza-radosnica-i-ovacija\/\" \/>\n<meta property=\"og:site_name\" content=\"Beogradska filharmonija\" \/>\n<meta property=\"article:published_time\" content=\"2023-06-14T15:03:22+00:00\" \/>\n<meta property=\"article:modified_time\" content=\"2023-06-15T15:05:47+00:00\" \/>\n<meta property=\"og:image\" content=\"http:\/\/www.bgf.rs\/wp-content\/uploads\/2023\/06\/MDJ335209.jpg\" \/>\n\t<meta property=\"og:image:width\" content=\"1140\" \/>\n\t<meta property=\"og:image:height\" content=\"760\" \/>\n\t<meta property=\"og:image:type\" content=\"image\/jpeg\" \/>\n<meta name=\"author\" content=\"Petar\" \/>\n<meta name=\"twitter:card\" content=\"summary_large_image\" \/>\n<meta name=\"twitter:creator\" content=\"@BGFilharmonija\" \/>\n<meta name=\"twitter:site\" content=\"@BGFilharmonija\" \/>\n<meta name=\"twitter:label1\" content=\"\u041d\u0430\u043f\u0438\u0441\u0430\u043d\u043e \u043e\u0434\" \/>\n\t<meta name=\"twitter:data1\" content=\"Petar\" \/>\n\t<meta name=\"twitter:label2\" content=\"\u041f\u0440\u043e\u0446\u0435\u045a\u0435\u043d\u043e \u0432\u0440\u0435\u043c\u0435 \u0447\u0438\u0442\u0430\u045a\u0430\" \/>\n\t<meta name=\"twitter:data2\" content=\"2 \u043c\u0438\u043d\u0443\u0442\u0430\" \/>\n<script type=\"application\/ld+json\" class=\"yoast-schema-graph\">{\"@context\":\"https:\/\/schema.org\",\"@graph\":[{\"@type\":\"WebPage\",\"@id\":\"https:\/\/www.bgf.rs\/lt\/100-rodjendan-filharmonije-vece-puno-muzike-smeha-suza-radosnica-i-ovacija\/\",\"url\":\"https:\/\/www.bgf.rs\/lt\/100-rodjendan-filharmonije-vece-puno-muzike-smeha-suza-radosnica-i-ovacija\/\",\"name\":\"100. ro\u0111endan Filharmonije \u2013 ve\u010de puno muzike, smeha, suza radosnica i ovacija | Beogradska filharmonija\",\"isPartOf\":{\"@id\":\"https:\/\/www.bgf.rs\/#website\"},\"primaryImageOfPage\":{\"@id\":\"https:\/\/www.bgf.rs\/lt\/100-rodjendan-filharmonije-vece-puno-muzike-smeha-suza-radosnica-i-ovacija\/#primaryimage\"},\"image\":{\"@id\":\"https:\/\/www.bgf.rs\/lt\/100-rodjendan-filharmonije-vece-puno-muzike-smeha-suza-radosnica-i-ovacija\/#primaryimage\"},\"thumbnailUrl\":\"https:\/\/www.bgf.rs\/wp-content\/uploads\/2023\/06\/MDJ335209.jpg\",\"datePublished\":\"2023-06-14T15:03:22+00:00\",\"dateModified\":\"2023-06-15T15:05:47+00:00\",\"author\":{\"@id\":\"https:\/\/www.bgf.rs\/#\/schema\/person\/60d9449f9258712254a02ae331444b0b\"},\"breadcrumb\":{\"@id\":\"https:\/\/www.bgf.rs\/lt\/100-rodjendan-filharmonije-vece-puno-muzike-smeha-suza-radosnica-i-ovacija\/#breadcrumb\"},\"inLanguage\":\"sr-RS\",\"potentialAction\":[{\"@type\":\"ReadAction\",\"target\":[\"https:\/\/www.bgf.rs\/lt\/100-rodjendan-filharmonije-vece-puno-muzike-smeha-suza-radosnica-i-ovacija\/\"]}]},{\"@type\":\"ImageObject\",\"inLanguage\":\"sr-RS\",\"@id\":\"https:\/\/www.bgf.rs\/lt\/100-rodjendan-filharmonije-vece-puno-muzike-smeha-suza-radosnica-i-ovacija\/#primaryimage\",\"url\":\"https:\/\/www.bgf.rs\/wp-content\/uploads\/2023\/06\/MDJ335209.jpg\",\"contentUrl\":\"https:\/\/www.bgf.rs\/wp-content\/uploads\/2023\/06\/MDJ335209.jpg\",\"width\":1140,\"height\":760},{\"@type\":\"BreadcrumbList\",\"@id\":\"https:\/\/www.bgf.rs\/lt\/100-rodjendan-filharmonije-vece-puno-muzike-smeha-suza-radosnica-i-ovacija\/#breadcrumb\",\"itemListElement\":[{\"@type\":\"ListItem\",\"position\":1,\"name\":\"Home\",\"item\":\"https:\/\/www.bgf.rs\/\"},{\"@type\":\"ListItem\",\"position\":2,\"name\":\"100. ro\u0111endan Filharmonije \u2013 ve\u010de puno muzike, smeha, suza radosnica i ovacija\"}]},{\"@type\":\"WebSite\",\"@id\":\"https:\/\/www.bgf.rs\/#website\",\"url\":\"https:\/\/www.bgf.rs\/\",\"name\":\"Beogradska filharmonija\",\"description\":\"Samo muzika - jer do\u017eivljaj nema cenu!\",\"potentialAction\":[{\"@type\":\"SearchAction\",\"target\":{\"@type\":\"EntryPoint\",\"urlTemplate\":\"https:\/\/www.bgf.rs\/?s={search_term_string}\"},\"query-input\":{\"@type\":\"PropertyValueSpecification\",\"valueRequired\":true,\"valueName\":\"search_term_string\"}}],\"inLanguage\":\"sr-RS\"},{\"@type\":\"Person\",\"@id\":\"https:\/\/www.bgf.rs\/#\/schema\/person\/60d9449f9258712254a02ae331444b0b\",\"name\":\"Petar\",\"image\":{\"@type\":\"ImageObject\",\"inLanguage\":\"sr-RS\",\"@id\":\"https:\/\/www.bgf.rs\/#\/schema\/person\/image\/\",\"url\":\"https:\/\/secure.gravatar.com\/avatar\/9ed0a4f8d9017f4faad4087d58438d000211662e0728fb57bdc56c94291a9ec1?s=96&d=mm&r=g\",\"contentUrl\":\"https:\/\/secure.gravatar.com\/avatar\/9ed0a4f8d9017f4faad4087d58438d000211662e0728fb57bdc56c94291a9ec1?s=96&d=mm&r=g\",\"caption\":\"Petar\"},\"url\":\"https:\/\/www.bgf.rs\/author\/petar\/\"}]}<\/script>\n<!-- \/ Yoast SEO plugin. -->","yoast_head_json":{"title":"100. ro\u0111endan Filharmonije \u2013 ve\u010de puno muzike, smeha, suza radosnica i ovacija | Beogradska filharmonija","robots":{"index":"index","follow":"follow","max-snippet":"max-snippet:-1","max-image-preview":"max-image-preview:large","max-video-preview":"max-video-preview:-1"},"canonical":"https:\/\/www.bgf.rs\/100-rodjendan-filharmonije-vece-puno-muzike-smeha-suza-radosnica-i-ovacija\/","og_locale":"sr_RS","og_type":"article","og_title":"100. ro\u0111endan Filharmonije \u2013 ve\u010de puno muzike, smeha, suza radosnica i ovacija | Beogradska filharmonija","og_description":"Beogradska filharmonija je ve\u010deras u prepunom Kolarcu sve\u010dano zapo\u010dela proslavu svog stotog ro\u0111endana koncertom koji je poklonila publici. Orkestar je predvodio Uro\u0161 Lajovic, nekada\u0161nji \u0161ef-dirigent koji je ovom prilikom odlikovan zvanjem po\u010dasnog dirigenta, a kao specijalni gosti iznena\u0111enja nastupili su muzi\u010dari \u010duvenog \u201eJano\u0161ka ansambla\u201c iz Be\u010da.\u00a0 Nesvakida\u0161nje emotivna atmosfera obele\u017eila je ro\u0111endansko ve\u010de ponosnih filharmoni\u010dara [&hellip;]","og_url":"https:\/\/www.bgf.rs\/lt\/100-rodjendan-filharmonije-vece-puno-muzike-smeha-suza-radosnica-i-ovacija\/","og_site_name":"Beogradska filharmonija","article_published_time":"2023-06-14T15:03:22+00:00","article_modified_time":"2023-06-15T15:05:47+00:00","og_image":[{"width":1140,"height":760,"url":"http:\/\/www.bgf.rs\/wp-content\/uploads\/2023\/06\/MDJ335209.jpg","type":"image\/jpeg"}],"author":"Petar","twitter_card":"summary_large_image","twitter_creator":"@BGFilharmonija","twitter_site":"@BGFilharmonija","twitter_misc":{"\u041d\u0430\u043f\u0438\u0441\u0430\u043d\u043e \u043e\u0434":"Petar","\u041f\u0440\u043e\u0446\u0435\u045a\u0435\u043d\u043e \u0432\u0440\u0435\u043c\u0435 \u0447\u0438\u0442\u0430\u045a\u0430":"2 \u043c\u0438\u043d\u0443\u0442\u0430"},"schema":{"@context":"https:\/\/schema.org","@graph":[{"@type":"WebPage","@id":"https:\/\/www.bgf.rs\/lt\/100-rodjendan-filharmonije-vece-puno-muzike-smeha-suza-radosnica-i-ovacija\/","url":"https:\/\/www.bgf.rs\/lt\/100-rodjendan-filharmonije-vece-puno-muzike-smeha-suza-radosnica-i-ovacija\/","name":"100. ro\u0111endan Filharmonije \u2013 ve\u010de puno muzike, smeha, suza radosnica i ovacija | Beogradska filharmonija","isPartOf":{"@id":"https:\/\/www.bgf.rs\/#website"},"primaryImageOfPage":{"@id":"https:\/\/www.bgf.rs\/lt\/100-rodjendan-filharmonije-vece-puno-muzike-smeha-suza-radosnica-i-ovacija\/#primaryimage"},"image":{"@id":"https:\/\/www.bgf.rs\/lt\/100-rodjendan-filharmonije-vece-puno-muzike-smeha-suza-radosnica-i-ovacija\/#primaryimage"},"thumbnailUrl":"https:\/\/www.bgf.rs\/wp-content\/uploads\/2023\/06\/MDJ335209.jpg","datePublished":"2023-06-14T15:03:22+00:00","dateModified":"2023-06-15T15:05:47+00:00","author":{"@id":"https:\/\/www.bgf.rs\/#\/schema\/person\/60d9449f9258712254a02ae331444b0b"},"breadcrumb":{"@id":"https:\/\/www.bgf.rs\/lt\/100-rodjendan-filharmonije-vece-puno-muzike-smeha-suza-radosnica-i-ovacija\/#breadcrumb"},"inLanguage":"sr-RS","potentialAction":[{"@type":"ReadAction","target":["https:\/\/www.bgf.rs\/lt\/100-rodjendan-filharmonije-vece-puno-muzike-smeha-suza-radosnica-i-ovacija\/"]}]},{"@type":"ImageObject","inLanguage":"sr-RS","@id":"https:\/\/www.bgf.rs\/lt\/100-rodjendan-filharmonije-vece-puno-muzike-smeha-suza-radosnica-i-ovacija\/#primaryimage","url":"https:\/\/www.bgf.rs\/wp-content\/uploads\/2023\/06\/MDJ335209.jpg","contentUrl":"https:\/\/www.bgf.rs\/wp-content\/uploads\/2023\/06\/MDJ335209.jpg","width":1140,"height":760},{"@type":"BreadcrumbList","@id":"https:\/\/www.bgf.rs\/lt\/100-rodjendan-filharmonije-vece-puno-muzike-smeha-suza-radosnica-i-ovacija\/#breadcrumb","itemListElement":[{"@type":"ListItem","position":1,"name":"Home","item":"https:\/\/www.bgf.rs\/"},{"@type":"ListItem","position":2,"name":"100. ro\u0111endan Filharmonije \u2013 ve\u010de puno muzike, smeha, suza radosnica i ovacija"}]},{"@type":"WebSite","@id":"https:\/\/www.bgf.rs\/#website","url":"https:\/\/www.bgf.rs\/","name":"Beogradska filharmonija","description":"Samo muzika - jer do\u017eivljaj nema cenu!","potentialAction":[{"@type":"SearchAction","target":{"@type":"EntryPoint","urlTemplate":"https:\/\/www.bgf.rs\/?s={search_term_string}"},"query-input":{"@type":"PropertyValueSpecification","valueRequired":true,"valueName":"search_term_string"}}],"inLanguage":"sr-RS"},{"@type":"Person","@id":"https:\/\/www.bgf.rs\/#\/schema\/person\/60d9449f9258712254a02ae331444b0b","name":"Petar","image":{"@type":"ImageObject","inLanguage":"sr-RS","@id":"https:\/\/www.bgf.rs\/#\/schema\/person\/image\/","url":"https:\/\/secure.gravatar.com\/avatar\/9ed0a4f8d9017f4faad4087d58438d000211662e0728fb57bdc56c94291a9ec1?s=96&d=mm&r=g","contentUrl":"https:\/\/secure.gravatar.com\/avatar\/9ed0a4f8d9017f4faad4087d58438d000211662e0728fb57bdc56c94291a9ec1?s=96&d=mm&r=g","caption":"Petar"},"url":"https:\/\/www.bgf.rs\/author\/petar\/"}]}},"_links":{"self":[{"href":"https:\/\/www.bgf.rs\/lt\/wp-json\/wp\/v2\/posts\/102253\/"}],"collection":[{"href":"https:\/\/www.bgf.rs\/lt\/wp-json\/wp\/v2\/posts\/"}],"about":[{"href":"https:\/\/www.bgf.rs\/lt\/wp-json\/wp\/v2\/types\/post\/"}],"author":[{"embeddable":true,"href":"https:\/\/www.bgf.rs\/lt\/wp-json\/wp\/v2\/users\/6\/"}],"replies":[{"embeddable":true,"href":"https:\/\/www.bgf.rs\/lt\/wp-json\/wp\/v2\/comments\/?post=102253"}],"version-history":[{"count":0,"href":"https:\/\/www.bgf.rs\/lt\/wp-json\/wp\/v2\/posts\/102253\/revisions\/"}],"wp:featuredmedia":[{"embeddable":true,"href":"https:\/\/www.bgf.rs\/lt\/wp-json\/wp\/v2\/media\/102252\/"}],"wp:attachment":[{"href":"https:\/\/www.bgf.rs\/lt\/wp-json\/wp\/v2\/media\/?parent=102253"}],"wp:term":[{"taxonomy":"category","embeddable":true,"href":"https:\/\/www.bgf.rs\/lt\/wp-json\/wp\/v2\/categories\/?post=102253"},{"taxonomy":"post_tag","embeddable":true,"href":"https:\/\/www.bgf.rs\/lt\/wp-json\/wp\/v2\/tags\/?post=102253"}],"curies":[{"name":"wp","href":"https:\/\/api.w.org\/{rel}","templated":true}]}}