{"id":10156,"date":"2017-02-08T21:15:44","date_gmt":"2017-02-08T20:15:44","guid":{"rendered":"http:\/\/www.bgf.rs\/lt\/?p=10156"},"modified":"2017-02-08T21:16:41","modified_gmt":"2017-02-08T20:16:41","slug":"sef-dirigent-filharmonije-i-cuveni-solima","status":"publish","type":"post","link":"https:\/\/www.bgf.rs\/lt\/sef-dirigent-filharmonije-i-cuveni-solima\/","title":{"rendered":"\u0160ef-dirigent Filharmonije i \u010duveni Solima"},"content":{"rendered":"<p>Beogradska filharmonija ponovo je u rukama \u0161efa-dirigenta Gabrijela Felca, koji nastupa zajedno sa superstarom na violon\u010delu \u2013 \u0110ovanijem Solimom,\u00a0<a href=\"http:\/\/www.bgf.rs\/\/lt\/repertoar_cp\/filharmanija-2-3\/\">9. i 10. februara (Kolarac, 20 \u010dasova)<\/a>. Koncert iz ciklusa \u201eZa avanturiste\u201c obele\u017eava inspiracija folklorom, posmatrana iz vizure tri autora razli\u010ditih stilskih opredeljenja, nacionalnosti i generacija.<br \/>\n&nbsp;<br \/>\nFilharmonijski avanturisti, radoznali za programe koji donose\u00a0najvi\u0161e novina, ima\u0107e priliku da \u010duju srpsku premijeru kompozicije\u00a0<em>Narodne pri\u010de<\/em>, u izvo\u0111enju samog autora \u0110ovanija Solime. Njegove<em>\u00a0pri\u010de<\/em>\u00a0inspirisane mediteranskim folklorom, tretiranim na potpuno savremen na\u010din, violon\u010delista \u0107e pripovedati svojim\u00a0instrumentom.\u00a0Jedan od najautenti\u010dnijih umetnika savremene muzi\u010dke scene,\u00a0nastupao je sa zvezdama kao \u0161to su Marta Argeri\u010d, Rikardo Muti, Jurij Ba\u0161met, ali i sa umetnicima poput Boba Vilsona, Alesandra Barika i Peti Smit.<br \/>\n&nbsp;<br \/>\n\u201eOdu\u0161evljen sam kako moja kompozicija zvu\u010di sa Gabrijelom Felcom i Beogradskom filharmonijom. Mnogo se zabavljamo dok radimo, zato sam nestrpljiv da\u00a0<em>Narodne pri\u010de<\/em>\u00a0zajedno ispri\u010damo beogradskoj publici\u201d, rekao je \u0110ovani Solima uo\u010di dva koncerta na Kolarcu.<br \/>\n&nbsp;<br \/>\nProgram za avanturiste otvara\u00a0<em>Koncertna uvertira<\/em>\u00a0poljskog kompozitora \u0160imanovskog, a kruni\u0161u odlomci iz \u010duvenog Smetaninog dela\u00a0<em>Moja domovina<\/em>, kao simboli\u010dna najava saradnje sa Gabrijelom Felcom, novim \u0161efom-dirigentom Beogradske filharmonije od sezone 2017\/18.<br \/>\n&nbsp;<br \/>\nZato \u0161to jednom nije dovoljno, koncert namenjen \u201eAvanturistima\u201c\u00a0 bi\u0107e pretpremijerno izveden u okviru \u201eFilharmanije\u201c \u2013 ciklusa najatraktivnijih koncerata koje Beogradska filharmonija ponavlja zbog velikog interesovanja.<\/p>\n","protected":false},"excerpt":{"rendered":"<p>Beogradska filharmonija ponovo je u rukama \u0161efa-dirigenta Gabrijela Felca, koji nastupa zajedno sa superstarom na violon\u010delu \u2013 \u0110ovanijem Solimom,\u00a09. i 10. februara (Kolarac, 20 \u010dasova). Koncert iz ciklusa \u201eZa avanturiste\u201c obele\u017eava inspiracija folklorom, posmatrana iz vizure tri autora razli\u010ditih stilskih opredeljenja, nacionalnosti i generacija. &nbsp; Filharmonijski avanturisti, radoznali za programe koji donose\u00a0najvi\u0161e novina, ima\u0107e priliku [&hellip;]<\/p>\n","protected":false},"author":1,"featured_media":10154,"comment_status":"open","ping_status":"open","sticky":false,"template":"","format":"standard","meta":{"_acf_changed":false,"footnotes":""},"categories":[113],"tags":[],"class_list":["post-10156","post","type-post","status-publish","format-standard","has-post-thumbnail","hentry","category-news-lt"],"acf":[],"yoast_head":"<!-- This site is optimized with the Yoast SEO plugin v23.4 - https:\/\/yoast.com\/wordpress\/plugins\/seo\/ -->\n<title>\u0160ef-dirigent Filharmonije i \u010duveni Solima | Beogradska filharmonija<\/title>\n<meta name=\"robots\" content=\"index, follow, max-snippet:-1, max-image-preview:large, max-video-preview:-1\" \/>\n<link rel=\"canonical\" href=\"https:\/\/www.bgf.rs\/sef-dirigent-filharmonije-i-cuveni-solima\/\" \/>\n<meta property=\"og:locale\" content=\"sr_RS\" \/>\n<meta property=\"og:type\" content=\"article\" \/>\n<meta property=\"og:title\" content=\"\u0160ef-dirigent Filharmonije i \u010duveni Solima | Beogradska filharmonija\" \/>\n<meta property=\"og:description\" content=\"Beogradska filharmonija ponovo je u rukama \u0161efa-dirigenta Gabrijela Felca, koji nastupa zajedno sa superstarom na violon\u010delu \u2013 \u0110ovanijem Solimom,\u00a09. i 10. februara (Kolarac, 20 \u010dasova). Koncert iz ciklusa \u201eZa avanturiste\u201c obele\u017eava inspiracija folklorom, posmatrana iz vizure tri autora razli\u010ditih stilskih opredeljenja, nacionalnosti i generacija. &nbsp; Filharmonijski avanturisti, radoznali za programe koji donose\u00a0najvi\u0161e novina, ima\u0107e priliku [&hellip;]\" \/>\n<meta property=\"og:url\" content=\"https:\/\/www.bgf.rs\/lt\/sef-dirigent-filharmonije-i-cuveni-solima\/\" \/>\n<meta property=\"og:site_name\" content=\"Beogradska filharmonija\" \/>\n<meta property=\"article:published_time\" content=\"2017-02-08T20:15:44+00:00\" \/>\n<meta property=\"article:modified_time\" content=\"2017-02-08T20:16:41+00:00\" \/>\n<meta property=\"og:image\" content=\"https:\/\/www.bgf.rs\/wp-content\/uploads\/2017\/02\/Felc-Solima.jpg\" \/>\n\t<meta property=\"og:image:width\" content=\"1170\" \/>\n\t<meta property=\"og:image:height\" content=\"450\" \/>\n\t<meta property=\"og:image:type\" content=\"image\/jpeg\" \/>\n<meta name=\"author\" content=\"bgf\" \/>\n<meta name=\"twitter:card\" content=\"summary_large_image\" \/>\n<meta name=\"twitter:creator\" content=\"@BGFilharmonija\" \/>\n<meta name=\"twitter:site\" content=\"@BGFilharmonija\" \/>\n<meta name=\"twitter:label1\" content=\"\u041d\u0430\u043f\u0438\u0441\u0430\u043d\u043e \u043e\u0434\" \/>\n\t<meta name=\"twitter:data1\" content=\"bgf\" \/>\n\t<meta name=\"twitter:label2\" content=\"\u041f\u0440\u043e\u0446\u0435\u045a\u0435\u043d\u043e \u0432\u0440\u0435\u043c\u0435 \u0447\u0438\u0442\u0430\u045a\u0430\" \/>\n\t<meta name=\"twitter:data2\" content=\"1 \u043c\u0438\u043d\u0443\u0442\" \/>\n<script type=\"application\/ld+json\" class=\"yoast-schema-graph\">{\"@context\":\"https:\/\/schema.org\",\"@graph\":[{\"@type\":\"WebPage\",\"@id\":\"https:\/\/www.bgf.rs\/lt\/sef-dirigent-filharmonije-i-cuveni-solima\/\",\"url\":\"https:\/\/www.bgf.rs\/lt\/sef-dirigent-filharmonije-i-cuveni-solima\/\",\"name\":\"\u0160ef-dirigent Filharmonije i \u010duveni Solima | Beogradska filharmonija\",\"isPartOf\":{\"@id\":\"https:\/\/www.bgf.rs\/#website\"},\"primaryImageOfPage\":{\"@id\":\"https:\/\/www.bgf.rs\/lt\/sef-dirigent-filharmonije-i-cuveni-solima\/#primaryimage\"},\"image\":{\"@id\":\"https:\/\/www.bgf.rs\/lt\/sef-dirigent-filharmonije-i-cuveni-solima\/#primaryimage\"},\"thumbnailUrl\":\"https:\/\/www.bgf.rs\/wp-content\/uploads\/2017\/02\/Felc-Solima.jpg\",\"datePublished\":\"2017-02-08T20:15:44+00:00\",\"dateModified\":\"2017-02-08T20:16:41+00:00\",\"author\":{\"@id\":\"https:\/\/www.bgf.rs\/#\/schema\/person\/46fa53958df31282374baf403ec8bc64\"},\"breadcrumb\":{\"@id\":\"https:\/\/www.bgf.rs\/lt\/sef-dirigent-filharmonije-i-cuveni-solima\/#breadcrumb\"},\"inLanguage\":\"sr-RS\",\"potentialAction\":[{\"@type\":\"ReadAction\",\"target\":[\"https:\/\/www.bgf.rs\/lt\/sef-dirigent-filharmonije-i-cuveni-solima\/\"]}]},{\"@type\":\"ImageObject\",\"inLanguage\":\"sr-RS\",\"@id\":\"https:\/\/www.bgf.rs\/lt\/sef-dirigent-filharmonije-i-cuveni-solima\/#primaryimage\",\"url\":\"https:\/\/www.bgf.rs\/wp-content\/uploads\/2017\/02\/Felc-Solima.jpg\",\"contentUrl\":\"https:\/\/www.bgf.rs\/wp-content\/uploads\/2017\/02\/Felc-Solima.jpg\",\"width\":1170,\"height\":450,\"caption\":\"foto Marko Djokovic\/\"},{\"@type\":\"BreadcrumbList\",\"@id\":\"https:\/\/www.bgf.rs\/lt\/sef-dirigent-filharmonije-i-cuveni-solima\/#breadcrumb\",\"itemListElement\":[{\"@type\":\"ListItem\",\"position\":1,\"name\":\"Home\",\"item\":\"https:\/\/www.bgf.rs\/\"},{\"@type\":\"ListItem\",\"position\":2,\"name\":\"\u0160ef-dirigent Filharmonije i \u010duveni Solima\"}]},{\"@type\":\"WebSite\",\"@id\":\"https:\/\/www.bgf.rs\/#website\",\"url\":\"https:\/\/www.bgf.rs\/\",\"name\":\"Beogradska filharmonija\",\"description\":\"Samo muzika - jer do\u017eivljaj nema cenu!\",\"potentialAction\":[{\"@type\":\"SearchAction\",\"target\":{\"@type\":\"EntryPoint\",\"urlTemplate\":\"https:\/\/www.bgf.rs\/?s={search_term_string}\"},\"query-input\":{\"@type\":\"PropertyValueSpecification\",\"valueRequired\":true,\"valueName\":\"search_term_string\"}}],\"inLanguage\":\"sr-RS\"},{\"@type\":\"Person\",\"@id\":\"https:\/\/www.bgf.rs\/#\/schema\/person\/46fa53958df31282374baf403ec8bc64\",\"name\":\"bgf\",\"image\":{\"@type\":\"ImageObject\",\"inLanguage\":\"sr-RS\",\"@id\":\"https:\/\/www.bgf.rs\/#\/schema\/person\/image\/\",\"url\":\"https:\/\/secure.gravatar.com\/avatar\/d576158b2e0a82c6bb7c436f39acc82ca27f10e4a45f05f58b6288c4d1f83d11?s=96&d=mm&r=g\",\"contentUrl\":\"https:\/\/secure.gravatar.com\/avatar\/d576158b2e0a82c6bb7c436f39acc82ca27f10e4a45f05f58b6288c4d1f83d11?s=96&d=mm&r=g\",\"caption\":\"bgf\"},\"url\":\"https:\/\/www.bgf.rs\/author\/bgf\/\"}]}<\/script>\n<!-- \/ Yoast SEO plugin. -->","yoast_head_json":{"title":"\u0160ef-dirigent Filharmonije i \u010duveni Solima | Beogradska filharmonija","robots":{"index":"index","follow":"follow","max-snippet":"max-snippet:-1","max-image-preview":"max-image-preview:large","max-video-preview":"max-video-preview:-1"},"canonical":"https:\/\/www.bgf.rs\/sef-dirigent-filharmonije-i-cuveni-solima\/","og_locale":"sr_RS","og_type":"article","og_title":"\u0160ef-dirigent Filharmonije i \u010duveni Solima | Beogradska filharmonija","og_description":"Beogradska filharmonija ponovo je u rukama \u0161efa-dirigenta Gabrijela Felca, koji nastupa zajedno sa superstarom na violon\u010delu \u2013 \u0110ovanijem Solimom,\u00a09. i 10. februara (Kolarac, 20 \u010dasova). Koncert iz ciklusa \u201eZa avanturiste\u201c obele\u017eava inspiracija folklorom, posmatrana iz vizure tri autora razli\u010ditih stilskih opredeljenja, nacionalnosti i generacija. &nbsp; Filharmonijski avanturisti, radoznali za programe koji donose\u00a0najvi\u0161e novina, ima\u0107e priliku [&hellip;]","og_url":"https:\/\/www.bgf.rs\/lt\/sef-dirigent-filharmonije-i-cuveni-solima\/","og_site_name":"Beogradska filharmonija","article_published_time":"2017-02-08T20:15:44+00:00","article_modified_time":"2017-02-08T20:16:41+00:00","og_image":[{"width":1170,"height":450,"url":"https:\/\/www.bgf.rs\/wp-content\/uploads\/2017\/02\/Felc-Solima.jpg","type":"image\/jpeg"}],"author":"bgf","twitter_card":"summary_large_image","twitter_creator":"@BGFilharmonija","twitter_site":"@BGFilharmonija","twitter_misc":{"\u041d\u0430\u043f\u0438\u0441\u0430\u043d\u043e \u043e\u0434":"bgf","\u041f\u0440\u043e\u0446\u0435\u045a\u0435\u043d\u043e \u0432\u0440\u0435\u043c\u0435 \u0447\u0438\u0442\u0430\u045a\u0430":"1 \u043c\u0438\u043d\u0443\u0442"},"schema":{"@context":"https:\/\/schema.org","@graph":[{"@type":"WebPage","@id":"https:\/\/www.bgf.rs\/lt\/sef-dirigent-filharmonije-i-cuveni-solima\/","url":"https:\/\/www.bgf.rs\/lt\/sef-dirigent-filharmonije-i-cuveni-solima\/","name":"\u0160ef-dirigent Filharmonije i \u010duveni Solima | Beogradska filharmonija","isPartOf":{"@id":"https:\/\/www.bgf.rs\/#website"},"primaryImageOfPage":{"@id":"https:\/\/www.bgf.rs\/lt\/sef-dirigent-filharmonije-i-cuveni-solima\/#primaryimage"},"image":{"@id":"https:\/\/www.bgf.rs\/lt\/sef-dirigent-filharmonije-i-cuveni-solima\/#primaryimage"},"thumbnailUrl":"https:\/\/www.bgf.rs\/wp-content\/uploads\/2017\/02\/Felc-Solima.jpg","datePublished":"2017-02-08T20:15:44+00:00","dateModified":"2017-02-08T20:16:41+00:00","author":{"@id":"https:\/\/www.bgf.rs\/#\/schema\/person\/46fa53958df31282374baf403ec8bc64"},"breadcrumb":{"@id":"https:\/\/www.bgf.rs\/lt\/sef-dirigent-filharmonije-i-cuveni-solima\/#breadcrumb"},"inLanguage":"sr-RS","potentialAction":[{"@type":"ReadAction","target":["https:\/\/www.bgf.rs\/lt\/sef-dirigent-filharmonije-i-cuveni-solima\/"]}]},{"@type":"ImageObject","inLanguage":"sr-RS","@id":"https:\/\/www.bgf.rs\/lt\/sef-dirigent-filharmonije-i-cuveni-solima\/#primaryimage","url":"https:\/\/www.bgf.rs\/wp-content\/uploads\/2017\/02\/Felc-Solima.jpg","contentUrl":"https:\/\/www.bgf.rs\/wp-content\/uploads\/2017\/02\/Felc-Solima.jpg","width":1170,"height":450,"caption":"foto Marko Djokovic\/"},{"@type":"BreadcrumbList","@id":"https:\/\/www.bgf.rs\/lt\/sef-dirigent-filharmonije-i-cuveni-solima\/#breadcrumb","itemListElement":[{"@type":"ListItem","position":1,"name":"Home","item":"https:\/\/www.bgf.rs\/"},{"@type":"ListItem","position":2,"name":"\u0160ef-dirigent Filharmonije i \u010duveni Solima"}]},{"@type":"WebSite","@id":"https:\/\/www.bgf.rs\/#website","url":"https:\/\/www.bgf.rs\/","name":"Beogradska filharmonija","description":"Samo muzika - jer do\u017eivljaj nema cenu!","potentialAction":[{"@type":"SearchAction","target":{"@type":"EntryPoint","urlTemplate":"https:\/\/www.bgf.rs\/?s={search_term_string}"},"query-input":{"@type":"PropertyValueSpecification","valueRequired":true,"valueName":"search_term_string"}}],"inLanguage":"sr-RS"},{"@type":"Person","@id":"https:\/\/www.bgf.rs\/#\/schema\/person\/46fa53958df31282374baf403ec8bc64","name":"bgf","image":{"@type":"ImageObject","inLanguage":"sr-RS","@id":"https:\/\/www.bgf.rs\/#\/schema\/person\/image\/","url":"https:\/\/secure.gravatar.com\/avatar\/d576158b2e0a82c6bb7c436f39acc82ca27f10e4a45f05f58b6288c4d1f83d11?s=96&d=mm&r=g","contentUrl":"https:\/\/secure.gravatar.com\/avatar\/d576158b2e0a82c6bb7c436f39acc82ca27f10e4a45f05f58b6288c4d1f83d11?s=96&d=mm&r=g","caption":"bgf"},"url":"https:\/\/www.bgf.rs\/author\/bgf\/"}]}},"_links":{"self":[{"href":"https:\/\/www.bgf.rs\/lt\/wp-json\/wp\/v2\/posts\/10156\/"}],"collection":[{"href":"https:\/\/www.bgf.rs\/lt\/wp-json\/wp\/v2\/posts\/"}],"about":[{"href":"https:\/\/www.bgf.rs\/lt\/wp-json\/wp\/v2\/types\/post\/"}],"author":[{"embeddable":true,"href":"https:\/\/www.bgf.rs\/lt\/wp-json\/wp\/v2\/users\/1\/"}],"replies":[{"embeddable":true,"href":"https:\/\/www.bgf.rs\/lt\/wp-json\/wp\/v2\/comments\/?post=10156"}],"version-history":[{"count":0,"href":"https:\/\/www.bgf.rs\/lt\/wp-json\/wp\/v2\/posts\/10156\/revisions\/"}],"wp:featuredmedia":[{"embeddable":true,"href":"https:\/\/www.bgf.rs\/lt\/wp-json\/wp\/v2\/media\/10154\/"}],"wp:attachment":[{"href":"https:\/\/www.bgf.rs\/lt\/wp-json\/wp\/v2\/media\/?parent=10156"}],"wp:term":[{"taxonomy":"category","embeddable":true,"href":"https:\/\/www.bgf.rs\/lt\/wp-json\/wp\/v2\/categories\/?post=10156"},{"taxonomy":"post_tag","embeddable":true,"href":"https:\/\/www.bgf.rs\/lt\/wp-json\/wp\/v2\/tags\/?post=10156"}],"curies":[{"name":"wp","href":"https:\/\/api.w.org\/{rel}","templated":true}]}}