{"id":100886,"date":"2023-04-23T16:55:26","date_gmt":"2023-04-23T15:55:26","guid":{"rendered":"https:\/\/www.bgf.rs\/?p=100886"},"modified":"2023-04-23T16:57:22","modified_gmt":"2023-04-23T15:57:22","slug":"beogradska-filharmonija-bodrila-trkace-36-beogradskog-maratona","status":"publish","type":"post","link":"https:\/\/www.bgf.rs\/lt\/beogradska-filharmonija-bodrila-trkace-36-beogradskog-maratona\/","title":{"rendered":"Beogradska filharmonija bodrila trka\u010de 36. Beogradskog maratona"},"content":{"rendered":"<p>Beogradska filharmonija bila je muzi\u010dka podr\u0161ka u\u010desnicima 36. Beogradskog maratona. Na Mostu na Adi izme\u0111u 13. i 15. kilometra trke, filharmoni\u010dari su bodrili trka\u010de izvo\u0111enjem kompozicija Mocarta i Betovena.<\/p>\n<p>Sjajna atmosfera bila je na Mostu na Adi, jednoj od najte\u017eih deonica maratonske trase. Trka\u010di su pozdravljali Beogradsku filharmoniju najkreativnijim aplauzima, dirigentskim potezima i naklonima. Nekima su brzi stavovi Mocartove \u201eMale no\u0107ne muzike\u201c, \u201eFigarove \u017eenidbe\u201c, \u201eDivertimenta\u201c i finale Betovene Pete simfonije, ubrzali prolazno vreme, a mnogi su se na muzi\u010dkoj stanici Beogradske filharmonije malo odmorili i pravili selfije sa filharmonijskim orkestrom. Filharmoni\u010dare i trka\u010de povezuju izdr\u017eljivost, posve\u0107enost i strast, zato je nazaboravna atmosfera na Mostu na Adi bila puna obostranog divljenja i zahvalnosti.<\/p>\n<p>Most na Adi je ve\u0107 tradicionalno mesto za filharmonijsku muzi\u010dku stanicu, jer je na istoj lokaciji orkestar nastupio 2018. godine na 31. Beogradskom maratonu.<\/p>\n","protected":false},"excerpt":{"rendered":"<p>Beogradska filharmonija bila je muzi\u010dka podr\u0161ka u\u010desnicima 36. Beogradskog maratona. Na Mostu na Adi izme\u0111u 13. i 15. kilometra trke, filharmoni\u010dari su bodrili trka\u010de izvo\u0111enjem kompozicija Mocarta i Betovena. Sjajna atmosfera bila je na Mostu na Adi, jednoj od najte\u017eih deonica maratonske trase. Trka\u010di su pozdravljali Beogradsku filharmoniju najkreativnijim aplauzima, dirigentskim potezima i naklonima. Nekima [&hellip;]<\/p>\n","protected":false},"author":6,"featured_media":100885,"comment_status":"open","ping_status":"open","sticky":false,"template":"","format":"standard","meta":{"_acf_changed":false,"footnotes":""},"categories":[113],"tags":[],"class_list":["post-100886","post","type-post","status-publish","format-standard","has-post-thumbnail","hentry","category-news-lt"],"acf":[],"yoast_head":"<!-- This site is optimized with the Yoast SEO plugin v23.4 - https:\/\/yoast.com\/wordpress\/plugins\/seo\/ -->\n<title>Beogradska filharmonija bodrila trka\u010de 36. Beogradskog maratona | Beogradska filharmonija<\/title>\n<meta name=\"description\" content=\"Beogradska filharmonija bila je muzi\u010dka podr\u0161ka u\u010desnicima 36. Beogradskog maratona. Na Mostu na Adi izme\u0111u 13. i 15. kilometra trke...\" \/>\n<meta name=\"robots\" content=\"index, follow, max-snippet:-1, max-image-preview:large, max-video-preview:-1\" \/>\n<link rel=\"canonical\" href=\"https:\/\/www.bgf.rs\/beogradska-filharmonija-bodrila-trkace-36-beogradskog-maratona\/\" \/>\n<meta property=\"og:locale\" content=\"sr_RS\" \/>\n<meta property=\"og:type\" content=\"article\" \/>\n<meta property=\"og:title\" content=\"Beogradska filharmonija bodrila trka\u010de 36. Beogradskog maratona | Beogradska filharmonija\" \/>\n<meta property=\"og:description\" content=\"Beogradska filharmonija bila je muzi\u010dka podr\u0161ka u\u010desnicima 36. Beogradskog maratona. Na Mostu na Adi izme\u0111u 13. i 15. kilometra trke...\" \/>\n<meta property=\"og:url\" content=\"https:\/\/www.bgf.rs\/lt\/beogradska-filharmonija-bodrila-trkace-36-beogradskog-maratona\/\" \/>\n<meta property=\"og:site_name\" content=\"Beogradska filharmonija\" \/>\n<meta property=\"article:published_time\" content=\"2023-04-23T15:55:26+00:00\" \/>\n<meta property=\"article:modified_time\" content=\"2023-04-23T15:57:22+00:00\" \/>\n<meta property=\"og:image\" content=\"http:\/\/www.bgf.rs\/wp-content\/uploads\/2023\/04\/bgf-bgd-maraton_MDJ4801.jpg\" \/>\n\t<meta property=\"og:image:width\" content=\"1400\" \/>\n\t<meta property=\"og:image:height\" content=\"933\" \/>\n\t<meta property=\"og:image:type\" content=\"image\/jpeg\" \/>\n<meta name=\"author\" content=\"Petar\" \/>\n<meta name=\"twitter:card\" content=\"summary_large_image\" \/>\n<meta name=\"twitter:creator\" content=\"@BGFilharmonija\" \/>\n<meta name=\"twitter:site\" content=\"@BGFilharmonija\" \/>\n<meta name=\"twitter:label1\" content=\"\u041d\u0430\u043f\u0438\u0441\u0430\u043d\u043e \u043e\u0434\" \/>\n\t<meta name=\"twitter:data1\" content=\"Petar\" \/>\n\t<meta name=\"twitter:label2\" content=\"\u041f\u0440\u043e\u0446\u0435\u045a\u0435\u043d\u043e \u0432\u0440\u0435\u043c\u0435 \u0447\u0438\u0442\u0430\u045a\u0430\" \/>\n\t<meta name=\"twitter:data2\" content=\"1 \u043c\u0438\u043d\u0443\u0442\" \/>\n<script type=\"application\/ld+json\" class=\"yoast-schema-graph\">{\"@context\":\"https:\/\/schema.org\",\"@graph\":[{\"@type\":\"WebPage\",\"@id\":\"https:\/\/www.bgf.rs\/lt\/beogradska-filharmonija-bodrila-trkace-36-beogradskog-maratona\/\",\"url\":\"https:\/\/www.bgf.rs\/lt\/beogradska-filharmonija-bodrila-trkace-36-beogradskog-maratona\/\",\"name\":\"Beogradska filharmonija bodrila trka\u010de 36. Beogradskog maratona | Beogradska filharmonija\",\"isPartOf\":{\"@id\":\"https:\/\/www.bgf.rs\/#website\"},\"primaryImageOfPage\":{\"@id\":\"https:\/\/www.bgf.rs\/lt\/beogradska-filharmonija-bodrila-trkace-36-beogradskog-maratona\/#primaryimage\"},\"image\":{\"@id\":\"https:\/\/www.bgf.rs\/lt\/beogradska-filharmonija-bodrila-trkace-36-beogradskog-maratona\/#primaryimage\"},\"thumbnailUrl\":\"https:\/\/www.bgf.rs\/wp-content\/uploads\/2023\/04\/bgf-bgd-maraton_MDJ4801.jpg\",\"datePublished\":\"2023-04-23T15:55:26+00:00\",\"dateModified\":\"2023-04-23T15:57:22+00:00\",\"author\":{\"@id\":\"https:\/\/www.bgf.rs\/#\/schema\/person\/60d9449f9258712254a02ae331444b0b\"},\"description\":\"Beogradska filharmonija bila je muzi\u010dka podr\u0161ka u\u010desnicima 36. Beogradskog maratona. Na Mostu na Adi izme\u0111u 13. i 15. kilometra trke...\",\"breadcrumb\":{\"@id\":\"https:\/\/www.bgf.rs\/lt\/beogradska-filharmonija-bodrila-trkace-36-beogradskog-maratona\/#breadcrumb\"},\"inLanguage\":\"sr-RS\",\"potentialAction\":[{\"@type\":\"ReadAction\",\"target\":[\"https:\/\/www.bgf.rs\/lt\/beogradska-filharmonija-bodrila-trkace-36-beogradskog-maratona\/\"]}]},{\"@type\":\"ImageObject\",\"inLanguage\":\"sr-RS\",\"@id\":\"https:\/\/www.bgf.rs\/lt\/beogradska-filharmonija-bodrila-trkace-36-beogradskog-maratona\/#primaryimage\",\"url\":\"https:\/\/www.bgf.rs\/wp-content\/uploads\/2023\/04\/bgf-bgd-maraton_MDJ4801.jpg\",\"contentUrl\":\"https:\/\/www.bgf.rs\/wp-content\/uploads\/2023\/04\/bgf-bgd-maraton_MDJ4801.jpg\",\"width\":1400,\"height\":933},{\"@type\":\"BreadcrumbList\",\"@id\":\"https:\/\/www.bgf.rs\/lt\/beogradska-filharmonija-bodrila-trkace-36-beogradskog-maratona\/#breadcrumb\",\"itemListElement\":[{\"@type\":\"ListItem\",\"position\":1,\"name\":\"Home\",\"item\":\"https:\/\/www.bgf.rs\/\"},{\"@type\":\"ListItem\",\"position\":2,\"name\":\"Beogradska filharmonija bodrila trka\u010de 36. Beogradskog maratona\"}]},{\"@type\":\"WebSite\",\"@id\":\"https:\/\/www.bgf.rs\/#website\",\"url\":\"https:\/\/www.bgf.rs\/\",\"name\":\"Beogradska filharmonija\",\"description\":\"Samo muzika - jer do\u017eivljaj nema cenu!\",\"potentialAction\":[{\"@type\":\"SearchAction\",\"target\":{\"@type\":\"EntryPoint\",\"urlTemplate\":\"https:\/\/www.bgf.rs\/?s={search_term_string}\"},\"query-input\":{\"@type\":\"PropertyValueSpecification\",\"valueRequired\":true,\"valueName\":\"search_term_string\"}}],\"inLanguage\":\"sr-RS\"},{\"@type\":\"Person\",\"@id\":\"https:\/\/www.bgf.rs\/#\/schema\/person\/60d9449f9258712254a02ae331444b0b\",\"name\":\"Petar\",\"image\":{\"@type\":\"ImageObject\",\"inLanguage\":\"sr-RS\",\"@id\":\"https:\/\/www.bgf.rs\/#\/schema\/person\/image\/\",\"url\":\"https:\/\/secure.gravatar.com\/avatar\/9ed0a4f8d9017f4faad4087d58438d000211662e0728fb57bdc56c94291a9ec1?s=96&d=mm&r=g\",\"contentUrl\":\"https:\/\/secure.gravatar.com\/avatar\/9ed0a4f8d9017f4faad4087d58438d000211662e0728fb57bdc56c94291a9ec1?s=96&d=mm&r=g\",\"caption\":\"Petar\"},\"url\":\"https:\/\/www.bgf.rs\/author\/petar\/\"}]}<\/script>\n<!-- \/ Yoast SEO plugin. -->","yoast_head_json":{"title":"Beogradska filharmonija bodrila trka\u010de 36. Beogradskog maratona | Beogradska filharmonija","description":"Beogradska filharmonija bila je muzi\u010dka podr\u0161ka u\u010desnicima 36. Beogradskog maratona. Na Mostu na Adi izme\u0111u 13. i 15. kilometra trke...","robots":{"index":"index","follow":"follow","max-snippet":"max-snippet:-1","max-image-preview":"max-image-preview:large","max-video-preview":"max-video-preview:-1"},"canonical":"https:\/\/www.bgf.rs\/beogradska-filharmonija-bodrila-trkace-36-beogradskog-maratona\/","og_locale":"sr_RS","og_type":"article","og_title":"Beogradska filharmonija bodrila trka\u010de 36. Beogradskog maratona | Beogradska filharmonija","og_description":"Beogradska filharmonija bila je muzi\u010dka podr\u0161ka u\u010desnicima 36. Beogradskog maratona. Na Mostu na Adi izme\u0111u 13. i 15. kilometra trke...","og_url":"https:\/\/www.bgf.rs\/lt\/beogradska-filharmonija-bodrila-trkace-36-beogradskog-maratona\/","og_site_name":"Beogradska filharmonija","article_published_time":"2023-04-23T15:55:26+00:00","article_modified_time":"2023-04-23T15:57:22+00:00","og_image":[{"width":1400,"height":933,"url":"http:\/\/www.bgf.rs\/wp-content\/uploads\/2023\/04\/bgf-bgd-maraton_MDJ4801.jpg","type":"image\/jpeg"}],"author":"Petar","twitter_card":"summary_large_image","twitter_creator":"@BGFilharmonija","twitter_site":"@BGFilharmonija","twitter_misc":{"\u041d\u0430\u043f\u0438\u0441\u0430\u043d\u043e \u043e\u0434":"Petar","\u041f\u0440\u043e\u0446\u0435\u045a\u0435\u043d\u043e \u0432\u0440\u0435\u043c\u0435 \u0447\u0438\u0442\u0430\u045a\u0430":"1 \u043c\u0438\u043d\u0443\u0442"},"schema":{"@context":"https:\/\/schema.org","@graph":[{"@type":"WebPage","@id":"https:\/\/www.bgf.rs\/lt\/beogradska-filharmonija-bodrila-trkace-36-beogradskog-maratona\/","url":"https:\/\/www.bgf.rs\/lt\/beogradska-filharmonija-bodrila-trkace-36-beogradskog-maratona\/","name":"Beogradska filharmonija bodrila trka\u010de 36. Beogradskog maratona | Beogradska filharmonija","isPartOf":{"@id":"https:\/\/www.bgf.rs\/#website"},"primaryImageOfPage":{"@id":"https:\/\/www.bgf.rs\/lt\/beogradska-filharmonija-bodrila-trkace-36-beogradskog-maratona\/#primaryimage"},"image":{"@id":"https:\/\/www.bgf.rs\/lt\/beogradska-filharmonija-bodrila-trkace-36-beogradskog-maratona\/#primaryimage"},"thumbnailUrl":"https:\/\/www.bgf.rs\/wp-content\/uploads\/2023\/04\/bgf-bgd-maraton_MDJ4801.jpg","datePublished":"2023-04-23T15:55:26+00:00","dateModified":"2023-04-23T15:57:22+00:00","author":{"@id":"https:\/\/www.bgf.rs\/#\/schema\/person\/60d9449f9258712254a02ae331444b0b"},"description":"Beogradska filharmonija bila je muzi\u010dka podr\u0161ka u\u010desnicima 36. Beogradskog maratona. Na Mostu na Adi izme\u0111u 13. i 15. kilometra trke...","breadcrumb":{"@id":"https:\/\/www.bgf.rs\/lt\/beogradska-filharmonija-bodrila-trkace-36-beogradskog-maratona\/#breadcrumb"},"inLanguage":"sr-RS","potentialAction":[{"@type":"ReadAction","target":["https:\/\/www.bgf.rs\/lt\/beogradska-filharmonija-bodrila-trkace-36-beogradskog-maratona\/"]}]},{"@type":"ImageObject","inLanguage":"sr-RS","@id":"https:\/\/www.bgf.rs\/lt\/beogradska-filharmonija-bodrila-trkace-36-beogradskog-maratona\/#primaryimage","url":"https:\/\/www.bgf.rs\/wp-content\/uploads\/2023\/04\/bgf-bgd-maraton_MDJ4801.jpg","contentUrl":"https:\/\/www.bgf.rs\/wp-content\/uploads\/2023\/04\/bgf-bgd-maraton_MDJ4801.jpg","width":1400,"height":933},{"@type":"BreadcrumbList","@id":"https:\/\/www.bgf.rs\/lt\/beogradska-filharmonija-bodrila-trkace-36-beogradskog-maratona\/#breadcrumb","itemListElement":[{"@type":"ListItem","position":1,"name":"Home","item":"https:\/\/www.bgf.rs\/"},{"@type":"ListItem","position":2,"name":"Beogradska filharmonija bodrila trka\u010de 36. Beogradskog maratona"}]},{"@type":"WebSite","@id":"https:\/\/www.bgf.rs\/#website","url":"https:\/\/www.bgf.rs\/","name":"Beogradska filharmonija","description":"Samo muzika - jer do\u017eivljaj nema cenu!","potentialAction":[{"@type":"SearchAction","target":{"@type":"EntryPoint","urlTemplate":"https:\/\/www.bgf.rs\/?s={search_term_string}"},"query-input":{"@type":"PropertyValueSpecification","valueRequired":true,"valueName":"search_term_string"}}],"inLanguage":"sr-RS"},{"@type":"Person","@id":"https:\/\/www.bgf.rs\/#\/schema\/person\/60d9449f9258712254a02ae331444b0b","name":"Petar","image":{"@type":"ImageObject","inLanguage":"sr-RS","@id":"https:\/\/www.bgf.rs\/#\/schema\/person\/image\/","url":"https:\/\/secure.gravatar.com\/avatar\/9ed0a4f8d9017f4faad4087d58438d000211662e0728fb57bdc56c94291a9ec1?s=96&d=mm&r=g","contentUrl":"https:\/\/secure.gravatar.com\/avatar\/9ed0a4f8d9017f4faad4087d58438d000211662e0728fb57bdc56c94291a9ec1?s=96&d=mm&r=g","caption":"Petar"},"url":"https:\/\/www.bgf.rs\/author\/petar\/"}]}},"_links":{"self":[{"href":"https:\/\/www.bgf.rs\/lt\/wp-json\/wp\/v2\/posts\/100886\/"}],"collection":[{"href":"https:\/\/www.bgf.rs\/lt\/wp-json\/wp\/v2\/posts\/"}],"about":[{"href":"https:\/\/www.bgf.rs\/lt\/wp-json\/wp\/v2\/types\/post\/"}],"author":[{"embeddable":true,"href":"https:\/\/www.bgf.rs\/lt\/wp-json\/wp\/v2\/users\/6\/"}],"replies":[{"embeddable":true,"href":"https:\/\/www.bgf.rs\/lt\/wp-json\/wp\/v2\/comments\/?post=100886"}],"version-history":[{"count":0,"href":"https:\/\/www.bgf.rs\/lt\/wp-json\/wp\/v2\/posts\/100886\/revisions\/"}],"wp:featuredmedia":[{"embeddable":true,"href":"https:\/\/www.bgf.rs\/lt\/wp-json\/wp\/v2\/media\/100885\/"}],"wp:attachment":[{"href":"https:\/\/www.bgf.rs\/lt\/wp-json\/wp\/v2\/media\/?parent=100886"}],"wp:term":[{"taxonomy":"category","embeddable":true,"href":"https:\/\/www.bgf.rs\/lt\/wp-json\/wp\/v2\/categories\/?post=100886"},{"taxonomy":"post_tag","embeddable":true,"href":"https:\/\/www.bgf.rs\/lt\/wp-json\/wp\/v2\/tags\/?post=100886"}],"curies":[{"name":"wp","href":"https:\/\/api.w.org\/{rel}","templated":true}]}}