{"id":8595,"date":"2016-10-06T11:35:53","date_gmt":"2016-10-06T11:35:53","guid":{"rendered":"http:\/\/www.bgf.rs\/en\/?p=8595"},"modified":"2016-10-06T11:41:34","modified_gmt":"2016-10-06T11:41:34","slug":"kulenovic-vs-kulenovic","status":"publish","type":"post","link":"https:\/\/www.bgf.rs\/en\/kulenovic-vs-kulenovic\/","title":{"rendered":"Kulenovi\u0107 vs. Kulenovi\u0107"},"content":{"rendered":"<p>The series <em>For Megalomaniacs <\/em>will be opened by the Belgrade Philharmonic\u2019s third commissioned piece &#8211; <em>Boreas, the God of North Wind <\/em>by Vuk Kulenovi\u0107, under the baton of none other than his son Vladimir Kulenovi\u0107, on Friday, 7 October (Kolarac, 8pm). A megalomaniac number of the Belrgade Philharmonic Orchestra soloists will be playing Mozart, while the concert will be rounded off with Strauss\u2019 monumental <em>Thus Spoke Zarathustra<\/em>.<br \/>\n&nbsp;<br \/>\nKulenovi\u0107\u2019s piece <em>Boreas, the God of North Wind<\/em> is one of five pieces commissions by the Belgrade Philharmonic Orchestra to open the concert season 2016\/17, in accordance with its thematic series.\u00a0The composer admits to being obsessed and drawn to this connection and play of programmatic and abstract. He explained the first of many riddles that the BPO musicians will be solving in this concert: \u201cI let the music say what the words in the title of the piece cannot convey, and let the words give the name to what only the music can convey. But what exactly I wanted to say \u2013 I don\u2019t even know it myself. It is the same in this case, I am leaving it to the musicians and the listeners to find out what I don\u2019t know\u201d.<br \/>\n&nbsp;<br \/>\nAlthough he has conducted his father\u2019s music before, this will be the first time Vladimir Kulenovi\u0107 will be premiering it: \u201cThe largest part of a conductor\u2019s work is to study the composer in order to identify oneself with his\/her work. However, in this case this step is automatic, because it is a language in which I understand every word\u201c, says young Kulenovi\u0107, proud of the opportunity to join his farther in the final stage of this composition\u2019s creation.<br \/>\n&nbsp;<br \/>\n<a href=\"http:\/\/www.bgf.rs\/\/wp-content\/uploads\/2016\/10\/Vuk-Vladimir-Kulenovic.jpg\"><img loading=\"lazy\" decoding=\"async\" class=\"aligncenter size-full wp-image-8588\" src=\"http:\/\/www.bgf.rs\/\/wp-content\/uploads\/2016\/10\/Vuk-Vladimir-Kulenovic.jpg\" alt=\"Vuk &amp; Vladimir Kulenovic\" width=\"600\" height=\"800\" \/><\/a><br \/>\n&nbsp;<br \/>\n<em>Sinfonia concertante, <\/em>one of the greatest mysteries in the history of music caused by the uncertainty of whether it was indeed written by Mozart, will be performed by Bojan Pe\u0161i\u0107 (oboe), Mihailo Samoran (clarinet), Nikola \u0106iri\u0107 (horn) and Sava Djuri\u0107 (bassoon). As for the other one, the greatest enigma about the meaning of life and the nature of the universe, it will be debated by the Belgrade Philharmonic Orchestra in Strauss\u2019 <em>Zarathustra<\/em>, a piece that became especially popular after it featured in Kubrick\u2019s <em>2001: A Space Odyssey<\/em>.<br \/>\n&nbsp;<br \/>\n\u201cMozart was the first megalomaniac, a visionary and a musical revolutionary, who defined the next step, whereas Strauss took a step further, although in a different way. It is necessary to be a megalomaniac if one wants to be a cog in the mechanism of evolution; we need to make big plans for all that is brave and noble\u201d, younger Kulenovi\u0107 gave is interpretation of this concept. The next concert from the series dedicated to those who always expect more will be conducted by Uro\u0161 Lajovic on 25 November.<\/p>\n","protected":false},"excerpt":{"rendered":"<p>The series For Megalomaniacs will be opened by the Belgrade Philharmonic\u2019s third commissioned piece &#8211; Boreas, the God of North Wind by Vuk Kulenovi\u0107, under the baton of none other than his son Vladimir Kulenovi\u0107, on Friday, 7 October (Kolarac, 8pm). A megalomaniac number of the Belrgade Philharmonic Orchestra soloists will be playing Mozart, while [&hellip;]<\/p>\n","protected":false},"author":1,"featured_media":8582,"comment_status":"open","ping_status":"open","sticky":false,"template":"","format":"standard","meta":{"_acf_changed":false,"footnotes":""},"categories":[112],"tags":[],"class_list":["post-8595","post","type-post","status-publish","format-standard","has-post-thumbnail","hentry","category-news-en"],"acf":[],"yoast_head":"<!-- This site is optimized with the Yoast SEO plugin v23.4 - https:\/\/yoast.com\/wordpress\/plugins\/seo\/ -->\n<title>Kulenovi\u0107 vs. Kulenovi\u0107 | Beogradska filharmonija<\/title>\n<meta name=\"robots\" content=\"index, follow, max-snippet:-1, max-image-preview:large, max-video-preview:-1\" \/>\n<link rel=\"canonical\" href=\"https:\/\/www.bgf.rs\/kulenovic-vs-kulenovic\/\" \/>\n<meta property=\"og:locale\" content=\"sr_RS\" \/>\n<meta property=\"og:type\" content=\"article\" \/>\n<meta property=\"og:title\" content=\"Kulenovi\u0107 vs. Kulenovi\u0107 | Beogradska filharmonija\" \/>\n<meta property=\"og:description\" content=\"The series For Megalomaniacs will be opened by the Belgrade Philharmonic\u2019s third commissioned piece &#8211; Boreas, the God of North Wind by Vuk Kulenovi\u0107, under the baton of none other than his son Vladimir Kulenovi\u0107, on Friday, 7 October (Kolarac, 8pm). A megalomaniac number of the Belrgade Philharmonic Orchestra soloists will be playing Mozart, while [&hellip;]\" \/>\n<meta property=\"og:url\" content=\"https:\/\/www.bgf.rs\/en\/kulenovic-vs-kulenovic\/\" \/>\n<meta property=\"og:site_name\" content=\"Beogradska filharmonija\" \/>\n<meta property=\"article:published_time\" content=\"2016-10-06T11:35:53+00:00\" \/>\n<meta property=\"article:modified_time\" content=\"2016-10-06T11:41:34+00:00\" \/>\n<meta property=\"og:image\" content=\"https:\/\/www.bgf.rs\/wp-content\/uploads\/2016\/10\/Kulenovic-5.jpg\" \/>\n\t<meta property=\"og:image:width\" content=\"1170\" \/>\n\t<meta property=\"og:image:height\" content=\"450\" \/>\n\t<meta property=\"og:image:type\" content=\"image\/jpeg\" \/>\n<meta name=\"author\" content=\"bgf\" \/>\n<meta name=\"twitter:card\" content=\"summary_large_image\" \/>\n<meta name=\"twitter:creator\" content=\"@BGFilharmonija\" \/>\n<meta name=\"twitter:site\" content=\"@BGFilharmonija\" \/>\n<meta name=\"twitter:label1\" content=\"\u041d\u0430\u043f\u0438\u0441\u0430\u043d\u043e \u043e\u0434\" \/>\n\t<meta name=\"twitter:data1\" content=\"bgf\" \/>\n\t<meta name=\"twitter:label2\" content=\"\u041f\u0440\u043e\u0446\u0435\u045a\u0435\u043d\u043e \u0432\u0440\u0435\u043c\u0435 \u0447\u0438\u0442\u0430\u045a\u0430\" \/>\n\t<meta name=\"twitter:data2\" content=\"2 \u043c\u0438\u043d\u0443\u0442\u0430\" \/>\n<script type=\"application\/ld+json\" class=\"yoast-schema-graph\">{\"@context\":\"https:\/\/schema.org\",\"@graph\":[{\"@type\":\"WebPage\",\"@id\":\"https:\/\/www.bgf.rs\/en\/kulenovic-vs-kulenovic\/\",\"url\":\"https:\/\/www.bgf.rs\/en\/kulenovic-vs-kulenovic\/\",\"name\":\"Kulenovi\u0107 vs. Kulenovi\u0107 | Beogradska filharmonija\",\"isPartOf\":{\"@id\":\"https:\/\/www.bgf.rs\/#website\"},\"primaryImageOfPage\":{\"@id\":\"https:\/\/www.bgf.rs\/en\/kulenovic-vs-kulenovic\/#primaryimage\"},\"image\":{\"@id\":\"https:\/\/www.bgf.rs\/en\/kulenovic-vs-kulenovic\/#primaryimage\"},\"thumbnailUrl\":\"https:\/\/www.bgf.rs\/wp-content\/uploads\/2016\/10\/Kulenovic-5.jpg\",\"datePublished\":\"2016-10-06T11:35:53+00:00\",\"dateModified\":\"2016-10-06T11:41:34+00:00\",\"author\":{\"@id\":\"https:\/\/www.bgf.rs\/#\/schema\/person\/46fa53958df31282374baf403ec8bc64\"},\"breadcrumb\":{\"@id\":\"https:\/\/www.bgf.rs\/en\/kulenovic-vs-kulenovic\/#breadcrumb\"},\"inLanguage\":\"sr-RS\",\"potentialAction\":[{\"@type\":\"ReadAction\",\"target\":[\"https:\/\/www.bgf.rs\/en\/kulenovic-vs-kulenovic\/\"]}]},{\"@type\":\"ImageObject\",\"inLanguage\":\"sr-RS\",\"@id\":\"https:\/\/www.bgf.rs\/en\/kulenovic-vs-kulenovic\/#primaryimage\",\"url\":\"https:\/\/www.bgf.rs\/wp-content\/uploads\/2016\/10\/Kulenovic-5.jpg\",\"contentUrl\":\"https:\/\/www.bgf.rs\/wp-content\/uploads\/2016\/10\/Kulenovic-5.jpg\",\"width\":1170,\"height\":450},{\"@type\":\"BreadcrumbList\",\"@id\":\"https:\/\/www.bgf.rs\/en\/kulenovic-vs-kulenovic\/#breadcrumb\",\"itemListElement\":[{\"@type\":\"ListItem\",\"position\":1,\"name\":\"Home\",\"item\":\"https:\/\/www.bgf.rs\/\"},{\"@type\":\"ListItem\",\"position\":2,\"name\":\"Kulenovi\u0107 vs. Kulenovi\u0107\"}]},{\"@type\":\"WebSite\",\"@id\":\"https:\/\/www.bgf.rs\/#website\",\"url\":\"https:\/\/www.bgf.rs\/\",\"name\":\"Beogradska filharmonija\",\"description\":\"Samo muzika - jer do\u017eivljaj nema cenu!\",\"potentialAction\":[{\"@type\":\"SearchAction\",\"target\":{\"@type\":\"EntryPoint\",\"urlTemplate\":\"https:\/\/www.bgf.rs\/?s={search_term_string}\"},\"query-input\":{\"@type\":\"PropertyValueSpecification\",\"valueRequired\":true,\"valueName\":\"search_term_string\"}}],\"inLanguage\":\"sr-RS\"},{\"@type\":\"Person\",\"@id\":\"https:\/\/www.bgf.rs\/#\/schema\/person\/46fa53958df31282374baf403ec8bc64\",\"name\":\"bgf\",\"image\":{\"@type\":\"ImageObject\",\"inLanguage\":\"sr-RS\",\"@id\":\"https:\/\/www.bgf.rs\/#\/schema\/person\/image\/\",\"url\":\"https:\/\/secure.gravatar.com\/avatar\/d576158b2e0a82c6bb7c436f39acc82ca27f10e4a45f05f58b6288c4d1f83d11?s=96&d=mm&r=g\",\"contentUrl\":\"https:\/\/secure.gravatar.com\/avatar\/d576158b2e0a82c6bb7c436f39acc82ca27f10e4a45f05f58b6288c4d1f83d11?s=96&d=mm&r=g\",\"caption\":\"bgf\"},\"url\":\"https:\/\/www.bgf.rs\/author\/bgf\/\"}]}<\/script>\n<!-- \/ Yoast SEO plugin. -->","yoast_head_json":{"title":"Kulenovi\u0107 vs. Kulenovi\u0107 | Beogradska filharmonija","robots":{"index":"index","follow":"follow","max-snippet":"max-snippet:-1","max-image-preview":"max-image-preview:large","max-video-preview":"max-video-preview:-1"},"canonical":"https:\/\/www.bgf.rs\/kulenovic-vs-kulenovic\/","og_locale":"sr_RS","og_type":"article","og_title":"Kulenovi\u0107 vs. Kulenovi\u0107 | Beogradska filharmonija","og_description":"The series For Megalomaniacs will be opened by the Belgrade Philharmonic\u2019s third commissioned piece &#8211; Boreas, the God of North Wind by Vuk Kulenovi\u0107, under the baton of none other than his son Vladimir Kulenovi\u0107, on Friday, 7 October (Kolarac, 8pm). A megalomaniac number of the Belrgade Philharmonic Orchestra soloists will be playing Mozart, while [&hellip;]","og_url":"https:\/\/www.bgf.rs\/en\/kulenovic-vs-kulenovic\/","og_site_name":"Beogradska filharmonija","article_published_time":"2016-10-06T11:35:53+00:00","article_modified_time":"2016-10-06T11:41:34+00:00","og_image":[{"width":1170,"height":450,"url":"https:\/\/www.bgf.rs\/wp-content\/uploads\/2016\/10\/Kulenovic-5.jpg","type":"image\/jpeg"}],"author":"bgf","twitter_card":"summary_large_image","twitter_creator":"@BGFilharmonija","twitter_site":"@BGFilharmonija","twitter_misc":{"\u041d\u0430\u043f\u0438\u0441\u0430\u043d\u043e \u043e\u0434":"bgf","\u041f\u0440\u043e\u0446\u0435\u045a\u0435\u043d\u043e \u0432\u0440\u0435\u043c\u0435 \u0447\u0438\u0442\u0430\u045a\u0430":"2 \u043c\u0438\u043d\u0443\u0442\u0430"},"schema":{"@context":"https:\/\/schema.org","@graph":[{"@type":"WebPage","@id":"https:\/\/www.bgf.rs\/en\/kulenovic-vs-kulenovic\/","url":"https:\/\/www.bgf.rs\/en\/kulenovic-vs-kulenovic\/","name":"Kulenovi\u0107 vs. Kulenovi\u0107 | Beogradska filharmonija","isPartOf":{"@id":"https:\/\/www.bgf.rs\/#website"},"primaryImageOfPage":{"@id":"https:\/\/www.bgf.rs\/en\/kulenovic-vs-kulenovic\/#primaryimage"},"image":{"@id":"https:\/\/www.bgf.rs\/en\/kulenovic-vs-kulenovic\/#primaryimage"},"thumbnailUrl":"https:\/\/www.bgf.rs\/wp-content\/uploads\/2016\/10\/Kulenovic-5.jpg","datePublished":"2016-10-06T11:35:53+00:00","dateModified":"2016-10-06T11:41:34+00:00","author":{"@id":"https:\/\/www.bgf.rs\/#\/schema\/person\/46fa53958df31282374baf403ec8bc64"},"breadcrumb":{"@id":"https:\/\/www.bgf.rs\/en\/kulenovic-vs-kulenovic\/#breadcrumb"},"inLanguage":"sr-RS","potentialAction":[{"@type":"ReadAction","target":["https:\/\/www.bgf.rs\/en\/kulenovic-vs-kulenovic\/"]}]},{"@type":"ImageObject","inLanguage":"sr-RS","@id":"https:\/\/www.bgf.rs\/en\/kulenovic-vs-kulenovic\/#primaryimage","url":"https:\/\/www.bgf.rs\/wp-content\/uploads\/2016\/10\/Kulenovic-5.jpg","contentUrl":"https:\/\/www.bgf.rs\/wp-content\/uploads\/2016\/10\/Kulenovic-5.jpg","width":1170,"height":450},{"@type":"BreadcrumbList","@id":"https:\/\/www.bgf.rs\/en\/kulenovic-vs-kulenovic\/#breadcrumb","itemListElement":[{"@type":"ListItem","position":1,"name":"Home","item":"https:\/\/www.bgf.rs\/"},{"@type":"ListItem","position":2,"name":"Kulenovi\u0107 vs. Kulenovi\u0107"}]},{"@type":"WebSite","@id":"https:\/\/www.bgf.rs\/#website","url":"https:\/\/www.bgf.rs\/","name":"Beogradska filharmonija","description":"Samo muzika - jer do\u017eivljaj nema cenu!","potentialAction":[{"@type":"SearchAction","target":{"@type":"EntryPoint","urlTemplate":"https:\/\/www.bgf.rs\/?s={search_term_string}"},"query-input":{"@type":"PropertyValueSpecification","valueRequired":true,"valueName":"search_term_string"}}],"inLanguage":"sr-RS"},{"@type":"Person","@id":"https:\/\/www.bgf.rs\/#\/schema\/person\/46fa53958df31282374baf403ec8bc64","name":"bgf","image":{"@type":"ImageObject","inLanguage":"sr-RS","@id":"https:\/\/www.bgf.rs\/#\/schema\/person\/image\/","url":"https:\/\/secure.gravatar.com\/avatar\/d576158b2e0a82c6bb7c436f39acc82ca27f10e4a45f05f58b6288c4d1f83d11?s=96&d=mm&r=g","contentUrl":"https:\/\/secure.gravatar.com\/avatar\/d576158b2e0a82c6bb7c436f39acc82ca27f10e4a45f05f58b6288c4d1f83d11?s=96&d=mm&r=g","caption":"bgf"},"url":"https:\/\/www.bgf.rs\/author\/bgf\/"}]}},"_links":{"self":[{"href":"https:\/\/www.bgf.rs\/en\/wp-json\/wp\/v2\/posts\/8595\/"}],"collection":[{"href":"https:\/\/www.bgf.rs\/en\/wp-json\/wp\/v2\/posts\/"}],"about":[{"href":"https:\/\/www.bgf.rs\/en\/wp-json\/wp\/v2\/types\/post\/"}],"author":[{"embeddable":true,"href":"https:\/\/www.bgf.rs\/en\/wp-json\/wp\/v2\/users\/1\/"}],"replies":[{"embeddable":true,"href":"https:\/\/www.bgf.rs\/en\/wp-json\/wp\/v2\/comments\/?post=8595"}],"version-history":[{"count":0,"href":"https:\/\/www.bgf.rs\/en\/wp-json\/wp\/v2\/posts\/8595\/revisions\/"}],"wp:featuredmedia":[{"embeddable":true,"href":"https:\/\/www.bgf.rs\/en\/wp-json\/wp\/v2\/media\/8582\/"}],"wp:attachment":[{"href":"https:\/\/www.bgf.rs\/en\/wp-json\/wp\/v2\/media\/?parent=8595"}],"wp:term":[{"taxonomy":"category","embeddable":true,"href":"https:\/\/www.bgf.rs\/en\/wp-json\/wp\/v2\/categories\/?post=8595"},{"taxonomy":"post_tag","embeddable":true,"href":"https:\/\/www.bgf.rs\/en\/wp-json\/wp\/v2\/tags\/?post=8595"}],"curies":[{"name":"wp","href":"https:\/\/api.w.org\/{rel}","templated":true}]}}