{"id":8175,"date":"2016-09-12T13:16:33","date_gmt":"2016-09-12T13:16:33","guid":{"rendered":"http:\/\/www.bgf.rs\/en\/%d0%bf%d1%80%d0%b5%d0%b4%d1%81%d1%82%d0%b0%d0%b2%d1%99%d0%b5%d0%bd-%d0%b3%d0%b0%d0%b1%d1%80%d0%b8%d1%98%d0%b5%d0%bb-%d1%84%d0%b5%d0%bb%d1%86-%d0%bd%d0%be%d0%b2%d0%b8-%d1%88%d0%b5%d1%84-%d0%b4%d0%b8\/"},"modified":"2016-09-18T17:18:32","modified_gmt":"2016-09-18T17:18:32","slug":"gabriel-feltz-the-new-bpo-chief-conductor-introduced","status":"publish","type":"post","link":"https:\/\/www.bgf.rs\/en\/gabriel-feltz-the-new-bpo-chief-conductor-introduced\/","title":{"rendered":"Gabriel Feltz, the New BPO Chief Conductor, Introduced"},"content":{"rendered":"<p>The Belgrade Philharmonic Orchestra introduced Gabriel Feltz, the orchestra\u2019s next Chief Conductor as of the season 2017\/18. As the BPO musicians played an important role in the selection of the chief conductor, they extended a warm welcome to their future chief at the get-together organised in the urban ambience of Dor\u0107ol Platz.<br \/>\n&nbsp;<br \/>\n\u201cAs a sign of respect for and connection with your country, its people and culture, it is understood that I first need to learn your language. I have already started studying the basics and, hopefully, by next year when my term as the chief conductor will start, I will be able to communicate in Serbian\u201d, said German conductor Gabriel Feltz, who is also currently engaged as the General Music Director of the Dortmund Opera and the Chief Conductor of the Dortmund Philharmonic Orchestra.<br \/>\n&nbsp;<br \/>\nHe reflected on his first visit to Belgrade in 2009, when he missed the first rehearsal with the orchestra and the preparation of Mahler\u2019s Symphony No 6, owing to the \u201csetback\u201d that he experienced when he arrived in Serbia without his passport.<br \/>\n&nbsp;<br \/>\n\u201cI remember my first impression from the rehearsal and the orchestra that played passionately, emphatically and firmly focused on the score, which I appreciate very much. The Belgrade Philharmonic is a professional orchestra, doing its best at all times, which has made me return here every year with great pleasure\u201d.<br \/>\n&nbsp;<br \/>\nHe was delighted by the invitation to take the job of the chief conductor and the trust shown to him, considering it an excellent opportunity for close cooperation with an orchestra that he genuinely loves: \u201cThank you for the invitation, I take this role very seriously. I am looking forward to working together and I am sure that we will be making phenomenal music\u201d said Gabriel Feltz.<br \/>\n&nbsp;<br \/>\nAt the get-together with the musicians, the future chief conductor also played a game of table tennis with the Concertmaster Miroslav Pavlovi\u0107, while the percussion duo Ivan Marjanovi\u0107 and Aleksandar Radulovi\u0107 were in charge of making good atmosphere and positive rhythm.<br \/>\n&nbsp;<br \/>\nThe main goals of the future chief conductor include upgrading the orchestra\u2019s international reputation, expanding the repertoire range \u2013 with special emphasis on baroque and early classicism, as well as on the works of contemporary composers. He takes keen interest in the music of Serbian composers, especially after becoming acquainted with the works of Milan Risti\u0107 and being impressed by one of his pieces (Symphony No 2).<br \/>\n&nbsp;<br \/>\nGabriel Feltz sees great potential in the BPO musicians and appreciates their passion for grandiose romantic repertoire, as well as the effort they invest in learning new programmes. He highlights orchestra members\u2019 geniality in combination with strong character as an ideal basis for fruitful cooperation on a diverse repertoire. Gabriel Feltz\u2019s signing is a step forward in upgrading the orchestra\u2019s quality and in joining the family of the world\u2019s most distinguished orchestras.<\/p>\n","protected":false},"excerpt":{"rendered":"<p>The Belgrade Philharmonic Orchestra introduced Gabriel Feltz, the orchestra\u2019s next Chief Conductor as of the season 2017\/18. As the BPO musicians played an important role in the selection of the chief conductor, they extended a warm welcome to their future chief at the get-together organised in the urban ambience of Dor\u0107ol Platz. &nbsp; \u201cAs a [&hellip;]<\/p>\n","protected":false},"author":1,"featured_media":8195,"comment_status":"open","ping_status":"open","sticky":false,"template":"","format":"standard","meta":{"_acf_changed":false,"footnotes":""},"categories":[112],"tags":[],"class_list":["post-8175","post","type-post","status-publish","format-standard","has-post-thumbnail","hentry","category-news-en"],"acf":[],"yoast_head":"<!-- This site is optimized with the Yoast SEO plugin v23.4 - https:\/\/yoast.com\/wordpress\/plugins\/seo\/ -->\n<title>Gabriel Feltz, the New BPO Chief Conductor, Introduced | Beogradska filharmonija<\/title>\n<meta name=\"robots\" content=\"index, follow, max-snippet:-1, max-image-preview:large, max-video-preview:-1\" \/>\n<link rel=\"canonical\" href=\"https:\/\/www.bgf.rs\/gabriel-feltz-the-new-bpo-chief-conductor-introduced\/\" \/>\n<meta property=\"og:locale\" content=\"sr_RS\" \/>\n<meta property=\"og:type\" content=\"article\" \/>\n<meta property=\"og:title\" content=\"Gabriel Feltz, the New BPO Chief Conductor, Introduced | Beogradska filharmonija\" \/>\n<meta property=\"og:description\" content=\"The Belgrade Philharmonic Orchestra introduced Gabriel Feltz, the orchestra\u2019s next Chief Conductor as of the season 2017\/18. As the BPO musicians played an important role in the selection of the chief conductor, they extended a warm welcome to their future chief at the get-together organised in the urban ambience of Dor\u0107ol Platz. &nbsp; \u201cAs a [&hellip;]\" \/>\n<meta property=\"og:url\" content=\"https:\/\/www.bgf.rs\/en\/gabriel-feltz-the-new-bpo-chief-conductor-introduced\/\" \/>\n<meta property=\"og:site_name\" content=\"Beogradska filharmonija\" \/>\n<meta property=\"article:published_time\" content=\"2016-09-12T13:16:33+00:00\" \/>\n<meta property=\"article:modified_time\" content=\"2016-09-18T17:18:32+00:00\" \/>\n<meta property=\"og:image\" content=\"https:\/\/www.bgf.rs\/wp-content\/uploads\/2016\/09\/fotofelcfelc.jpg\" \/>\n\t<meta property=\"og:image:width\" content=\"1170\" \/>\n\t<meta property=\"og:image:height\" content=\"450\" \/>\n\t<meta property=\"og:image:type\" content=\"image\/jpeg\" \/>\n<meta name=\"author\" content=\"bgf\" \/>\n<meta name=\"twitter:card\" content=\"summary_large_image\" \/>\n<meta name=\"twitter:creator\" content=\"@BGFilharmonija\" \/>\n<meta name=\"twitter:site\" content=\"@BGFilharmonija\" \/>\n<meta name=\"twitter:label1\" content=\"\u041d\u0430\u043f\u0438\u0441\u0430\u043d\u043e \u043e\u0434\" \/>\n\t<meta name=\"twitter:data1\" content=\"bgf\" \/>\n\t<meta name=\"twitter:label2\" content=\"\u041f\u0440\u043e\u0446\u0435\u045a\u0435\u043d\u043e \u0432\u0440\u0435\u043c\u0435 \u0447\u0438\u0442\u0430\u045a\u0430\" \/>\n\t<meta name=\"twitter:data2\" content=\"2 \u043c\u0438\u043d\u0443\u0442\u0430\" \/>\n<script type=\"application\/ld+json\" class=\"yoast-schema-graph\">{\"@context\":\"https:\/\/schema.org\",\"@graph\":[{\"@type\":\"WebPage\",\"@id\":\"https:\/\/www.bgf.rs\/en\/gabriel-feltz-the-new-bpo-chief-conductor-introduced\/\",\"url\":\"https:\/\/www.bgf.rs\/en\/gabriel-feltz-the-new-bpo-chief-conductor-introduced\/\",\"name\":\"Gabriel Feltz, the New BPO Chief Conductor, Introduced | Beogradska filharmonija\",\"isPartOf\":{\"@id\":\"https:\/\/www.bgf.rs\/#website\"},\"primaryImageOfPage\":{\"@id\":\"https:\/\/www.bgf.rs\/en\/gabriel-feltz-the-new-bpo-chief-conductor-introduced\/#primaryimage\"},\"image\":{\"@id\":\"https:\/\/www.bgf.rs\/en\/gabriel-feltz-the-new-bpo-chief-conductor-introduced\/#primaryimage\"},\"thumbnailUrl\":\"https:\/\/www.bgf.rs\/wp-content\/uploads\/2016\/09\/fotofelcfelc.jpg\",\"datePublished\":\"2016-09-12T13:16:33+00:00\",\"dateModified\":\"2016-09-18T17:18:32+00:00\",\"author\":{\"@id\":\"https:\/\/www.bgf.rs\/#\/schema\/person\/46fa53958df31282374baf403ec8bc64\"},\"breadcrumb\":{\"@id\":\"https:\/\/www.bgf.rs\/en\/gabriel-feltz-the-new-bpo-chief-conductor-introduced\/#breadcrumb\"},\"inLanguage\":\"sr-RS\",\"potentialAction\":[{\"@type\":\"ReadAction\",\"target\":[\"https:\/\/www.bgf.rs\/en\/gabriel-feltz-the-new-bpo-chief-conductor-introduced\/\"]}]},{\"@type\":\"ImageObject\",\"inLanguage\":\"sr-RS\",\"@id\":\"https:\/\/www.bgf.rs\/en\/gabriel-feltz-the-new-bpo-chief-conductor-introduced\/#primaryimage\",\"url\":\"https:\/\/www.bgf.rs\/wp-content\/uploads\/2016\/09\/fotofelcfelc.jpg\",\"contentUrl\":\"https:\/\/www.bgf.rs\/wp-content\/uploads\/2016\/09\/fotofelcfelc.jpg\",\"width\":1170,\"height\":450},{\"@type\":\"BreadcrumbList\",\"@id\":\"https:\/\/www.bgf.rs\/en\/gabriel-feltz-the-new-bpo-chief-conductor-introduced\/#breadcrumb\",\"itemListElement\":[{\"@type\":\"ListItem\",\"position\":1,\"name\":\"Home\",\"item\":\"https:\/\/www.bgf.rs\/\"},{\"@type\":\"ListItem\",\"position\":2,\"name\":\"Gabriel Feltz, the New BPO Chief Conductor, Introduced\"}]},{\"@type\":\"WebSite\",\"@id\":\"https:\/\/www.bgf.rs\/#website\",\"url\":\"https:\/\/www.bgf.rs\/\",\"name\":\"Beogradska filharmonija\",\"description\":\"Samo muzika - jer do\u017eivljaj nema cenu!\",\"potentialAction\":[{\"@type\":\"SearchAction\",\"target\":{\"@type\":\"EntryPoint\",\"urlTemplate\":\"https:\/\/www.bgf.rs\/?s={search_term_string}\"},\"query-input\":{\"@type\":\"PropertyValueSpecification\",\"valueRequired\":true,\"valueName\":\"search_term_string\"}}],\"inLanguage\":\"sr-RS\"},{\"@type\":\"Person\",\"@id\":\"https:\/\/www.bgf.rs\/#\/schema\/person\/46fa53958df31282374baf403ec8bc64\",\"name\":\"bgf\",\"image\":{\"@type\":\"ImageObject\",\"inLanguage\":\"sr-RS\",\"@id\":\"https:\/\/www.bgf.rs\/#\/schema\/person\/image\/\",\"url\":\"https:\/\/secure.gravatar.com\/avatar\/d576158b2e0a82c6bb7c436f39acc82ca27f10e4a45f05f58b6288c4d1f83d11?s=96&d=mm&r=g\",\"contentUrl\":\"https:\/\/secure.gravatar.com\/avatar\/d576158b2e0a82c6bb7c436f39acc82ca27f10e4a45f05f58b6288c4d1f83d11?s=96&d=mm&r=g\",\"caption\":\"bgf\"},\"url\":\"https:\/\/www.bgf.rs\/author\/bgf\/\"}]}<\/script>\n<!-- \/ Yoast SEO plugin. -->","yoast_head_json":{"title":"Gabriel Feltz, the New BPO Chief Conductor, Introduced | Beogradska filharmonija","robots":{"index":"index","follow":"follow","max-snippet":"max-snippet:-1","max-image-preview":"max-image-preview:large","max-video-preview":"max-video-preview:-1"},"canonical":"https:\/\/www.bgf.rs\/gabriel-feltz-the-new-bpo-chief-conductor-introduced\/","og_locale":"sr_RS","og_type":"article","og_title":"Gabriel Feltz, the New BPO Chief Conductor, Introduced | Beogradska filharmonija","og_description":"The Belgrade Philharmonic Orchestra introduced Gabriel Feltz, the orchestra\u2019s next Chief Conductor as of the season 2017\/18. As the BPO musicians played an important role in the selection of the chief conductor, they extended a warm welcome to their future chief at the get-together organised in the urban ambience of Dor\u0107ol Platz. &nbsp; \u201cAs a [&hellip;]","og_url":"https:\/\/www.bgf.rs\/en\/gabriel-feltz-the-new-bpo-chief-conductor-introduced\/","og_site_name":"Beogradska filharmonija","article_published_time":"2016-09-12T13:16:33+00:00","article_modified_time":"2016-09-18T17:18:32+00:00","og_image":[{"width":1170,"height":450,"url":"https:\/\/www.bgf.rs\/wp-content\/uploads\/2016\/09\/fotofelcfelc.jpg","type":"image\/jpeg"}],"author":"bgf","twitter_card":"summary_large_image","twitter_creator":"@BGFilharmonija","twitter_site":"@BGFilharmonija","twitter_misc":{"\u041d\u0430\u043f\u0438\u0441\u0430\u043d\u043e \u043e\u0434":"bgf","\u041f\u0440\u043e\u0446\u0435\u045a\u0435\u043d\u043e \u0432\u0440\u0435\u043c\u0435 \u0447\u0438\u0442\u0430\u045a\u0430":"2 \u043c\u0438\u043d\u0443\u0442\u0430"},"schema":{"@context":"https:\/\/schema.org","@graph":[{"@type":"WebPage","@id":"https:\/\/www.bgf.rs\/en\/gabriel-feltz-the-new-bpo-chief-conductor-introduced\/","url":"https:\/\/www.bgf.rs\/en\/gabriel-feltz-the-new-bpo-chief-conductor-introduced\/","name":"Gabriel Feltz, the New BPO Chief Conductor, Introduced | Beogradska filharmonija","isPartOf":{"@id":"https:\/\/www.bgf.rs\/#website"},"primaryImageOfPage":{"@id":"https:\/\/www.bgf.rs\/en\/gabriel-feltz-the-new-bpo-chief-conductor-introduced\/#primaryimage"},"image":{"@id":"https:\/\/www.bgf.rs\/en\/gabriel-feltz-the-new-bpo-chief-conductor-introduced\/#primaryimage"},"thumbnailUrl":"https:\/\/www.bgf.rs\/wp-content\/uploads\/2016\/09\/fotofelcfelc.jpg","datePublished":"2016-09-12T13:16:33+00:00","dateModified":"2016-09-18T17:18:32+00:00","author":{"@id":"https:\/\/www.bgf.rs\/#\/schema\/person\/46fa53958df31282374baf403ec8bc64"},"breadcrumb":{"@id":"https:\/\/www.bgf.rs\/en\/gabriel-feltz-the-new-bpo-chief-conductor-introduced\/#breadcrumb"},"inLanguage":"sr-RS","potentialAction":[{"@type":"ReadAction","target":["https:\/\/www.bgf.rs\/en\/gabriel-feltz-the-new-bpo-chief-conductor-introduced\/"]}]},{"@type":"ImageObject","inLanguage":"sr-RS","@id":"https:\/\/www.bgf.rs\/en\/gabriel-feltz-the-new-bpo-chief-conductor-introduced\/#primaryimage","url":"https:\/\/www.bgf.rs\/wp-content\/uploads\/2016\/09\/fotofelcfelc.jpg","contentUrl":"https:\/\/www.bgf.rs\/wp-content\/uploads\/2016\/09\/fotofelcfelc.jpg","width":1170,"height":450},{"@type":"BreadcrumbList","@id":"https:\/\/www.bgf.rs\/en\/gabriel-feltz-the-new-bpo-chief-conductor-introduced\/#breadcrumb","itemListElement":[{"@type":"ListItem","position":1,"name":"Home","item":"https:\/\/www.bgf.rs\/"},{"@type":"ListItem","position":2,"name":"Gabriel Feltz, the New BPO Chief Conductor, Introduced"}]},{"@type":"WebSite","@id":"https:\/\/www.bgf.rs\/#website","url":"https:\/\/www.bgf.rs\/","name":"Beogradska filharmonija","description":"Samo muzika - jer do\u017eivljaj nema cenu!","potentialAction":[{"@type":"SearchAction","target":{"@type":"EntryPoint","urlTemplate":"https:\/\/www.bgf.rs\/?s={search_term_string}"},"query-input":{"@type":"PropertyValueSpecification","valueRequired":true,"valueName":"search_term_string"}}],"inLanguage":"sr-RS"},{"@type":"Person","@id":"https:\/\/www.bgf.rs\/#\/schema\/person\/46fa53958df31282374baf403ec8bc64","name":"bgf","image":{"@type":"ImageObject","inLanguage":"sr-RS","@id":"https:\/\/www.bgf.rs\/#\/schema\/person\/image\/","url":"https:\/\/secure.gravatar.com\/avatar\/d576158b2e0a82c6bb7c436f39acc82ca27f10e4a45f05f58b6288c4d1f83d11?s=96&d=mm&r=g","contentUrl":"https:\/\/secure.gravatar.com\/avatar\/d576158b2e0a82c6bb7c436f39acc82ca27f10e4a45f05f58b6288c4d1f83d11?s=96&d=mm&r=g","caption":"bgf"},"url":"https:\/\/www.bgf.rs\/author\/bgf\/"}]}},"_links":{"self":[{"href":"https:\/\/www.bgf.rs\/en\/wp-json\/wp\/v2\/posts\/8175\/"}],"collection":[{"href":"https:\/\/www.bgf.rs\/en\/wp-json\/wp\/v2\/posts\/"}],"about":[{"href":"https:\/\/www.bgf.rs\/en\/wp-json\/wp\/v2\/types\/post\/"}],"author":[{"embeddable":true,"href":"https:\/\/www.bgf.rs\/en\/wp-json\/wp\/v2\/users\/1\/"}],"replies":[{"embeddable":true,"href":"https:\/\/www.bgf.rs\/en\/wp-json\/wp\/v2\/comments\/?post=8175"}],"version-history":[{"count":0,"href":"https:\/\/www.bgf.rs\/en\/wp-json\/wp\/v2\/posts\/8175\/revisions\/"}],"wp:featuredmedia":[{"embeddable":true,"href":"https:\/\/www.bgf.rs\/en\/wp-json\/wp\/v2\/media\/8195\/"}],"wp:attachment":[{"href":"https:\/\/www.bgf.rs\/en\/wp-json\/wp\/v2\/media\/?parent=8175"}],"wp:term":[{"taxonomy":"category","embeddable":true,"href":"https:\/\/www.bgf.rs\/en\/wp-json\/wp\/v2\/categories\/?post=8175"},{"taxonomy":"post_tag","embeddable":true,"href":"https:\/\/www.bgf.rs\/en\/wp-json\/wp\/v2\/tags\/?post=8175"}],"curies":[{"name":"wp","href":"https:\/\/api.w.org\/{rel}","templated":true}]}}